{"id":32099,"date":"2024-11-14T22:50:15","date_gmt":"2024-11-14T22:50:15","guid":{"rendered":"https:\/\/defrentealaverdad.com\/?p=32099"},"modified":"2024-11-15T15:06:59","modified_gmt":"2024-11-15T15:06:59","slug":"haitianos-protestan-frente-al-consulado-dominicano-y-piden-boicot-contra-el-pais","status":"publish","type":"post","link":"https:\/\/defrentealaverdad.com\/index.php\/2024\/11\/14\/haitianos-protestan-frente-al-consulado-dominicano-y-piden-boicot-contra-el-pais\/","title":{"rendered":"Haitianos protestan frente al Consulado Dominicano y piden boicot contra el pa\u00eds."},"content":{"rendered":"<p style=\"text-align: justify;\">NY-Manifestantes convocados por el denominado \u00abCommittee to Mobilize Against Dictatorship in Haiti\u00bb (KOMOKODA), se reunieron frente al Consulado de la Rep\u00fablica Dominicana en Nueva York, para protestar contra las deportaciones de haitianos indocumentados que ejecuta el Gobierno Dominicano. La protesta fue organizada como un llamado a boicot contra la Rep\u00fablica Dominicana, con pancartas que denunciaban al pa\u00eds por supuestas pr\u00e1cticas racistas y ped\u00edan la retirada de la naci\u00f3n del consejo de derechos humanos de Naciones Unidas.<\/p>\n<p style=\"text-align: justify;\">Entre los carteles exhibidos se le\u00edan mensajes como \u201cno viajes a la racista Rep\u00fablica Dominicana\u201d, \u201cfuera Rep\u00fablica Dominicana del consejo de derechos humanos de la ONU\u201d, y \u201cboicot contra todos los productos dominicanos y el negocio del turismo\u201d. Otra pancarta, con tono ir\u00f3nico, dec\u00eda <em>\u201cRep\u00fablica Dominicana sufre de trastorno de estupidez org\u00e1nica, tambi\u00e9n conocido como racismo\u201d.<\/em><\/p>\n<p style=\"text-align: justify;\">En la misma acera de la calle 43, un grupo de dominicanos respondi\u00f3 a las acusaciones. Algunos manifestantes mostraron fotos de dominicanos que se alega fueron asesinados por haitianos en territorio dominicano. Los manifestantes dominicanos usaron las im\u00e1genes como argumento para defender las pol\u00edticas de seguridad y migraci\u00f3n de su pa\u00eds. La tensi\u00f3n aument\u00f3 con los enfrentamientos verbales y los insultos intercambiados entre ambos grupos, evidenciando la polarizaci\u00f3n y el conflicto latente entre las comunidades.<\/p>\n<p style=\"text-align: justify;\">Un elemento curioso de la protesta, fue un veh\u00edculo que circulaba frente a los manifestantes con pantallas en sus laterales, el veh\u00edculo proyectaba mensajes aparentemente contradictorios. En un lado se le\u00eda: <em>\u201cHaitianos est\u00e1n cometiendo un genocidio en la Rep\u00fablica Dominicana, no somos racistas, es que nos est\u00e1n asesinando\u201d,<\/em> en una aparente defensa de la postura dominicana. Sin embargo, en la parte trasera del veh\u00edculo, se mostraba la convocatoria de KOMOKODA para la protesta, generando confusi\u00f3n entre los asistentes y sugiriendo que el veh\u00edculo pudiera estar trabajando para ambos grupos de manifestantes.<\/p>\n<p>Fuente: Luis Alfredo Collado<\/p>\n","protected":false},"excerpt":{"rendered":"<p>NY-Manifestantes convocados por el denominado \u00abCommittee to Mobilize Against Dictatorship in Haiti\u00bb (KOMOKODA), se reunieron<\/p>\n","protected":false},"author":4,"featured_media":32100,"comment_status":"open","ping_status":"open","sticky":false,"template":"","format":"standard","meta":{"footnotes":""},"categories":[7],"tags":[],"class_list":["post-32099","post","type-post","status-publish","format-standard","has-post-thumbnail","hentry","category-nacionales"],"_links":{"self":[{"href":"https:\/\/defrentealaverdad.com\/index.php\/wp-json\/wp\/v2\/posts\/32099","targetHints":{"allow":["GET"]}}],"collection":[{"href":"https:\/\/defrentealaverdad.com\/index.php\/wp-json\/wp\/v2\/posts"}],"about":[{"href":"https:\/\/defrentealaverdad.com\/index.php\/wp-json\/wp\/v2\/types\/post"}],"author":[{"embeddable":true,"href":"https:\/\/defrentealaverdad.com\/index.php\/wp-json\/wp\/v2\/users\/4"}],"replies":[{"embeddable":true,"href":"https:\/\/defrentealaverdad.com\/index.php\/wp-json\/wp\/v2\/comments?post=32099"}],"version-history":[{"count":1,"href":"https:\/\/defrentealaverdad.com\/index.php\/wp-json\/wp\/v2\/posts\/32099\/revisions"}],"predecessor-version":[{"id":32101,"href":"https:\/\/defrentealaverdad.com\/index.php\/wp-json\/wp\/v2\/posts\/32099\/revisions\/32101"}],"wp:featuredmedia":[{"embeddable":true,"href":"https:\/\/defrentealaverdad.com\/index.php\/wp-json\/wp\/v2\/media\/32100"}],"wp:attachment":[{"href":"https:\/\/defrentealaverdad.com\/index.php\/wp-json\/wp\/v2\/media?parent=32099"}],"wp:term":[{"taxonomy":"category","embeddable":true,"href":"https:\/\/defrentealaverdad.com\/index.php\/wp-json\/wp\/v2\/categories?post=32099"},{"taxonomy":"post_tag","embeddable":true,"href":"https:\/\/defrentealaverdad.com\/index.php\/wp-json\/wp\/v2\/tags?post=32099"}],"curies":[{"name":"wp","href":"https:\/\/api.w.org\/{rel}","templated":true}]}}