{"id":32095,"date":"2024-11-14T22:45:04","date_gmt":"2024-11-14T22:45:04","guid":{"rendered":"https:\/\/defrentealaverdad.com\/?p=32095"},"modified":"2024-11-15T15:06:19","modified_gmt":"2024-11-15T15:06:19","slug":"termometro-tv-la-revista-da-inicio-a-la-navidad-con-invitados-especiales-y-musica-en-vivo","status":"publish","type":"post","link":"https:\/\/defrentealaverdad.com\/index.php\/2024\/11\/14\/termometro-tv-la-revista-da-inicio-a-la-navidad-con-invitados-especiales-y-musica-en-vivo\/","title":{"rendered":"\u201cTerm\u00f3metro TV La Revista\u201d da inicio a la Navidad con invitados especiales y m\u00fasica en vivo"},"content":{"rendered":"<p style=\"text-align: justify;\">Santo Domingo, \u2013 El programa televisivo \u201cTerm\u00f3metro TV La Revista\u201d celebr\u00f3 la llegada de la temporada navide\u00f1a con una transmisi\u00f3n especial cargada de alegr\u00eda y talento, destac\u00e1ndose la participaci\u00f3n de la reconocida cantante Marcel Piel Morena, quien deleit\u00f3 al p\u00fablico con su voz en un ambiente lleno de esp\u00edritu festivo. La ocasi\u00f3n tambi\u00e9n cont\u00f3 con la presencia especial de la comunicadora Coralia Lebron como invitada.<\/p>\n<p style=\"text-align: justify;\">\u201cTerm\u00f3metro TV La Revista\u201d, que se transmite cada domingo de 4:00 a 5:00 de la tarde por el canal seis, El Seis, est\u00e1 dirigido por los experimentados comunicadores Rafael Shanlate, F\u00e9lix Tena y Magalis de la Cruz, quienes, semana tras semana, abordan los temas m\u00e1s relevantes de la actualidad nacional e internacional. A ellos se une Mariela Cuello, quien colabora estrechamente en la producci\u00f3n del programa, asegurando que cada edici\u00f3n cuente con los elementos necesarios para brindar informaci\u00f3n y entretenimiento de calidad.<\/p>\n<p style=\"text-align: justify;\">Con esta edici\u00f3n especial, el equipo celebr\u00f3 la llegada de la \u00e9poca navide\u00f1a, promoviendo un mensaje de uni\u00f3n y esperanza para todos los dominicanos. \u201cTerm\u00f3metro TV La Revista\u201d ha preparado diversas sorpresas para esta temporada navide\u00f1a, que buscan compartir con la audiencia momentos de alegr\u00eda y reflexi\u00f3n.<\/p>\n<p>Fuente: Term\u00f3metro TV<\/p>\n","protected":false},"excerpt":{"rendered":"<p>Santo Domingo, \u2013 El programa televisivo \u201cTerm\u00f3metro TV La Revista\u201d celebr\u00f3 la llegada de la<\/p>\n","protected":false},"author":4,"featured_media":32096,"comment_status":"open","ping_status":"open","sticky":false,"template":"","format":"standard","meta":{"footnotes":""},"categories":[6,7],"tags":[],"class_list":["post-32095","post","type-post","status-publish","format-standard","has-post-thumbnail","hentry","category-espectaculos","category-nacionales"],"_links":{"self":[{"href":"https:\/\/defrentealaverdad.com\/index.php\/wp-json\/wp\/v2\/posts\/32095","targetHints":{"allow":["GET"]}}],"collection":[{"href":"https:\/\/defrentealaverdad.com\/index.php\/wp-json\/wp\/v2\/posts"}],"about":[{"href":"https:\/\/defrentealaverdad.com\/index.php\/wp-json\/wp\/v2\/types\/post"}],"author":[{"embeddable":true,"href":"https:\/\/defrentealaverdad.com\/index.php\/wp-json\/wp\/v2\/users\/4"}],"replies":[{"embeddable":true,"href":"https:\/\/defrentealaverdad.com\/index.php\/wp-json\/wp\/v2\/comments?post=32095"}],"version-history":[{"count":1,"href":"https:\/\/defrentealaverdad.com\/index.php\/wp-json\/wp\/v2\/posts\/32095\/revisions"}],"predecessor-version":[{"id":32097,"href":"https:\/\/defrentealaverdad.com\/index.php\/wp-json\/wp\/v2\/posts\/32095\/revisions\/32097"}],"wp:featuredmedia":[{"embeddable":true,"href":"https:\/\/defrentealaverdad.com\/index.php\/wp-json\/wp\/v2\/media\/32096"}],"wp:attachment":[{"href":"https:\/\/defrentealaverdad.com\/index.php\/wp-json\/wp\/v2\/media?parent=32095"}],"wp:term":[{"taxonomy":"category","embeddable":true,"href":"https:\/\/defrentealaverdad.com\/index.php\/wp-json\/wp\/v2\/categories?post=32095"},{"taxonomy":"post_tag","embeddable":true,"href":"https:\/\/defrentealaverdad.com\/index.php\/wp-json\/wp\/v2\/tags?post=32095"}],"curies":[{"name":"wp","href":"https:\/\/api.w.org\/{rel}","templated":true}]}}