{"id":32088,"date":"2024-11-14T13:06:18","date_gmt":"2024-11-14T13:06:18","guid":{"rendered":"https:\/\/defrentealaverdad.com\/?p=32088"},"modified":"2024-11-15T15:06:59","modified_gmt":"2024-11-15T15:06:59","slug":"presentan-nuevo-album-nos-ha-nacido-un-nino","status":"publish","type":"post","link":"https:\/\/defrentealaverdad.com\/index.php\/2024\/11\/14\/presentan-nuevo-album-nos-ha-nacido-un-nino\/","title":{"rendered":"Presentan Nuevo \u00e1lbum: \u00abNos Ha Nacido Un Ni\u00f1o\u00bb"},"content":{"rendered":"<blockquote>\n<p style=\"text-align: justify;\"><em>\u00a1Lleg\u00f3 Navidad! Una \u00e9poca para celebrar el nacimiento de Jes\u00fas y disfrutar en compa\u00f1\u00eda de familia y amigos.<\/em><\/p>\n<\/blockquote>\n<p style=\"text-align: justify;\">Orlando, Florida. Noviembre de 2024. \u00bfQu\u00e9 ser\u00eda de esta \u00e9poca sin la m\u00fasica navide\u00f1a? Es por ello que nos emociona anunciar nuestra nueva producci\u00f3n musical: &amp;quot;Nos ha nacido un ni\u00f1o&amp;quot;, primera que realizamos para esta temporada, y que estar\u00e1 disponible en plataformas digitales y Youtube el pr\u00f3ximo viernes 15 de noviembre.<\/p>\n<p style=\"text-align: justify;\"><strong>Sobre el \u00e1lbum<\/strong><\/p>\n<p style=\"text-align: justify;\">En esta producci\u00f3n hemos preparado siete canciones que nos llevan a recordar el nacimiento de nuestro Salvador. \u201cHosanna\u201d fue el single con el que arrancamos las fiestas de fin de a\u00f1o y a trav\u00e9s del cual llegamos al coraz\u00f3n de los oyentes inspir\u00e1ndolos a adorar y dar la bienvenida a Jes\u00fas.<\/p>\n<p style=\"text-align: justify;\">El prop\u00f3sito detr\u00e1s de este \u00e1lbum es mostrar que la verdadera raz\u00f3n de la Navidad \u201cSe Llama Jes\u00fas\u201d, siendo este el nombre del focus track. Este tema cuenta con la participaci\u00f3n de Musiko, uno de los exponentes m\u00e1s destacados de la escena musical urbana. Adem\u00e1s de estar conformada por himnos cl\u00e1sicos como \u201cNoche de Paz\u201d, \u201cAl Mundo Paz\u201d y \u201cVenid y Adoremos\u201d, junto a Lowsan Melgar, tambi\u00e9n se caracteriza por llevar un sonido nuevo a las festividades. Podr\u00e1n escuchar \u201cA Los Hombre Paz\u201d y el tema que lleva el mismo nombre de este trabajo, \u201cNos Ha Nacido Un Ni\u00f1o\u201d.<\/p>\n<p style=\"text-align: justify;\">Estas siete canciones los acompa\u00f1ar\u00e1n para meditar en aquel grandioso d\u00eda en el que nuestro Redentor vino a la Tierra. \u00a1Que en esta Navidad abundemos en alabanzas y amor hacia los dem\u00e1s! Nos gustar\u00eda interactuar con nuestra audiencia en las redes sociales, as\u00ed que no se olviden de seguirnos como mission.musica en Facebook, Instagram, Tiktok y Threads. Tambi\u00e9n pueden disfrutar de los videos musicales en Youtube.<\/p>\n<blockquote>\n<p style=\"text-align: center;\"><em>\u201cPorque nos ha nacido un ni\u00f1o, se nos ha concedido un hijo; la soberan\u00eda reposar\u00e1 sobre sus hombros y se le dar\u00e1n estos nombres: Consejero, Admirable, Dios Fuerte, Padre Eterno, Pr\u00edncipe de Paz&amp;quot; Isa\u00edas 9:6 NVI.<\/em><\/p>\n<\/blockquote>\n<p>Fuente: Fabiola Pach\u00f3n<\/p>\n","protected":false},"excerpt":{"rendered":"<p>\u00a1Lleg\u00f3 Navidad! Una \u00e9poca para celebrar el nacimiento de Jes\u00fas y disfrutar en compa\u00f1\u00eda de<\/p>\n","protected":false},"author":1,"featured_media":32089,"comment_status":"open","ping_status":"open","sticky":false,"template":"","format":"standard","meta":{"footnotes":""},"categories":[7],"tags":[],"class_list":["post-32088","post","type-post","status-publish","format-standard","has-post-thumbnail","hentry","category-nacionales"],"_links":{"self":[{"href":"https:\/\/defrentealaverdad.com\/index.php\/wp-json\/wp\/v2\/posts\/32088","targetHints":{"allow":["GET"]}}],"collection":[{"href":"https:\/\/defrentealaverdad.com\/index.php\/wp-json\/wp\/v2\/posts"}],"about":[{"href":"https:\/\/defrentealaverdad.com\/index.php\/wp-json\/wp\/v2\/types\/post"}],"author":[{"embeddable":true,"href":"https:\/\/defrentealaverdad.com\/index.php\/wp-json\/wp\/v2\/users\/1"}],"replies":[{"embeddable":true,"href":"https:\/\/defrentealaverdad.com\/index.php\/wp-json\/wp\/v2\/comments?post=32088"}],"version-history":[{"count":1,"href":"https:\/\/defrentealaverdad.com\/index.php\/wp-json\/wp\/v2\/posts\/32088\/revisions"}],"predecessor-version":[{"id":32090,"href":"https:\/\/defrentealaverdad.com\/index.php\/wp-json\/wp\/v2\/posts\/32088\/revisions\/32090"}],"wp:featuredmedia":[{"embeddable":true,"href":"https:\/\/defrentealaverdad.com\/index.php\/wp-json\/wp\/v2\/media\/32089"}],"wp:attachment":[{"href":"https:\/\/defrentealaverdad.com\/index.php\/wp-json\/wp\/v2\/media?parent=32088"}],"wp:term":[{"taxonomy":"category","embeddable":true,"href":"https:\/\/defrentealaverdad.com\/index.php\/wp-json\/wp\/v2\/categories?post=32088"},{"taxonomy":"post_tag","embeddable":true,"href":"https:\/\/defrentealaverdad.com\/index.php\/wp-json\/wp\/v2\/tags?post=32088"}],"curies":[{"name":"wp","href":"https:\/\/api.w.org\/{rel}","templated":true}]}}