{"id":32085,"date":"2024-11-14T12:57:19","date_gmt":"2024-11-14T12:57:19","guid":{"rendered":"https:\/\/defrentealaverdad.com\/?p=32085"},"modified":"2024-11-15T15:06:59","modified_gmt":"2024-11-15T15:06:59","slug":"women-economic-forum-se-realizara-este-14-de-noviembre-en-la-universidad-de-houston","status":"publish","type":"post","link":"https:\/\/defrentealaverdad.com\/index.php\/2024\/11\/14\/women-economic-forum-se-realizara-este-14-de-noviembre-en-la-universidad-de-houston\/","title":{"rendered":"Women Economic Forum se realizar\u00e1 este 14 de noviembre en la Universidad de Houston"},"content":{"rendered":"<p style=\"text-align: justify;\">Con el objetivo de impulsar el liderazgo femenino y el desarrollo sostenible, con el encuentro de mujeres l\u00edderes que inspiran, educan y empoderan a trav\u00e9s del intercambio de experiencias, de diversas industrias y pa\u00edses, este jueves 14 de noviembre se llevar\u00e1 a cabo la\u00a0<strong>Primera Edici\u00f3n del Women Economic Forum Houston<\/strong>, en las instalaciones de la Universidad de Houston, en Texas.<\/p>\n<p style=\"text-align: justify;\">Con la participaci\u00f3n de\u00a0<strong>36 conferencistas<\/strong>\u00a0de Estados Unidos, Argentina, Brasil, Venezuela, Colombia, M\u00e9xico, y otros pa\u00edses, el evento estar\u00e1 basado en el evidente compromiso de las lideresas actuales con los puntos establecidos en la Agenda 2030 de las Naciones Unidas y en los 17 Objetivos de Desarrollo Sostenible.<\/p>\n<p style=\"text-align: justify;\">Entre los l\u00edderes y lideresas que estar\u00e1n presentes y ser\u00e1n conferencistas est\u00e1n: Paola Vivas, Ang\u00e9lica Fuentes, Gaby Bravo Hines, \u00a0Mart\u00edn Curiman, Gabriel Najera, Naimeh Salen, Claudia Eusse, Vero R\u00edos, Caro Pereira, Sajitza Mari\u00f1o, Jenny Lindo, Cleo Venegas, Andrea G\u00f3mez, Marta Hern\u00e1ndez, \u00a0Evis Mart\u00ednez, Antonio Porcelli Piussi, Marcia Garc\u00eda, Laura Chimaras, Karen Cubero, Amalia D\u00edaz Enriquez, Carla Youngs, Mar\u00eda Elena Orantes, Marianna Agudello, Yamy P\u00e9rez, Luisana Soto, Josneide Carvalho, Andrea Vergara, Ana\u00eds Berm\u00fadez, Clarice Farina, Andrea Mart\u00ednez, Marisu Fern\u00e1ndez, Andrea Yepez, Yulma Hern\u00e1ndez, Mar\u00eda Alejandra Malaver, \u00a0Ang\u00e9lica Le\u00f3n, Roselin Cabrales.<\/p>\n<p style=\"text-align: justify;\">La actividad ser\u00e1 una invaluable ocasi\u00f3n para que las l\u00edderes mundiales tengan en sus manos las herramientas, el conocimiento y las conexiones necesarias para alcanzar sus metas.<\/p>\n<p style=\"text-align: justify;\">En tal sentido, la Ph.D. Roselin Cabrales, organizadora del evento, destac\u00f3 que la actividad busca impulsar el rol de las mujeres dentro de los cambios pol\u00edticos, sociales y econ\u00f3micos que est\u00e1 viviendo la humanidad.<\/p>\n<p style=\"text-align: justify;\">\u201cSabemos que los desaf\u00edos que tienen las mujeres l\u00edderes son m\u00faltiples, diversos e inmensos, pero juntas somos poderosas y por ende, son importantes este tipo de eventos de escala internacional y con un alto est\u00e1ndar acad\u00e9mico\u201d, resalt\u00f3.<\/p>\n<div id=\"attachment_6196\" class=\"wp-caption alignnone\" style=\"text-align: justify;\">\n<p id=\"caption-attachment-6196\" class=\"wp-caption-text\"><strong>Reconocimientos<\/strong><\/p>\n<\/div>\n<p style=\"text-align: justify;\">Durante la realizaci\u00f3n del foro internacional, se estar\u00e1n honrando a distintas lideresas como: Adriana Gonz\u00e1lez, Mandy Merritt, Patricia Herrera Parish, Lizette D\u00edaz, Ver\u00f3nica Garc\u00eda, Marta Vel\u00e1squez, Rosibel Duarte, Celine\u0301s Colo\u0301n, Mar\u00eda Elena Orantes, Lily P\u00e1ez, Vaina Galindo y Mafi Romero.<\/p>\n<p style=\"text-align: justify;\"><strong>WEF<\/strong><\/p>\n<p style=\"text-align: justify;\">El\u00a0<strong>Women Economic Forum (WEF)<\/strong>\u00a0es el Foro de Empoderamiento Econ\u00f3mico liderado por mujeres m\u00e1s grande y prestigioso del mundo, nacido en el a\u00f1o 2015 en New Delhi, India. Es una organizaci\u00f3n sin fines de lucro que se encuentra presente en m\u00e1s de 100 pa\u00edses, cuenta con m\u00e1s de 1.000 cap\u00edtulos y m\u00e1s de 100.000 miembros.<\/p>\n<p style=\"text-align: justify;\">El WEF cuenta con una C\u00e1mara global hermana denominada All Ladies League que a su vez cuenta con 50.000 miembros, y que genera conexiones con 250.000 mujeres y simpatizantes en todo el mundo, adem\u00e1s del G-100 y SHEconomy. Estas organizaciones se encuentran lideradas por la\u00a0<strong>Dra. Harbeen Arora<\/strong>, quien es una mujer dedicada al empoderamiento de la Mujer en el Mundo.<\/p>\n<p style=\"text-align: justify;\">Si deseas conocer m\u00e1s sobre el Women Economic Forum puedes visitar su portal digital:\u00a0<a href=\"https:\/\/www.wef.org.in\/\">https:\/\/www.wef.org.in\/<\/a>; la p\u00e1gina del evento en Texas:\u00a0<a href=\"https:\/\/www.wefhoustontexas.org\/\">https:\/\/www.wefhoustontexas.org\/<\/a>; o puedes revisar el siguiente video:\u00a0<a href=\"https:\/\/youtu.be\/47f3ThZJOJA\">https:\/\/youtu.be\/47f3ThZJOJA<\/a><\/p>\n<p>Fuente: WEF RD<\/p>\n","protected":false},"excerpt":{"rendered":"<p>Con el objetivo de impulsar el liderazgo femenino y el desarrollo sostenible, con el encuentro<\/p>\n","protected":false},"author":4,"featured_media":32086,"comment_status":"open","ping_status":"open","sticky":false,"template":"","format":"standard","meta":{"footnotes":""},"categories":[7],"tags":[],"class_list":["post-32085","post","type-post","status-publish","format-standard","has-post-thumbnail","hentry","category-nacionales"],"_links":{"self":[{"href":"https:\/\/defrentealaverdad.com\/index.php\/wp-json\/wp\/v2\/posts\/32085","targetHints":{"allow":["GET"]}}],"collection":[{"href":"https:\/\/defrentealaverdad.com\/index.php\/wp-json\/wp\/v2\/posts"}],"about":[{"href":"https:\/\/defrentealaverdad.com\/index.php\/wp-json\/wp\/v2\/types\/post"}],"author":[{"embeddable":true,"href":"https:\/\/defrentealaverdad.com\/index.php\/wp-json\/wp\/v2\/users\/4"}],"replies":[{"embeddable":true,"href":"https:\/\/defrentealaverdad.com\/index.php\/wp-json\/wp\/v2\/comments?post=32085"}],"version-history":[{"count":1,"href":"https:\/\/defrentealaverdad.com\/index.php\/wp-json\/wp\/v2\/posts\/32085\/revisions"}],"predecessor-version":[{"id":32087,"href":"https:\/\/defrentealaverdad.com\/index.php\/wp-json\/wp\/v2\/posts\/32085\/revisions\/32087"}],"wp:featuredmedia":[{"embeddable":true,"href":"https:\/\/defrentealaverdad.com\/index.php\/wp-json\/wp\/v2\/media\/32086"}],"wp:attachment":[{"href":"https:\/\/defrentealaverdad.com\/index.php\/wp-json\/wp\/v2\/media?parent=32085"}],"wp:term":[{"taxonomy":"category","embeddable":true,"href":"https:\/\/defrentealaverdad.com\/index.php\/wp-json\/wp\/v2\/categories?post=32085"},{"taxonomy":"post_tag","embeddable":true,"href":"https:\/\/defrentealaverdad.com\/index.php\/wp-json\/wp\/v2\/tags?post=32085"}],"curies":[{"name":"wp","href":"https:\/\/api.w.org\/{rel}","templated":true}]}}