{"id":3202,"date":"2023-01-16T15:07:08","date_gmt":"2023-01-16T15:07:08","guid":{"rendered":"https:\/\/defrentealaverdad.com\/?p=3202"},"modified":"2023-01-16T15:07:08","modified_gmt":"2023-01-16T15:07:08","slug":"gobierno-reitera-llamado-a-inversionistas-para-socio-estrategico-del-proyecto-turistico-en-pedernales","status":"publish","type":"post","link":"https:\/\/defrentealaverdad.com\/index.php\/2023\/01\/16\/gobierno-reitera-llamado-a-inversionistas-para-socio-estrategico-del-proyecto-turistico-en-pedernales\/","title":{"rendered":"Gobierno reitera llamado a inversionistas para socio estrat\u00e9gico del proyecto tur\u00edstico en Pedernales"},"content":{"rendered":"<p style=\"text-align: justify;\"><strong><em>El Fideicomiso Pro- Pedernales public\u00f3 en medios de comunicaci\u00f3n la convocatoria para inversionistas a participar en el proceso competitivo para la selecci\u00f3n de un socio estrat\u00e9gico a los fines de capitalizar y desarrollar en sociedad el destino tur\u00edstico de Cabo Rojo-Pedernales.<\/em><\/strong><\/p>\n<p style=\"text-align: justify;\"><strong> <img decoding=\"async\" data-src=\"https:\/\/dgapp.gob.do\/wp-content\/uploads\/2023\/01\/Pedernales.png\" width=\"1409\" height=\"793\" src=\"data:image\/svg+xml;base64,PHN2ZyB3aWR0aD0iMSIgaGVpZ2h0PSIxIiB4bWxucz0iaHR0cDovL3d3dy53My5vcmcvMjAwMC9zdmciPjwvc3ZnPg==\" class=\"lazyload\" style=\"--smush-placeholder-width: 1409px; --smush-placeholder-aspect-ratio: 1409\/793;\" \/><\/strong><\/p>\n<p style=\"text-align: justify;\"><strong>Santo Domingo, Rep\u00fablica Dominicana.\u00a0<\/strong>El Estado dominicano, a trav\u00e9s del Fideicomiso Pro-Pedernales, reiter\u00f3 el llamado a inversionistas nacionales e internacionales a manifestar inter\u00e9s para participar en el proceso competitivo para la selecci\u00f3n de un socio estrat\u00e9gico a los fines de capitalizar y desarrollar en sociedad el destino tur\u00edstico de Cabo Rojo en Pedernales.<\/p>\n<p style=\"text-align: justify;\">El comunicado publicado en distintos medios informa la realizaci\u00f3n de la enmienda No. 1 al Pliego de Condiciones del proceso, mediante el cual se hace una pr\u00f3rroga del cronograma de actividades del proceso a los fines de dar mayor oportunidad a interesados de participar y, en consecuencia, reiter\u00f3 la convocatoria para la participaci\u00f3n en el referido proceso.<\/p>\n<p style=\"text-align: justify;\">Conforme a lo establecido en la enmienda los interesados podr\u00e1n remitir de manera digital la documentaci\u00f3n de credenciales para su evaluaci\u00f3n hasta el 20 de febrero del 2023, hasta las 11:59:59 p.m., hora de la Rep\u00fablica Dominicana (Coordinated Universal Time: UTC-4 horas).<\/p>\n<p style=\"text-align: justify;\">\u201cEn este proceso tendr\u00e1n derecho a participar todas aquellas personas jur\u00eddicas que cumplan con los requerimientos descritos en el Pliego de Condiciones de la \u201cFase I:\u00a0 Manifestaci\u00f3n de Inter\u00e9s del Proceso Competitivo para la Selecci\u00f3n de un Socio Estrat\u00e9gico\u201d y correspondientes Enmiendas, que podr\u00e1n ser consultados en el portal web del Fideicomiso Pro- Pedernales:\u00a0<a href=\"http:\/\/www.propedernales.do\/\">www.propedernales.do<\/a>\u201d, expresa la publicaci\u00f3n.<\/p>\n<p style=\"text-align: justify;\">Se\u00f1ala, adem\u00e1s, que previo a participar y depositar la documentaci\u00f3n requerida, todo proponente deber\u00e1 pagar al Fideicomiso Pro-Pedernales la suma de USS10,000.00, no reembolsables, conforme las especificaciones establecidas en el Pliego de Condiciones de la \u201cFase I: Manifestaci\u00f3n de Inter\u00e9s del Proceso Competitivo para la Selecci\u00f3n de un Socio Estrat\u00e9gico\u201d y sus correspondientes enmiendas.<\/p>\n<p style=\"text-align: justify;\">El comunicado tambi\u00e9n establece que se incluir\u00e1n en el listado de proponentes precalificados, quedando as\u00ed habilitados para participar en la fase II del proceso competitivo y eventualmente presentar su Oferta Econ\u00f3mica, en el horario y fecha establecidos en el cronograma.<\/p>\n<p style=\"text-align: justify;\">A mediados de noviembre, el Fideicomiso Pro-Pedernales lanz\u00f3 la convocatoria para la b\u00fasqueda del socio estrat\u00e9gico para el desarrollo tur\u00edstico de Pedernales y en esta ocasi\u00f3n, fruto de la ampliaci\u00f3n del plazo para participar est\u00e1 reiterando el llamado a los inversionistas interesados.<\/p>\n<p style=\"text-align: justify;\"><strong><u>\u00a0<\/u><\/strong><\/p>\n<p style=\"text-align: justify;\"><strong><u>Sobre el proyecto<\/u><\/strong><\/p>\n<p style=\"text-align: justify;\">El Proyecto de Desarrollo Tur\u00edstico de Pedernales, Cabo Rojo, est\u00e1 concebido para realizarse en cuatro fases, durante un periodo promedio de 10 a\u00f1os, y una inversi\u00f3n estimada de US$2,245 millones.<\/p>\n<p style=\"text-align: justify;\">En la primera fase se estipula una inversi\u00f3n de US$1,300 millones para la construcci\u00f3n de 4,700 habitaciones (que se convertir\u00e1n en 12,000 habitaciones al final del proyecto).<\/p>\n<p style=\"text-align: justify;\">Ocho hoteles iniciar\u00e1n sus operaciones durante la apertura de esa primera fase, para lo cual ya las cadenas hoteleras Hilton, Marriott, Sunwing, AmResorts, Iberostar Group y Karisma Hotels &amp; Resort han firmado carta de compromiso para empezar la construcci\u00f3n de sus hoteles a partir de mediados de este 2022.<\/p>\n<p style=\"text-align: justify;\">En esta primera fase se construir\u00e1 tambi\u00e9n un aeropuerto internacional en Pedernales, un centro comercial y se concluir\u00e1n todas las obras de infraestructuras b\u00e1sicas necesarias, como la construcci\u00f3n de un acueducto, una planta de tratamiento de aguas y un sistema de transmisi\u00f3n el\u00e9ctrica.<\/p>\n<p style=\"text-align: justify;\">\n<p style=\"text-align: justify;\">Fuente: Prensa DGAPP<\/p>\n","protected":false},"excerpt":{"rendered":"<p>El Fideicomiso Pro- Pedernales public\u00f3 en medios de comunicaci\u00f3n la convocatoria para inversionistas a participar<\/p>\n","protected":false},"author":4,"featured_media":0,"comment_status":"open","ping_status":"open","sticky":false,"template":"","format":"standard","meta":{"footnotes":""},"categories":[7,11],"tags":[],"class_list":["post-3202","post","type-post","status-publish","format-standard","hentry","category-nacionales","category-turismo"],"_links":{"self":[{"href":"https:\/\/defrentealaverdad.com\/index.php\/wp-json\/wp\/v2\/posts\/3202","targetHints":{"allow":["GET"]}}],"collection":[{"href":"https:\/\/defrentealaverdad.com\/index.php\/wp-json\/wp\/v2\/posts"}],"about":[{"href":"https:\/\/defrentealaverdad.com\/index.php\/wp-json\/wp\/v2\/types\/post"}],"author":[{"embeddable":true,"href":"https:\/\/defrentealaverdad.com\/index.php\/wp-json\/wp\/v2\/users\/4"}],"replies":[{"embeddable":true,"href":"https:\/\/defrentealaverdad.com\/index.php\/wp-json\/wp\/v2\/comments?post=3202"}],"version-history":[{"count":1,"href":"https:\/\/defrentealaverdad.com\/index.php\/wp-json\/wp\/v2\/posts\/3202\/revisions"}],"predecessor-version":[{"id":3203,"href":"https:\/\/defrentealaverdad.com\/index.php\/wp-json\/wp\/v2\/posts\/3202\/revisions\/3203"}],"wp:attachment":[{"href":"https:\/\/defrentealaverdad.com\/index.php\/wp-json\/wp\/v2\/media?parent=3202"}],"wp:term":[{"taxonomy":"category","embeddable":true,"href":"https:\/\/defrentealaverdad.com\/index.php\/wp-json\/wp\/v2\/categories?post=3202"},{"taxonomy":"post_tag","embeddable":true,"href":"https:\/\/defrentealaverdad.com\/index.php\/wp-json\/wp\/v2\/tags?post=3202"}],"curies":[{"name":"wp","href":"https:\/\/api.w.org\/{rel}","templated":true}]}}