{"id":31942,"date":"2024-11-13T00:56:59","date_gmt":"2024-11-13T00:56:59","guid":{"rendered":"https:\/\/defrentealaverdad.com\/?p=31942"},"modified":"2024-11-13T00:56:59","modified_gmt":"2024-11-13T00:56:59","slug":"un-acorde-presenta-juntos-es-mejor-podcast","status":"publish","type":"post","link":"https:\/\/defrentealaverdad.com\/index.php\/2024\/11\/13\/un-acorde-presenta-juntos-es-mejor-podcast\/","title":{"rendered":"\u00abUn Acorde\u00bb presenta \u201cJuntos es Mejor Podcast*\u201d"},"content":{"rendered":"<blockquote>\n<p style=\"text-align: justify;\">Un Espacio para Fortalecer el Matrimonio y la Familia.<\/p>\n<\/blockquote>\n<p style=\"text-align: justify;\">El d\u00fao cristiano Un Acorde, conformado por Rossana y Andy Vega, <strong>lanza \u201cJuntos es Mejor Podcast\u201d,<\/strong> un espacio dedicado a matrimonios y familias con el prop\u00f3sito de compartir el poder restaurador de Cristo y su evangelio. Este podcast invita a los oyentes a re\u00edr, reflexionar y encontrar esperanza en cada episodio, abordando temas profundos sobre la vida familiar y de pareja desde una perspectiva cristoc\u00e9ntrica.<\/p>\n<p style=\"text-align: justify;\">Un Acorde ha dejado huella en la m\u00fasica cristiana contempor\u00e1nea con presentaciones en el Premio \u00c1guila, Diamond Awards y otros eventos de renombre, as\u00ed como nominaciones en Premios Redenci\u00f3n y Praise Music Award. Ahora, buscan impactar la vida familiar a trav\u00e9s de este nuevo proyecto.<\/p>\n<p style=\"text-align: justify;\">Disponible en las principales plataformas de streaming a partir de hoy, 12 de noviembre.<\/p>\n<p>Fuente: El Mensaje Comunicaciones<\/p>\n","protected":false},"excerpt":{"rendered":"<p>Un Espacio para Fortalecer el Matrimonio y la Familia. El d\u00fao cristiano Un Acorde, conformado<\/p>\n","protected":false},"author":4,"featured_media":31943,"comment_status":"open","ping_status":"open","sticky":false,"template":"","format":"standard","meta":{"footnotes":""},"categories":[16],"tags":[],"class_list":["post-31942","post","type-post","status-publish","format-standard","has-post-thumbnail","hentry","category-internacionales"],"_links":{"self":[{"href":"https:\/\/defrentealaverdad.com\/index.php\/wp-json\/wp\/v2\/posts\/31942","targetHints":{"allow":["GET"]}}],"collection":[{"href":"https:\/\/defrentealaverdad.com\/index.php\/wp-json\/wp\/v2\/posts"}],"about":[{"href":"https:\/\/defrentealaverdad.com\/index.php\/wp-json\/wp\/v2\/types\/post"}],"author":[{"embeddable":true,"href":"https:\/\/defrentealaverdad.com\/index.php\/wp-json\/wp\/v2\/users\/4"}],"replies":[{"embeddable":true,"href":"https:\/\/defrentealaverdad.com\/index.php\/wp-json\/wp\/v2\/comments?post=31942"}],"version-history":[{"count":1,"href":"https:\/\/defrentealaverdad.com\/index.php\/wp-json\/wp\/v2\/posts\/31942\/revisions"}],"predecessor-version":[{"id":31944,"href":"https:\/\/defrentealaverdad.com\/index.php\/wp-json\/wp\/v2\/posts\/31942\/revisions\/31944"}],"wp:featuredmedia":[{"embeddable":true,"href":"https:\/\/defrentealaverdad.com\/index.php\/wp-json\/wp\/v2\/media\/31943"}],"wp:attachment":[{"href":"https:\/\/defrentealaverdad.com\/index.php\/wp-json\/wp\/v2\/media?parent=31942"}],"wp:term":[{"taxonomy":"category","embeddable":true,"href":"https:\/\/defrentealaverdad.com\/index.php\/wp-json\/wp\/v2\/categories?post=31942"},{"taxonomy":"post_tag","embeddable":true,"href":"https:\/\/defrentealaverdad.com\/index.php\/wp-json\/wp\/v2\/tags?post=31942"}],"curies":[{"name":"wp","href":"https:\/\/api.w.org\/{rel}","templated":true}]}}