{"id":3187,"date":"2023-01-16T14:07:36","date_gmt":"2023-01-16T14:07:36","guid":{"rendered":"https:\/\/defrentealaverdad.com\/?p=3187"},"modified":"2023-01-16T14:07:36","modified_gmt":"2023-01-16T14:07:36","slug":"puerto-rico-elevara-en-el-fitur-2023-su-perfil-para-vacaciones-e-inversiones","status":"publish","type":"post","link":"https:\/\/defrentealaverdad.com\/index.php\/2023\/01\/16\/puerto-rico-elevara-en-el-fitur-2023-su-perfil-para-vacaciones-e-inversiones\/","title":{"rendered":"Puerto Rico elevar\u00e1 en el Fitur 2023 su perfil para vacaciones e inversiones"},"content":{"rendered":"<p><img decoding=\"async\" class=\"aligncenter lazyload\" data-src=\"https:\/\/precision.com.do\/wp-content\/uploads\/2023\/01\/gobernador-pp-2.jpg\" src=\"data:image\/svg+xml;base64,PHN2ZyB3aWR0aD0iMSIgaGVpZ2h0PSIxIiB4bWxucz0iaHR0cDovL3d3dy53My5vcmcvMjAwMC9zdmciPjwvc3ZnPg==\" \/><\/p>\n<p style=\"text-align: justify;\">El gobernador de\u00a0<strong>Puerto Rico<\/strong>,\u00a0<strong>Pedro Pierluisi,<\/strong>\u00a0viajar\u00e1 este domingo a\u00a0<strong>Madrid\u00a0<\/strong>para representar a la isla en la\u00a0<strong>Feria Internacional de Turismo en Espa\u00f1a\u00a0<\/strong>(Fitur), para elevar el perfil del territorio caribe\u00f1o como destino de vacaciones e inversiones.<\/p>\n<p style=\"text-align: justify;\">\u00abLlevamos dos a\u00f1os con un crecimiento r\u00e9cord en nuestro sector tur\u00edstico, por lo que es importante continuar aprovechando cada oportunidad para seguir promocionando a nuestra isla\u00bb, asegur\u00f3 Pierluisi en un comunicado de prensa.<\/p>\n<p style=\"text-align: justify;\">Pierluisi, quien ser\u00e1 uno de los oradores en el evento, resalt\u00f3 que en el mismo \u00abtenemos mucho que ofrecer y es necesario continuar fomentando que cada vez m\u00e1s personas de todo el mundo nos visiten, y conozcan nuestra cultura y oferta tur\u00edstica\u00bb.<\/p>\n<div id=\"dl_300x250_inread\" style=\"text-align: justify;\" data-google-query-id=\"COuE1rihzPwCFdr0hwod83AFwg\">\n<div id=\"google_ads_iframe_\/1659553\/dl_300x250_inread_0__container__\">\u00abLa Feria Internacional del Turismo nos abre la puerta para establecer m\u00e1s lazos comerciales en la industria tur\u00edstica, para darnos a conocer y para que se sepa todo lo que tiene <strong>Puerto Rico<\/strong>\u00a0como un destino \u00fanico en el Caribe\u00bb, sostuvo.<\/div>\n<\/div>\n<p style=\"text-align: justify;\">La agenda de la delegaci\u00f3n de\u00a0<strong>Puerto Rico<\/strong>\u00a0incluye, entre otros compromisos de relevancia internacional, la participaci\u00f3n del gobernador Pierluisi en la ceremonia oficial de apertura y corte de cinta en iFEMA Madrid.<\/p>\n<p style=\"text-align: justify;\">Adem\u00e1s, participar\u00e1 en el panel de Sostenibilidad de Fitur, donde hablar\u00e1 sobre los esfuerzos que ha estado implementando\u00a0<strong>Puerto Rico<\/strong>\u00a0en materia de desarrollo sostenible tanto a nivel de la industria tur\u00edstica como a nivel gubernamental y los grandes logros que ha tenido el sector del turismo local en los pasados dos a\u00f1os.<\/p>\n<p style=\"text-align: justify;\">Igualmente, el gobernador tendr\u00e1 varias reuniones con ejecutivos y funcionarios relacionados al turismo, as\u00ed como entrevistas con medios europeos para continuar promocionando a la isla.<\/p>\n<p style=\"text-align: justify;\">El evento contar\u00e1 con la participaci\u00f3n de sobre 8.600 expositores, 110.000 representantes de la industria, entre ellos, l\u00edneas a\u00e9reas y de cruceros, mayoristas, agencias de viajes, operadores de excursiones, hoteleros y medios de comunicaci\u00f3n especializados en turismo.<\/p>\n<p style=\"text-align: justify;\">Pierluisi aprovechar\u00e1 adem\u00e1s el viaje para firmar el Memorando de Entendimiento en materia de Archivos entre el Ministerio de Cultura y Deporte del Reino de Espa\u00f1a y el Instituto de Cultura Puertorrique\u00f1a.<\/p>\n<p style=\"text-align: justify;\">Este acuerdo forma parte de la primera fase de la digitalizaci\u00f3n de documentos hist\u00f3ricos sobre\u00a0<strong>Puerto Rico<\/strong>\u00a0del Archivo General de Simancas, el Centro Documental de la Memoria Hist\u00f3rica y el Archivo General de Indias, y de otros en el Archivo General de\u00a0<strong>Puerto Rico<\/strong>\u00a0y en la Biblioteca Nacional de\u00a0<strong>Puerto Rico<\/strong>.<\/p>\n<p style=\"text-align: justify;\">\u00a0Tambi\u00e9n, en la ciudad de Toledo el gobernador Pierluisi junto al presidente del Gobierno de Castilla-La Mancha, Emiliano Garc\u00eda-Page, hablar\u00e1n sobre una alianza para promocionar ambos destinos tur\u00edsticos y se har\u00e1 un anuncio relacionado a la empresa Toro Verde.<\/p>\n<p style=\"text-align: justify;\">El secretario de Estado, Omar Marrero, ser\u00e1 el gobernador interino hasta la llegada de Pierluisi.<\/p>\n<p>&nbsp;<\/p>\n<p>Fuente: EFE<\/p>\n","protected":false},"excerpt":{"rendered":"<p>El gobernador de\u00a0Puerto Rico,\u00a0Pedro Pierluisi,\u00a0viajar\u00e1 este domingo a\u00a0Madrid\u00a0para representar a la isla en la\u00a0Feria Internacional<\/p>\n","protected":false},"author":1,"featured_media":0,"comment_status":"open","ping_status":"open","sticky":false,"template":"","format":"standard","meta":{"footnotes":""},"categories":[16,11],"tags":[],"class_list":["post-3187","post","type-post","status-publish","format-standard","hentry","category-internacionales","category-turismo"],"_links":{"self":[{"href":"https:\/\/defrentealaverdad.com\/index.php\/wp-json\/wp\/v2\/posts\/3187","targetHints":{"allow":["GET"]}}],"collection":[{"href":"https:\/\/defrentealaverdad.com\/index.php\/wp-json\/wp\/v2\/posts"}],"about":[{"href":"https:\/\/defrentealaverdad.com\/index.php\/wp-json\/wp\/v2\/types\/post"}],"author":[{"embeddable":true,"href":"https:\/\/defrentealaverdad.com\/index.php\/wp-json\/wp\/v2\/users\/1"}],"replies":[{"embeddable":true,"href":"https:\/\/defrentealaverdad.com\/index.php\/wp-json\/wp\/v2\/comments?post=3187"}],"version-history":[{"count":1,"href":"https:\/\/defrentealaverdad.com\/index.php\/wp-json\/wp\/v2\/posts\/3187\/revisions"}],"predecessor-version":[{"id":3188,"href":"https:\/\/defrentealaverdad.com\/index.php\/wp-json\/wp\/v2\/posts\/3187\/revisions\/3188"}],"wp:attachment":[{"href":"https:\/\/defrentealaverdad.com\/index.php\/wp-json\/wp\/v2\/media?parent=3187"}],"wp:term":[{"taxonomy":"category","embeddable":true,"href":"https:\/\/defrentealaverdad.com\/index.php\/wp-json\/wp\/v2\/categories?post=3187"},{"taxonomy":"post_tag","embeddable":true,"href":"https:\/\/defrentealaverdad.com\/index.php\/wp-json\/wp\/v2\/tags?post=3187"}],"curies":[{"name":"wp","href":"https:\/\/api.w.org\/{rel}","templated":true}]}}