{"id":3183,"date":"2023-01-16T14:03:42","date_gmt":"2023-01-16T14:03:42","guid":{"rendered":"https:\/\/defrentealaverdad.com\/?p=3183"},"modified":"2023-01-16T14:03:42","modified_gmt":"2023-01-16T14:03:42","slug":"ciudadanos-mayores-de-edad-podran-cambiar-el-orden-de-sus-apellidos","status":"publish","type":"post","link":"https:\/\/defrentealaverdad.com\/index.php\/2023\/01\/16\/ciudadanos-mayores-de-edad-podran-cambiar-el-orden-de-sus-apellidos\/","title":{"rendered":"Ciudadanos mayores de edad podr\u00e1n cambiar el orden de sus apellidos"},"content":{"rendered":"<p><img decoding=\"async\" class=\"aligncenter lazyload\" data-src=\"https:\/\/resources.diariolibre.com\/images\/2023\/01\/12\/whatsapp-image-2023-01-12-at-23332-pm-0fcfd304-focus-0-0-895-573.jpg\" alt=\"Ciudadanos mayores de edad podr\u00e1n cambiar el orden de sus apellidos\" src=\"data:image\/svg+xml;base64,PHN2ZyB3aWR0aD0iMSIgaGVpZ2h0PSIxIiB4bWxucz0iaHR0cDovL3d3dy53My5vcmcvMjAwMC9zdmciPjwvc3ZnPg==\" \/><\/p>\n<p style=\"text-align: justify;\"><strong>Santo Domingo, R.D.-<\/strong>\u00a0El Senado convirti\u00f3 en ley, al aprobar en \u00fanica lectura, el proyecto de los actos del Estado Civil que tiene como fin regir las actuaciones y efectos del Sistema Nacional de Registro del Estado Civil y los requerimientos para la obtenci\u00f3n de los servicios ciudadanos relativos al Estado Civil.<span id=\"more-96438\"><\/span><\/p>\n<p style=\"text-align: justify;\">La pieza hab\u00eda sido aprobada en el Senado el pasado 25 de julio, un d\u00eda antes de vencer la pasada legislatura y este mi\u00e9rcoles fue aprobada en la C\u00e1mara de Diputados con modificaciones por lo que retorn\u00f3 a la primera c\u00e1mara que la sancion\u00f3, como establecen los procedimientos legislativos.<\/p>\n<p style=\"text-align: justify;\">La iniciativa pasa al Poder Ejecutivo para su promulgaci\u00f3n u observaci\u00f3n.<\/p>\n<div id=\"inline-related-post\" class=\"mag-box mini-posts-box content-only\" style=\"text-align: justify;\">\n<div class=\"container-wrapper\">\n<div class=\"widget-title the-global-title has-block-head-4\">\n<div class=\"the-subtitle\">Con las nuevas modificaciones aprobadas en la C\u00e1mara de Diputados se permitir\u00e1 que quienes tengan mayor\u00eda de edad, mayores de 18 a\u00f1os, puedan solicitar el cambio del orden de sus apellidos.<\/div>\n<\/div>\n<\/div>\n<\/div>\n<p style=\"text-align: justify;\">Se trata de una propuesta presentada por el diputado de Opci\u00f3n Democr\u00e1tica, Jos\u00e9 Horacio Rodr\u00edguez, contenida en el p\u00e1rrafo III, del art\u00edculo 83 que reza: \u201cEl inscrito, al cumplir mayor\u00eda de edad podr\u00e1, por una sola vez al momento de solicitar la c\u00e9dula de identidad y electoral, disponer el cambio del orden de sus apellidos con el fin de fijar su identidad personal\u00bb. Esa modificaci\u00f3n en la C\u00e1mara Baja cont\u00f3 con 74 votos a favor y 37 en contra.<\/p>\n<p style=\"text-align: justify;\">La Junta Central Electoral es el custodio de la identidad de las personas y la m\u00e1xima autoridad de la cual dependen el Registro del Estado Civil y la C\u00e9dula de Identidad y Electoral, seg\u00fan el art\u00edculo 8 de la iniciativa.<\/p>\n<p style=\"text-align: justify;\">La normativa reforma la vigente que data de 1944 y busca modernizar los registros civiles en el pa\u00eds.<\/p>\n<p style=\"text-align: justify;\"><strong>Otras modificaciones<\/strong><\/p>\n<p style=\"text-align: justify;\">Tambi\u00e9n, el pasado mi\u00e9rcoles la C\u00e1mara Baja aprob\u00f3 otras modificaciones presentadas por los diputados Juan Dionicio Rodr\u00edguez Restituyo, Frente Amplio, Lourdes Aybar, de la Fuerza del Pueblo, Eugenio Cede\u00f1o y Alexis Jim\u00e9nez, del Partido Revolucionario Moderno (PRM). Otras propuestas presentadas fueron rechazadas.<\/p>\n<p style=\"text-align: justify;\">La propuesta presentada por Rodr\u00edguez Restituyo fue la que modific\u00f3 el art\u00edculo 141 sobre la readquisici\u00f3n de la nacionalidad dominicana a fin de que rece \u201cque no se beneficiaran de lo dispuesto en este art\u00edculo las personas que habiendo adquirido la nacionalidad dominicana por otra causa y hubiera renunciado a esta\u201d.<\/p>\n<p style=\"text-align: justify;\">Fuente: Diario Libre<\/p>\n","protected":false},"excerpt":{"rendered":"<p>Santo Domingo, R.D.-\u00a0El Senado convirti\u00f3 en ley, al aprobar en \u00fanica lectura, el proyecto de<\/p>\n","protected":false},"author":1,"featured_media":0,"comment_status":"open","ping_status":"open","sticky":false,"template":"","format":"standard","meta":{"footnotes":""},"categories":[7],"tags":[],"class_list":["post-3183","post","type-post","status-publish","format-standard","hentry","category-nacionales"],"_links":{"self":[{"href":"https:\/\/defrentealaverdad.com\/index.php\/wp-json\/wp\/v2\/posts\/3183","targetHints":{"allow":["GET"]}}],"collection":[{"href":"https:\/\/defrentealaverdad.com\/index.php\/wp-json\/wp\/v2\/posts"}],"about":[{"href":"https:\/\/defrentealaverdad.com\/index.php\/wp-json\/wp\/v2\/types\/post"}],"author":[{"embeddable":true,"href":"https:\/\/defrentealaverdad.com\/index.php\/wp-json\/wp\/v2\/users\/1"}],"replies":[{"embeddable":true,"href":"https:\/\/defrentealaverdad.com\/index.php\/wp-json\/wp\/v2\/comments?post=3183"}],"version-history":[{"count":1,"href":"https:\/\/defrentealaverdad.com\/index.php\/wp-json\/wp\/v2\/posts\/3183\/revisions"}],"predecessor-version":[{"id":3184,"href":"https:\/\/defrentealaverdad.com\/index.php\/wp-json\/wp\/v2\/posts\/3183\/revisions\/3184"}],"wp:attachment":[{"href":"https:\/\/defrentealaverdad.com\/index.php\/wp-json\/wp\/v2\/media?parent=3183"}],"wp:term":[{"taxonomy":"category","embeddable":true,"href":"https:\/\/defrentealaverdad.com\/index.php\/wp-json\/wp\/v2\/categories?post=3183"},{"taxonomy":"post_tag","embeddable":true,"href":"https:\/\/defrentealaverdad.com\/index.php\/wp-json\/wp\/v2\/tags?post=3183"}],"curies":[{"name":"wp","href":"https:\/\/api.w.org\/{rel}","templated":true}]}}