{"id":3157,"date":"2023-01-13T13:54:26","date_gmt":"2023-01-13T13:54:26","guid":{"rendered":"https:\/\/defrentealaverdad.com\/?p=3157"},"modified":"2023-01-13T13:54:26","modified_gmt":"2023-01-13T13:54:26","slug":"haiti-honra-la-memoria-de-las-victimas-del-terremoto-de-2010","status":"publish","type":"post","link":"https:\/\/defrentealaverdad.com\/index.php\/2023\/01\/13\/haiti-honra-la-memoria-de-las-victimas-del-terremoto-de-2010\/","title":{"rendered":"Hait\u00ed honra la memoria de las v\u00edctimas del terremoto de 2010"},"content":{"rendered":"<header class=\"xl:ml-12 xl:pl-1 lg:ml-10 lg:pl-0 md:ml-12 md:pl-1 mb-4\">\n<h1 class=\"text-2xl mb-2\"><span style=\"font-size: 16px;\">Ariel Henry record\u00f3 a las v\u00edctimas del terremoto al depositar una corona de flores durante una breve ceremonia celebrada en el Palacio Nacional<\/span><\/h1>\n<div class=\"border-b-2 pb-3 byline text-lg\"><\/div>\n<\/header>\n<div class=\"flex flex-wrap -ml-4 -mr-3 relative md:px-3 lg:px-0\">\n<div class=\"w-full md:w-05\/12 sm:w-12\/12\">\n<div class=\"fixed-content\">\n<p><img decoding=\"async\" data-src=\"https:\/\/resources.diariolibre.com\/images\/expand.svg\" alt=\"Expandir imagen\" width=\"20\" height=\"20\" src=\"data:image\/svg+xml;base64,PHN2ZyB3aWR0aD0iMSIgaGVpZ2h0PSIxIiB4bWxucz0iaHR0cDovL3d3dy53My5vcmcvMjAwMC9zdmciPjwvc3ZnPg==\" class=\"lazyload\" style=\"--smush-placeholder-width: 20px; --smush-placeholder-aspect-ratio: 20\/20;\" \/><\/p>\n<\/div>\n<\/div>\n<div class=\"w-full xl:w-85\/12 md:w-75\/12 sm:w-full px-4 pb-12\">\n<figure class=\"text-lg\"><picture><img decoding=\"async\" class=\"mx-auto lazyload\" title=\"Hait\u00ed honra la memoria de las v\u00edctimas del terremoto de 2010\" data-src=\"https:\/\/resources.diariolibre.com\/images\/2023\/01\/13\/f1880d0d37fc3673a3337659bd3d06c6d8015b4cw-673b2b62-focus-0.13-0.27-895-573.jpg\" alt=\"Hait\u00ed honra la memoria de las v\u00edctimas del terremoto de 2010\" width=\"100%\" height=\"350\" src=\"data:image\/svg+xml;base64,PHN2ZyB3aWR0aD0iMSIgaGVpZ2h0PSIxIiB4bWxucz0iaHR0cDovL3d3dy53My5vcmcvMjAwMC9zdmciPjwvc3ZnPg==\" \/><\/picture><figcaption><\/figcaption><\/figure>\n<div class=\"detail-body text-lg\">\n<p>El primer ministro haitiano,\u00a0<strong>Ariel Henry<\/strong>, record\u00f3 a las v\u00edctimas del\u00a0<strong>terremoto<\/strong>\u00a0que asol\u00f3 el pa\u00eds en enero de 2010 al depositar una corona de flores, junto a miembros de su Gobierno, durante una breve ceremonia celebrada este jueves en el Palacio Nacional.<\/p>\n<p>\u00abEn este d\u00eda tristemente memorable, me descubro y reflexiono, en mi alma herida y en memoria de las v\u00edctimas del 12 de enero de 2010, ante el emplazamiento del Memorial del Palacio Nacional\u00bb, declar\u00f3 el jefe de Gobierno.<\/p>\n<p>Henry afirm\u00f3 que el pueblo haitiano a\u00fan recuerda los miles de muertos, heridos e innumerables da\u00f1os materiales que caus\u00f3 el se\u00edsmo.<\/p>\n<p>\u00abLa unidad, la reconciliaci\u00f3n, la reconstrucci\u00f3n y la recuperaci\u00f3n socioecon\u00f3mica de la naci\u00f3n es el homenaje m\u00e1s hermoso y vibrante que podemos rendir a nuestras v\u00edctimas\u00bb, escribi\u00f3 antes en su cuenta de Twitter.<\/p>\n<p>Henry dijo esperar que este\u00a0<strong>terremoto<\/strong>\u00a0\u00abnos inspire y nos muestre el camino de la solidaridad, la fraternidad y el cambio real en beneficio de nuestro pa\u00eds\u00bb.<\/p>\n<div id=\"detalle-parrafo\"><\/div>\n<h2>ONU rinde homenaje a las v\u00edctimas<\/h2>\n<p>Las Naciones Unidas siguen rindiendo homenaje a los cientos de miles de haitianos que perdieron la vida, as\u00ed como a los millones de personas que se vieron afectadas por la cat\u00e1strofe.<\/p>\n<p>\u00abTambi\u00e9n honramos la memoria de los 102 miembros del personal de la ONU que murieron en acto de servicio\u00bb, record\u00f3 la oficina de la ONU en Puerto Pr\u00edncipe en un comunicado.<\/p>\n<p>El organismo reafirm\u00f3 su compromiso de trabajar junto al pueblo haitiano para ayudarle a construir un futuro mejor y sostenible basado en el retorno a la seguridad y la democracia.<\/p>\n<p>\u00abEn un contexto nacional marcado por una preocupante fragilidad, las conmemoraciones de este tr\u00e1gico d\u00eda deben animarnos a todos a reflexionar y a mostrar tolerancia, respeto y comprensi\u00f3n en torno a un proyecto com\u00fan por el bien de este pa\u00eds que nos es tan querido\u00bb, concluy\u00f3 la declaraci\u00f3n.<\/p>\n<h2>La comunidad internacional saluda la memoria de las v\u00edctimas<\/h2>\n<p>M\u00e9xico rindi\u00f3 este jueves homenaje al pueblo haitiano y a las v\u00edctimas del\u00a0<strong>terremoto<\/strong>\u00a0que devast\u00f3 la capital hace 13 a\u00f1os, en un mensaje publicado en la cuenta oficial de su embajada en Hait\u00ed.<\/p>\n<p>\u00abDespu\u00e9s de uno de los d\u00edas m\u00e1s oscuros de su historia, Hait\u00ed ha podido contar con el apoyo de M\u00e9xico para superar la devastaci\u00f3n causada por esta calamidad\u00bb, dijo la breve nota.<\/p>\n<p>Por su parte, la embajada de Estados Unidos en Hait\u00ed present\u00f3 sus condolencias a quienes perdieron a seres queridos en este tr\u00e1gico suceso.<\/p>\n<p>\u00abNunca olvidaremos la valent\u00eda, la fuerza y la resistencia de los supervivientes y los incansables esfuerzos de los primeros intervinientes\u00bb, destac\u00f3 el comunicado.<\/p>\n<p>La representaci\u00f3n diplom\u00e1tica asegur\u00f3 que \u00abm\u00e1s que nunca, Estados Unidos est\u00e1 con el pueblo haitiano mientras recuerda aquel oscuro d\u00eda y traza el rumbo hacia un futuro mejor\u00bb.<\/p>\n<\/div>\n<div class=\"border-t border-b py-2 my-5 tags-container\">Fuente: EFE<\/div>\n<\/div>\n<\/div>\n","protected":false},"excerpt":{"rendered":"<p>Ariel Henry record\u00f3 a las v\u00edctimas del terremoto al depositar una corona de flores durante<\/p>\n","protected":false},"author":1,"featured_media":0,"comment_status":"open","ping_status":"open","sticky":false,"template":"","format":"standard","meta":{"footnotes":""},"categories":[16],"tags":[],"class_list":["post-3157","post","type-post","status-publish","format-standard","hentry","category-internacionales"],"_links":{"self":[{"href":"https:\/\/defrentealaverdad.com\/index.php\/wp-json\/wp\/v2\/posts\/3157","targetHints":{"allow":["GET"]}}],"collection":[{"href":"https:\/\/defrentealaverdad.com\/index.php\/wp-json\/wp\/v2\/posts"}],"about":[{"href":"https:\/\/defrentealaverdad.com\/index.php\/wp-json\/wp\/v2\/types\/post"}],"author":[{"embeddable":true,"href":"https:\/\/defrentealaverdad.com\/index.php\/wp-json\/wp\/v2\/users\/1"}],"replies":[{"embeddable":true,"href":"https:\/\/defrentealaverdad.com\/index.php\/wp-json\/wp\/v2\/comments?post=3157"}],"version-history":[{"count":1,"href":"https:\/\/defrentealaverdad.com\/index.php\/wp-json\/wp\/v2\/posts\/3157\/revisions"}],"predecessor-version":[{"id":3158,"href":"https:\/\/defrentealaverdad.com\/index.php\/wp-json\/wp\/v2\/posts\/3157\/revisions\/3158"}],"wp:attachment":[{"href":"https:\/\/defrentealaverdad.com\/index.php\/wp-json\/wp\/v2\/media?parent=3157"}],"wp:term":[{"taxonomy":"category","embeddable":true,"href":"https:\/\/defrentealaverdad.com\/index.php\/wp-json\/wp\/v2\/categories?post=3157"},{"taxonomy":"post_tag","embeddable":true,"href":"https:\/\/defrentealaverdad.com\/index.php\/wp-json\/wp\/v2\/tags?post=3157"}],"curies":[{"name":"wp","href":"https:\/\/api.w.org\/{rel}","templated":true}]}}