{"id":3154,"date":"2023-01-13T13:53:26","date_gmt":"2023-01-13T13:53:26","guid":{"rendered":"https:\/\/defrentealaverdad.com\/?p=3154"},"modified":"2023-01-13T13:53:26","modified_gmt":"2023-01-13T13:53:26","slug":"renuncia-el-ministro-de-trabajo-de-peru-tras-las-nuevas-muertes-en-las-protestas-contra-el-gobierno","status":"publish","type":"post","link":"https:\/\/defrentealaverdad.com\/index.php\/2023\/01\/13\/renuncia-el-ministro-de-trabajo-de-peru-tras-las-nuevas-muertes-en-las-protestas-contra-el-gobierno\/","title":{"rendered":"Renuncia el ministro de Trabajo de Per\u00fa tras las nuevas muertes en las protestas contra el Gobierno"},"content":{"rendered":"<div class=\"default-title\"><\/div>\n<div class=\"article-info\">\n<div class=\"c-detail__toolbar\">\n<p style=\"text-align: justify;\"><img decoding=\"async\" data-src=\"https:\/\/imagenes.eldebate.com\/files\/main_image\/files\/fp\/uploads\/2023\/01\/13\/63c0c79c3da44.r_d.209-130-22118.jpeg\" alt=\"Eduardo Garc\u00eda Birimisa\" src=\"data:image\/svg+xml;base64,PHN2ZyB3aWR0aD0iMSIgaGVpZ2h0PSIxIiB4bWxucz0iaHR0cDovL3d3dy53My5vcmcvMjAwMC9zdmciPjwvc3ZnPg==\" class=\"lazyload\" \/><\/p>\n<p style=\"text-align: justify;\">El ministro de Trabajo de Per\u00fa,<b>\u00a0Eduardo Garc\u00eda Birimisa<\/b>, present\u00f3 este jueves su carta de renuncia a la mandataria Dina Boluarte, a quien inst\u00f3 a pedir disculpas y a reconocer errores en la respuesta de su Gobierno a las protestas antigubernamentales que suman casi medio centenar de fallecidos desde diciembre, 21 de ellos en los \u00faltimos cuatro d\u00edas.<\/p>\n<\/div>\n<\/div>\n<div class=\"c-detail__body\" style=\"text-align: justify;\">\n<div class=\"paragraph\">\u00abAgradezco a la presidenta, Dina Boluarte, y al primer ministro, Alberto Ot\u00e1rola, por haberme dado la oportunidad de servir a mi pa\u00eds\u00bb, escribi\u00f3 Garc\u00eda Birimisa en su cuenta de Twitter, donde comparti\u00f3 la misiva que envi\u00f3 a la jefa de Estado.<\/div>\n<div id=\"m24571-24570-24572\" class=\"content-free-html  \">\n<div class=\"block-element container-center\">\n<div class=\"twitter-tweet twitter-tweet-rendered\"><\/div>\n<\/div>\n<\/div>\n<div class=\"paragraph\">En la carta, el ahora extitular de la cartera de Trabajo afirm\u00f3 que la crisis social y pol\u00edtica que vive Per\u00fa \u00ab<b>amerita un cambio de rostros en la direcci\u00f3n del pa\u00eds<\/b>\u00a0y de un adelanto de elecciones que no puede esperar hasta abril de 2024\u00bb. \u00abNo hacerlo creo que genera un desgaste que, al menos en mi caso, me inhabilita para poder poner en pr\u00e1ctica la construcci\u00f3n de un di\u00e1logo que considero necesita el pa\u00eds\u00bb, se lee en el documento.<\/div>\n<div id=\"SunMediaIntext\" class=\"content-add\">\n<div id=\"sm-it-main-container-1673618062524\" class=\"sm-it-main-container\" data-it=\"6ffd15ad-e905-4faf-9557-73a6e6d2f460\" data-device=\"desktop\" data-index=\"0\">\n<div id=\"sm-alternative-1673618062524\" class=\"sm-alternative\" data-it=\"6ffd15ad-e905-4faf-9557-73a6e6d2f460\" data-index=\"0\" data-device=\"desktop\"><\/div>\n<\/div>\n<\/div>\n<div class=\"paragraph\">\n<div class=\"c-detail__box c-detail__box-right c-detail__branded \">En este sentido, el exministro, quien asumi\u00f3 el cargo en diciembre pasado, defendi\u00f3 la necesidad de \u00abun acto pol\u00edtico\u00bb y \u00abde un <b>pronunciamiento del Gobierno que exprese el dolor\u00bb por la p\u00e9rdida de las 49 vidas\u00a0<\/b>que se han perdido en las protestas ciudadanas, que exigen la renuncia de Boluarte, el cierre del Congreso y nuevas elecciones para este a\u00f1o. \u00abSe requiere que se pida disculpas a la poblaci\u00f3n y que se reconozca que se han cometido errores que deben ser corregidos para que esto no se repita\u00bb, insisti\u00f3.<\/div>\n<\/div>\n<\/div>\n<div class=\"paragraph\" style=\"text-align: justify;\"><\/div>\n<div style=\"text-align: justify;\">Fuente: EFE<\/div>\n","protected":false},"excerpt":{"rendered":"<p>El ministro de Trabajo de Per\u00fa,\u00a0Eduardo Garc\u00eda Birimisa, present\u00f3 este jueves su carta de renuncia<\/p>\n","protected":false},"author":1,"featured_media":0,"comment_status":"open","ping_status":"open","sticky":false,"template":"","format":"standard","meta":{"footnotes":""},"categories":[16],"tags":[],"class_list":["post-3154","post","type-post","status-publish","format-standard","hentry","category-internacionales"],"_links":{"self":[{"href":"https:\/\/defrentealaverdad.com\/index.php\/wp-json\/wp\/v2\/posts\/3154","targetHints":{"allow":["GET"]}}],"collection":[{"href":"https:\/\/defrentealaverdad.com\/index.php\/wp-json\/wp\/v2\/posts"}],"about":[{"href":"https:\/\/defrentealaverdad.com\/index.php\/wp-json\/wp\/v2\/types\/post"}],"author":[{"embeddable":true,"href":"https:\/\/defrentealaverdad.com\/index.php\/wp-json\/wp\/v2\/users\/1"}],"replies":[{"embeddable":true,"href":"https:\/\/defrentealaverdad.com\/index.php\/wp-json\/wp\/v2\/comments?post=3154"}],"version-history":[{"count":1,"href":"https:\/\/defrentealaverdad.com\/index.php\/wp-json\/wp\/v2\/posts\/3154\/revisions"}],"predecessor-version":[{"id":3155,"href":"https:\/\/defrentealaverdad.com\/index.php\/wp-json\/wp\/v2\/posts\/3154\/revisions\/3155"}],"wp:attachment":[{"href":"https:\/\/defrentealaverdad.com\/index.php\/wp-json\/wp\/v2\/media?parent=3154"}],"wp:term":[{"taxonomy":"category","embeddable":true,"href":"https:\/\/defrentealaverdad.com\/index.php\/wp-json\/wp\/v2\/categories?post=3154"},{"taxonomy":"post_tag","embeddable":true,"href":"https:\/\/defrentealaverdad.com\/index.php\/wp-json\/wp\/v2\/tags?post=3154"}],"curies":[{"name":"wp","href":"https:\/\/api.w.org\/{rel}","templated":true}]}}