{"id":3150,"date":"2023-01-13T13:50:58","date_gmt":"2023-01-13T13:50:58","guid":{"rendered":"https:\/\/defrentealaverdad.com\/?p=3150"},"modified":"2023-01-13T13:52:18","modified_gmt":"2023-01-13T13:52:18","slug":"espaillat-anuncia-us630-mil-para-becas-de-arte-en-su-distrito-ny-13","status":"publish","type":"post","link":"https:\/\/defrentealaverdad.com\/index.php\/2023\/01\/13\/espaillat-anuncia-us630-mil-para-becas-de-arte-en-su-distrito-ny-13\/","title":{"rendered":"Espaillat anuncia US$630 mil para becas de arte en su distrito NY-13"},"content":{"rendered":"<div class=\"entry-header\">\n<div class=\"row\">\n<div class=\"col-md-6\">\n<p style=\"text-align: justify;\"><a class=\"gallery-popup\" href=\"https:\/\/hoy.com.do\/wp-content\/uploads\/2023\/01\/1-Espaillat-anuncia-US630-mil-para-25-becarios-en-su-distrito-NY-13.jpg\"><img decoding=\"async\" class=\"img-fluid lazyloaded\" src=\"https:\/\/hoy.com.do\/wp-content\/uploads\/2023\/01\/1-Espaillat-anuncia-US630-mil-para-25-becarios-en-su-distrito-NY-13.jpg\" alt=\"Espaillat anuncia US$630 mil para becas de arte en su distrito NY-13\" width=\"313\" height=\"348\" data-src=\"https:\/\/hoy.com.do\/wp-content\/uploads\/2023\/01\/1-Espaillat-anuncia-US630-mil-para-25-becarios-en-su-distrito-NY-13.jpg\" \/><\/a><\/p>\n<\/div>\n<\/div>\n<\/div>\n<div class=\"post-content-area\">\n<div class=\"post-media post-featured-image\" style=\"text-align: justify;\">\n<p><strong>Nueva York.<\/strong>\u00a0El congresista\u00a0Adriano Espaillat\u00a0(NY-13), en colaboraci\u00f3n con el Fondo Nacional para las Artes (National Endowment for the Arts) -NEA- anunci\u00f3 la primera ronda de adjudicaciones recomendadas para el a\u00f1o fiscal 2023, con m\u00e1s de $34 millones de d\u00f3lares en fondos para apoyar las artes en todo Estados Unidos, incluidos US$630,000 para su distrito congresual.<\/p>\n<\/div>\n<div id=\"leercontexto\" class=\"entry-content\">\n<p style=\"text-align: justify;\">Este es el primero de los dos principales anuncios de subvenciones del NEA cada a\u00f1o fiscal e incluye subvenciones a organizaciones a trav\u00e9s de las categor\u00edas de Subvenciones para Proyectos Art\u00edsticos, Challenge Am\u00e9rica (Desaf\u00edo Am\u00e9rica) y Subvenciones para Investigaci\u00f3n de la NEA. Este anuncio tambi\u00e9n incluye subvenciones a personas individuales para Becas de Literatura en escritura creativa (poes\u00eda) y traducci\u00f3n.<\/p>\n<p style=\"text-align: justify;\">Entre los beneficiarios figuran: Alianza de Compositores Estadounidenses Inc. con $10,000; Fundaci\u00f3n del Teatro Apollo con $55,000; BalletCollective Inc. con $10,000; Barnard College con $10,000; Born Dancing, Inc. con $10,000; Teatro Cl\u00e1sico de Harlem con $45,000; y Universidad Columbia en la ciudad de New York con $15,000.<\/p>\n<h6 style=\"text-align: justify;\"><img decoding=\"async\" class=\"wp-image-2538289 lazyautosizes lazyloaded\" style=\"font-size: 16px;\" src=\"https:\/\/hoy.com.do\/wp-content\/uploads\/2023\/01\/1-Congresista-Espaillat-es-juramentado-en-Camara-Representantes-EUA-durante-el-Congreso-118.jpg\" sizes=\"457px\" srcset=\"https:\/\/hoy.com.do\/wp-content\/uploads\/2023\/01\/1-Congresista-Espaillat-es-juramentado-en-Camara-Representantes-EUA-durante-el-Congreso-118.jpg 457w, https:\/\/hoy.com.do\/wp-content\/uploads\/2023\/01\/1-Congresista-Espaillat-es-juramentado-en-Camara-Representantes-EUA-durante-el-Congreso-118-394x300.jpg 394w\" alt=\"Espaillat\" width=\"457\" height=\"348\" data-src=\"https:\/\/hoy.com.do\/wp-content\/uploads\/2023\/01\/1-Congresista-Espaillat-es-juramentado-en-Camara-Representantes-EUA-durante-el-Congreso-118.jpg\" data-srcset=\"https:\/\/hoy.com.do\/wp-content\/uploads\/2023\/01\/1-Congresista-Espaillat-es-juramentado-en-Camara-Representantes-EUA-durante-el-Congreso-118.jpg 457w, https:\/\/hoy.com.do\/wp-content\/uploads\/2023\/01\/1-Congresista-Espaillat-es-juramentado-en-Camara-Representantes-EUA-durante-el-Congreso-118-394x300.jpg 394w\" data-sizes=\"auto\" \/><\/h6>\n<div class=\"wp-block-image\" style=\"text-align: justify;\">\n<figure class=\"aligncenter size-full\"><figcaption><\/figcaption><\/figure>\n<\/div>\n<p style=\"text-align: justify;\">Asimismo, Danza para una Poblaci\u00f3n Variable con $10,000; Bernard Ferguson con $25,000; Grupo Futuro Media con $25,000; Groove With Me, Inc. con $10,000; Harlem Chamber Players, Inc. con $10,000; Harlem Presenta, Inc. con $10,000; Harlem Stage, Inc. con $35,000; Escuela de Medicina Icahn en Mount Sinai con $150,000; y Proyecto Herencia Ltd. con $20,000<\/p>\n<p style=\"text-align: justify;\">Tambi\u00e9n, JACK M\u00fasica, Inc. con $15,000; Foro de Arte Coreano con $20,000; Laundromat Project, Inc. con $25,000; Laundromat Project, Inc. con $25,000; Museo de NYC con $25,000; Mentores Musicales Colaborativos, Inc. con $10,000; Instituto Nacional de Danza, Inc. con $30,000; Escuela de M\u00fasica de Harlem Opus 118 con $10,000; SoHarlem, Inc. con $35,000; y Grupo de Danza Stefanie Nelson con $10,000<\/p>\n<p style=\"text-align: justify;\">\u00abEstoy encantado de unirme al NEA en el anuncio que destaca el extraordinario talento art\u00edstico y creativo y los programas de arte en mi distrito\u00bb, dijo Espaillat. \u00abEspero continuar mi trabajo con cada una de las organizaciones beneficiarias y ser testigo de c\u00f3mo se utilizar\u00e1n estos fondos federales a trav\u00e9s de los programas y proyectos innovadores que planean desarrollar este a\u00f1o\u00bb.<\/p>\n<\/div>\n<\/div>\n<p>Fuente: Periodico HOY<\/p>\n","protected":false},"excerpt":{"rendered":"<p>Nueva York.\u00a0El congresista\u00a0Adriano Espaillat\u00a0(NY-13), en colaboraci\u00f3n con el Fondo Nacional para las Artes (National Endowment<\/p>\n","protected":false},"author":1,"featured_media":0,"comment_status":"open","ping_status":"open","sticky":false,"template":"","format":"standard","meta":{"footnotes":""},"categories":[16],"tags":[],"class_list":["post-3150","post","type-post","status-publish","format-standard","hentry","category-internacionales"],"_links":{"self":[{"href":"https:\/\/defrentealaverdad.com\/index.php\/wp-json\/wp\/v2\/posts\/3150","targetHints":{"allow":["GET"]}}],"collection":[{"href":"https:\/\/defrentealaverdad.com\/index.php\/wp-json\/wp\/v2\/posts"}],"about":[{"href":"https:\/\/defrentealaverdad.com\/index.php\/wp-json\/wp\/v2\/types\/post"}],"author":[{"embeddable":true,"href":"https:\/\/defrentealaverdad.com\/index.php\/wp-json\/wp\/v2\/users\/1"}],"replies":[{"embeddable":true,"href":"https:\/\/defrentealaverdad.com\/index.php\/wp-json\/wp\/v2\/comments?post=3150"}],"version-history":[{"count":3,"href":"https:\/\/defrentealaverdad.com\/index.php\/wp-json\/wp\/v2\/posts\/3150\/revisions"}],"predecessor-version":[{"id":3153,"href":"https:\/\/defrentealaverdad.com\/index.php\/wp-json\/wp\/v2\/posts\/3150\/revisions\/3153"}],"wp:attachment":[{"href":"https:\/\/defrentealaverdad.com\/index.php\/wp-json\/wp\/v2\/media?parent=3150"}],"wp:term":[{"taxonomy":"category","embeddable":true,"href":"https:\/\/defrentealaverdad.com\/index.php\/wp-json\/wp\/v2\/categories?post=3150"},{"taxonomy":"post_tag","embeddable":true,"href":"https:\/\/defrentealaverdad.com\/index.php\/wp-json\/wp\/v2\/tags?post=3150"}],"curies":[{"name":"wp","href":"https:\/\/api.w.org\/{rel}","templated":true}]}}