{"id":3140,"date":"2023-01-13T13:42:12","date_gmt":"2023-01-13T13:42:12","guid":{"rendered":"https:\/\/defrentealaverdad.com\/?p=3140"},"modified":"2023-01-13T13:42:21","modified_gmt":"2023-01-13T13:42:21","slug":"clinicas-cogen-todos-los-seguros-pero-medicos-no-aceptan-algunos","status":"publish","type":"post","link":"https:\/\/defrentealaverdad.com\/index.php\/2023\/01\/13\/clinicas-cogen-todos-los-seguros-pero-medicos-no-aceptan-algunos\/","title":{"rendered":"Cl\u00ednicas cogen todos los seguros pero m\u00e9dicos no aceptan algunos"},"content":{"rendered":"<p><img decoding=\"async\" data-src=\"https:\/\/images2.listindiario.com\/imagen\/2023\/01\/13\/758\/757767\/680x460\/202301130110331\/clinicas-cogen-todos-los-seguros-pero-medicos-no-aceptan-algunos.jpeg\" alt=\"Cl\u00ednicas cogen todos los seguros pero m\u00e9dicos no aceptan algunos \" src=\"data:image\/svg+xml;base64,PHN2ZyB3aWR0aD0iMSIgaGVpZ2h0PSIxIiB4bWxucz0iaHR0cDovL3d3dy53My5vcmcvMjAwMC9zdmciPjwvc3ZnPg==\" class=\"lazyload\" \/><\/p>\n<p style=\"text-align: justify;\">Los servicios de internamiento, anal\u00edticas, im\u00e1genes y otros propios de los establecimientos de salud privados se siguen ofreciendo sin restricci\u00f3n en las cl\u00ednicas privadas del pa\u00eds a los pacientes afiliados a todas las Administradoras de Riesgos de Salud (ARS), aunque en las consultas hay dificultades debido a la suspensi\u00f3n que mantiene el Colegio M\u00e9dico frente a algunas aseguradoras.<\/p>\n<p style=\"text-align: justify;\">El doctor Rafael Mena, presidente de la Asociaci\u00f3n de Cl\u00ednicas y Hospitales Privados (Andeclip), inform\u00f3 que esos establecimientos mantienen los servicios disponibles a los afiliados de todas las ARS para evitar perjudicar al paciente, aunque mantienen vigente su reclamo de que se cumpla con la ley en lo referente a la indexaci\u00f3n de las tarifas de servicios de acuerdo al \u00edndice de inflaci\u00f3n.<\/p>\n<p style=\"text-align: justify;\">No obstante, pacientes afiliados al Seguro Familiar de Salud (SFS) del r\u00e9gimen contributivo que acuden a los centros de salud en busca de consultas m\u00e9dicas presentan dificultades para ser atendidos debido a la disposici\u00f3n del Colegio M\u00e9dico Dominicano (CMD) y de las Sociedades Especializadas de suspender los servicios a varias ARS, dentro de un plan de lucha que el gremio lleva a cabo en demanda de cambios en el Sistema de Seguridad Social.<\/p>\n<p style=\"text-align: justify;\">\u201cLas cl\u00ednicas no han tomado todav\u00eda ninguna posici\u00f3n de suspender servicios a las ARS y\u00a0 seguimos prestando los servicios normales a los pacientes, de acuerdo a lo que tenemos pactados con ellas\u201d, se\u00f1al\u00f3 el presidente de Andeclip, al se\u00f1alar que ese sector se ha estado reuniendo con las ARS en busca de nuevos acuerdos, lo cual se ha ido logrando y puso como ejemplo que ya firmaron con Universal.<\/p>\n<p style=\"text-align: justify;\">Dijo que las cl\u00ednicas no pueden ofrecer las consultas a los pacientes, porque no son m\u00e9dicos, pero que el que requiere de un internamiento, an\u00e1lisis de sangre, placa, resonancia o cualquier otro estudio de imagen, se le est\u00e1 ofreciendo con la cobertura de su aseguradora.<\/p>\n<p style=\"text-align: justify;\">Se\u00f1al\u00f3 que eso es un gesto de las cl\u00ednicas en solidaridad con los pacientes, aunque se mantiene a espera de llegar\u00a0 a acuerdos razonables con la mayor\u00eda de las aseguradoras.<\/p>\n<p style=\"text-align: justify;\"><strong>Las suspensiones<\/strong><\/p>\n<p style=\"text-align: justify;\">Ante la falta de consenso frente a sus demandas, dentro del plan de lucha el CMD mantiene suspendidas las consultas y procedimientos electivos a pacientes afiliados a las ARS Universal, Mapfre Salud y Primera a nivel nacional y de manera regional a Monumental, en el Norte; Renacer en el Sur y Simag en el Este del pa\u00eds.<\/p>\n<p style=\"text-align: justify;\">La disposici\u00f3n del gremio es atender solamente las emergencias y los pacientes en condiciones cr\u00edticas afiliados a las ARS a las que han suspendido los servicios y ha advertido que seguir\u00e1 sumando otras intermediarias.<\/p>\n<p style=\"text-align: justify;\">Los m\u00e9dicos demandan un plan b\u00e1sico de salud que ofrezca mayor cobertura de salud y medicamentos, aumento de las tarifas por servicios,\u00a0 que las ARS no sigan asumiendo el rol de otorgar c\u00f3digos de contratos a los m\u00e9dicos, entre otras.<\/p>\n<p>&nbsp;<\/p>\n<p>Fuente: Listin Diario<\/p>\n","protected":false},"excerpt":{"rendered":"<p>Los servicios de internamiento, anal\u00edticas, im\u00e1genes y otros propios de los establecimientos de salud privados<\/p>\n","protected":false},"author":1,"featured_media":0,"comment_status":"open","ping_status":"open","sticky":false,"template":"","format":"standard","meta":{"footnotes":""},"categories":[7,221],"tags":[],"class_list":["post-3140","post","type-post","status-publish","format-standard","hentry","category-nacionales","category-salud"],"_links":{"self":[{"href":"https:\/\/defrentealaverdad.com\/index.php\/wp-json\/wp\/v2\/posts\/3140","targetHints":{"allow":["GET"]}}],"collection":[{"href":"https:\/\/defrentealaverdad.com\/index.php\/wp-json\/wp\/v2\/posts"}],"about":[{"href":"https:\/\/defrentealaverdad.com\/index.php\/wp-json\/wp\/v2\/types\/post"}],"author":[{"embeddable":true,"href":"https:\/\/defrentealaverdad.com\/index.php\/wp-json\/wp\/v2\/users\/1"}],"replies":[{"embeddable":true,"href":"https:\/\/defrentealaverdad.com\/index.php\/wp-json\/wp\/v2\/comments?post=3140"}],"version-history":[{"count":1,"href":"https:\/\/defrentealaverdad.com\/index.php\/wp-json\/wp\/v2\/posts\/3140\/revisions"}],"predecessor-version":[{"id":3141,"href":"https:\/\/defrentealaverdad.com\/index.php\/wp-json\/wp\/v2\/posts\/3140\/revisions\/3141"}],"wp:attachment":[{"href":"https:\/\/defrentealaverdad.com\/index.php\/wp-json\/wp\/v2\/media?parent=3140"}],"wp:term":[{"taxonomy":"category","embeddable":true,"href":"https:\/\/defrentealaverdad.com\/index.php\/wp-json\/wp\/v2\/categories?post=3140"},{"taxonomy":"post_tag","embeddable":true,"href":"https:\/\/defrentealaverdad.com\/index.php\/wp-json\/wp\/v2\/tags?post=3140"}],"curies":[{"name":"wp","href":"https:\/\/api.w.org\/{rel}","templated":true}]}}