{"id":3137,"date":"2023-01-13T13:40:34","date_gmt":"2023-01-13T13:40:34","guid":{"rendered":"https:\/\/defrentealaverdad.com\/?p=3137"},"modified":"2023-01-13T13:40:34","modified_gmt":"2023-01-13T13:40:34","slug":"hospitalizado-diputado-que-presidio-comision-para-estudio-de-fideicomiso-pro-pedernales","status":"publish","type":"post","link":"https:\/\/defrentealaverdad.com\/index.php\/2023\/01\/13\/hospitalizado-diputado-que-presidio-comision-para-estudio-de-fideicomiso-pro-pedernales\/","title":{"rendered":"Hospitalizado diputado que presidi\u00f3 comisi\u00f3n para estudio de Fideicomiso Pro-Pedernales"},"content":{"rendered":"<p style=\"text-align: justify;\"><img decoding=\"async\" data-src=\"https:\/\/resources.diariolibre.com\/images\/2023\/01\/12\/anibal-3a4e9fda-focus-0-0-895-573.jpg\" alt=\"Hospitalizado diputado que presidi\u00f3 comisi\u00f3n para estudio de Fideicomiso Pro-Pedernales\" src=\"data:image\/svg+xml;base64,PHN2ZyB3aWR0aD0iMSIgaGVpZ2h0PSIxIiB4bWxucz0iaHR0cDovL3d3dy53My5vcmcvMjAwMC9zdmciPjwvc3ZnPg==\" class=\"lazyload\" \/><\/p>\n<p style=\"text-align: justify;\">El diputado del Distrito Nacional por el Partido Revolucionario Moderno (PRM),\u00a0<strong>An\u00edbal D\u00edaz<\/strong>, fue hospitalizado la noche de este mi\u00e9rcoles y trasladado a la unidad de cuidados intensivos de un\u00a0<strong>centro de salud<\/strong>.<\/p>\n<p style=\"text-align: justify;\">El presidente de la\u00a0<strong>C\u00e1mara de Diputados<\/strong>,\u00a0<strong>Alfredo Pacheco<\/strong>, ofreci\u00f3 la informaci\u00f3n durante la sesi\u00f3n ordinaria de este jueves, quien indic\u00f3 que\u00a0<strong>D\u00edaz se encuentra estable.<\/strong>\u00a0Agrega que, debido a la mejor\u00eda de salud, el diputado podr\u00eda ser dado de alta hoy.<\/p>\n<p style=\"text-align: justify;\">El presidente @pachecoalfredoo informa que el diputado @anibaldiputado estuvo ingresado en cuidados intensivos por una especie de\u00a0<strong>infarto<\/strong>\u00a0que padeci\u00f3 ayer en la noche. Explica que el d\u00eda de hoy ser\u00e1 dado de alta, ya que gracias a Dios est\u00e1 estable\u00bb, dice un tuit publicado por la\u00a0<strong>C\u00e1mara de Diputados<\/strong>.<\/p>\n<p style=\"text-align: justify;\"><strong>An\u00edbal D\u00edaz<\/strong>\u00a0presidi\u00f3 la comisi\u00f3n especial que estudi\u00f3 Pro-Pedernales y este mi\u00e9rcoles tuvo un papel protag\u00f3nico en la sesi\u00f3n de los diputados, presentando la\u00a0adenda No. 3 al contrato de fideicomiso suscrito con la Fiduciaria Reservas y las modificaciones introducidas por el Poder Ejecutivo.<\/p>\n<p style=\"text-align: justify;\">De acuerdo con el congresista, se ha tenido mucha prudencia y cuidado en el manejo de dicho fideicomiso, por lo que solicit\u00f3 el voto favorable para la adenda.<\/p>\n<p style=\"text-align: justify;\">\n<p>Fuente: Diario Libre<\/p>\n","protected":false},"excerpt":{"rendered":"<p>El diputado del Distrito Nacional por el Partido Revolucionario Moderno (PRM),\u00a0An\u00edbal D\u00edaz, fue hospitalizado la<\/p>\n","protected":false},"author":1,"featured_media":0,"comment_status":"open","ping_status":"open","sticky":false,"template":"","format":"standard","meta":{"footnotes":""},"categories":[7],"tags":[],"class_list":["post-3137","post","type-post","status-publish","format-standard","hentry","category-nacionales"],"_links":{"self":[{"href":"https:\/\/defrentealaverdad.com\/index.php\/wp-json\/wp\/v2\/posts\/3137","targetHints":{"allow":["GET"]}}],"collection":[{"href":"https:\/\/defrentealaverdad.com\/index.php\/wp-json\/wp\/v2\/posts"}],"about":[{"href":"https:\/\/defrentealaverdad.com\/index.php\/wp-json\/wp\/v2\/types\/post"}],"author":[{"embeddable":true,"href":"https:\/\/defrentealaverdad.com\/index.php\/wp-json\/wp\/v2\/users\/1"}],"replies":[{"embeddable":true,"href":"https:\/\/defrentealaverdad.com\/index.php\/wp-json\/wp\/v2\/comments?post=3137"}],"version-history":[{"count":1,"href":"https:\/\/defrentealaverdad.com\/index.php\/wp-json\/wp\/v2\/posts\/3137\/revisions"}],"predecessor-version":[{"id":3138,"href":"https:\/\/defrentealaverdad.com\/index.php\/wp-json\/wp\/v2\/posts\/3137\/revisions\/3138"}],"wp:attachment":[{"href":"https:\/\/defrentealaverdad.com\/index.php\/wp-json\/wp\/v2\/media?parent=3137"}],"wp:term":[{"taxonomy":"category","embeddable":true,"href":"https:\/\/defrentealaverdad.com\/index.php\/wp-json\/wp\/v2\/categories?post=3137"},{"taxonomy":"post_tag","embeddable":true,"href":"https:\/\/defrentealaverdad.com\/index.php\/wp-json\/wp\/v2\/tags?post=3137"}],"curies":[{"name":"wp","href":"https:\/\/api.w.org\/{rel}","templated":true}]}}