{"id":3135,"date":"2023-01-13T13:39:21","date_gmt":"2023-01-13T13:39:21","guid":{"rendered":"https:\/\/defrentealaverdad.com\/?p=3135"},"modified":"2023-01-13T13:39:21","modified_gmt":"2023-01-13T13:39:21","slug":"abinader-asegura-aumento-de-gasto-social-fue-garantia-de-paz-social-en-2022","status":"publish","type":"post","link":"https:\/\/defrentealaverdad.com\/index.php\/2023\/01\/13\/abinader-asegura-aumento-de-gasto-social-fue-garantia-de-paz-social-en-2022\/","title":{"rendered":"Abinader asegura aumento de \u201cgasto social\u201d fue garant\u00eda de \u201cpaz social\u201d en 2022"},"content":{"rendered":"<p style=\"text-align: justify;\"><img decoding=\"async\" src=\"https:\/\/img-s-msn-com.akamaized.net\/tenant\/amp\/entityid\/AA16hZs3.img?h=630&amp;w=1200&amp;m=6&amp;q=60&amp;o=t&amp;l=f&amp;f=jpg&amp;x=393&amp;y=231\" alt=\"ABINADER ASEGURA AUMENTO DE &quot;GASTO SOCIAL&quot; FUE GARANT\u00cdA DE \u201cPAZ SOCIAL\u201d EN  2022\" \/><\/p>\n<p style=\"text-align: justify;\">El presidente Luis Abinader asegur\u00f3 el aumento del\u00a0<strong>\u201cgasto social\u201d<\/strong>\u00a0durante el a\u00f1o pasado, con la garant\u00eda de la \u201cpaz social\u201d en el pa\u00eds.<\/p>\n<div class=\"code-block code-block-2\" style=\"text-align: justify;\"><ins class=\"adsbygoogle\" data-ad-client=\"ca-pub-7651173332025401\" data-ad-slot=\"3479079422\" data-ad-format=\"auto\" data-full-width-responsive=\"true\" data-adsbygoogle-status=\"done\" data-ad-status=\"unfilled\"><\/p>\n<div id=\"aswift_1_host\" tabindex=\"0\" title=\"Advertisement\" aria-label=\"Advertisement\"><strong>\u201cHemos aumentado significativamente el gasto social y ese gasto social y los subsidios que tuvimos el a\u00f1o pasado fueron los que nos garantizaron la paz social\u201d,<\/strong>\u00a0manifest\u00f3 Abinader.<\/div>\n<p><\/ins><\/div>\n<p class=\" aBigClassNameToAvoidCollisionInText\" style=\"text-align: justify;\">En ese sentido, el primer mandatario indic\u00f3 que el gasto social es \u201cfundamental\u201d en el crecimiento econ\u00f3mico, al tiempo de calificar\u00a0<strong>su gobierno como \u201cpro empleo y pro empresa\u201d<\/strong>\u00a0y se\u00f1al\u00f3 que para lograr ambos factores hay que \u201ccrear riquezas para garantizar la equidad\u201d.<\/p>\n<div class=\"code-block code-block-3\" style=\"text-align: justify;\"><ins class=\"adsbygoogle\" data-ad-client=\"ca-pub-7651173332025401\" data-ad-slot=\"3479079422\" data-ad-format=\"auto\" data-full-width-responsive=\"true\" data-adsbygoogle-status=\"done\" data-ad-status=\"unfilled\"><\/p>\n<div id=\"aswift_2_host\" tabindex=\"0\" title=\"Advertisement\" aria-label=\"Advertisement\">\u201cPara conseguir la igualdad, equidad y justicia social, <strong>tenemos que crear riquezas, porque si no lo que vas es a distribuir pobreza\u201d,\u00a0<\/strong>destac\u00f3 el mandatario.<\/div>\n<p><\/ins><\/div>\n<p style=\"text-align: justify;\">Abinader se refiri\u00f3 en estos t\u00e9rminos en la juramentaci\u00f3n de la junta de directivos del Consejo Nacional de la Empresa Privada (Conep), para el periodo 2023-2024, la cual presidir\u00e1 Celso Marranzini.<\/p>\n<p style=\"text-align: justify;\">En el acto el jefe de estado recibi\u00f3 un reconocimiento de parte del grupo empresarial por sus acciones \u201corientadas al desarrollo sostenible de nuestra naci\u00f3n\u201d, ante esto Abinader agradeci\u00f3 la distinci\u00f3n y expres\u00f3 su \u201ccompromiso\u201d con el pa\u00eds y el gremio empresarial.<\/p>\n<p>&nbsp;<\/p>\n<p>Fuente: Z101 Digital<\/p>\n","protected":false},"excerpt":{"rendered":"<p>El presidente Luis Abinader asegur\u00f3 el aumento del\u00a0\u201cgasto social\u201d\u00a0durante el a\u00f1o pasado, con la garant\u00eda<\/p>\n","protected":false},"author":1,"featured_media":0,"comment_status":"open","ping_status":"open","sticky":false,"template":"","format":"standard","meta":{"footnotes":""},"categories":[2,7],"tags":[],"class_list":["post-3135","post","type-post","status-publish","format-standard","hentry","category-economicas","category-nacionales"],"_links":{"self":[{"href":"https:\/\/defrentealaverdad.com\/index.php\/wp-json\/wp\/v2\/posts\/3135","targetHints":{"allow":["GET"]}}],"collection":[{"href":"https:\/\/defrentealaverdad.com\/index.php\/wp-json\/wp\/v2\/posts"}],"about":[{"href":"https:\/\/defrentealaverdad.com\/index.php\/wp-json\/wp\/v2\/types\/post"}],"author":[{"embeddable":true,"href":"https:\/\/defrentealaverdad.com\/index.php\/wp-json\/wp\/v2\/users\/1"}],"replies":[{"embeddable":true,"href":"https:\/\/defrentealaverdad.com\/index.php\/wp-json\/wp\/v2\/comments?post=3135"}],"version-history":[{"count":1,"href":"https:\/\/defrentealaverdad.com\/index.php\/wp-json\/wp\/v2\/posts\/3135\/revisions"}],"predecessor-version":[{"id":3136,"href":"https:\/\/defrentealaverdad.com\/index.php\/wp-json\/wp\/v2\/posts\/3135\/revisions\/3136"}],"wp:attachment":[{"href":"https:\/\/defrentealaverdad.com\/index.php\/wp-json\/wp\/v2\/media?parent=3135"}],"wp:term":[{"taxonomy":"category","embeddable":true,"href":"https:\/\/defrentealaverdad.com\/index.php\/wp-json\/wp\/v2\/categories?post=3135"},{"taxonomy":"post_tag","embeddable":true,"href":"https:\/\/defrentealaverdad.com\/index.php\/wp-json\/wp\/v2\/tags?post=3135"}],"curies":[{"name":"wp","href":"https:\/\/api.w.org\/{rel}","templated":true}]}}