{"id":3133,"date":"2023-01-13T13:35:29","date_gmt":"2023-01-13T13:35:29","guid":{"rendered":"https:\/\/defrentealaverdad.com\/?p=3133"},"modified":"2023-01-13T13:35:29","modified_gmt":"2023-01-13T13:35:29","slug":"7-millones-de-turistas-vinieron-a-rd-en-el-2022","status":"publish","type":"post","link":"https:\/\/defrentealaverdad.com\/index.php\/2023\/01\/13\/7-millones-de-turistas-vinieron-a-rd-en-el-2022\/","title":{"rendered":"7 millones de turistas vinieron a RD en el 2022"},"content":{"rendered":"<p style=\"text-align: justify;\"><img decoding=\"async\" data-src=\"https:\/\/images2.listindiario.com\/imagen\/2023\/01\/13\/758\/757774\/680x460\/202301130133171\/7-millones-de-turistas-vinieron-a-rd-en-el-2022.jpeg\" alt=\"7 millones de turistas vinieron a RD en el 2022\" src=\"data:image\/svg+xml;base64,PHN2ZyB3aWR0aD0iMSIgaGVpZ2h0PSIxIiB4bWxucz0iaHR0cDovL3d3dy53My5vcmcvMjAwMC9zdmciPjwvc3ZnPg==\" class=\"lazyload\" \/><\/p>\n<p style=\"text-align: justify;\">En un acto encabezado por el presidente, Luis Abinader, el ministro de Turismo, David Collado, expuso los resultados del sector durante el 2022 donde predomin\u00f3 el ingreso de m\u00e1s de 7 millones de turistas que visitaron al pa\u00eds por v\u00eda \u00e1rea y cruceros.<\/p>\n<p style=\"text-align: justify;\">Explic\u00f3 que el sector creci\u00f3 en un 10% respecto al 2019 en materia de llegada de turistas por v\u00eda a\u00e9rea y un 20% en materia de llegada de visitantes por v\u00eda de cruceros respecto a ese a\u00f1o, por lo que llegamos a un total sin precedentes de 8.47 millones de d\u00f3lares en ingresos del sector.<\/p>\n<p style=\"text-align: justify;\">Detall\u00f3 que por primera vez en la historia el pa\u00eds super\u00f3 esta cantidad de turistas en un a\u00f1o, logrando un total de 7,165,387 de enero a diciembre del 2022.<\/p>\n<p style=\"text-align: justify;\">Indic\u00f3 que en el 2022 \u201cse rompi\u00f3 el r\u00e9cord de visitantes en cruceros que visitan el pa\u00eds, totalizando 1,311,129 cruceristas el a\u00f1o pasado\u201d.<\/p>\n<p style=\"text-align: justify;\">Solo en el mes de diciembre, en v\u00edspera de las festividades de Nochebuena y A\u00f1o Nuevo, el aeropuerto que cont\u00f3 con la mayor llegada de turistas fue el de Punta Cana con m\u00e1s de 425 mil y el segundo m\u00e1s concurrido, fue el de Las Am\u00e9ricas con unos 206 mil turistas.<\/p>\n<p style=\"text-align: justify;\"><strong>Pa\u00edses m\u00e1s emisores<\/strong><\/p>\n<p style=\"text-align: justify;\">El pa\u00eds n\u00famero uno emisor de turistas para Rep\u00fablica Dominicana fue Estados Unidos, seguido de Canad\u00e1, Colombia, Argentina y Alemania.<\/p>\n<p style=\"text-align: justify;\">Se estima que por primera vez el sector tur\u00edstico gener\u00f3 m\u00e1s de 8 mil millones de d\u00f3lares en divisas, seg\u00fan los datos preliminares.<\/p>\n<p style=\"text-align: justify;\">La ocupaci\u00f3n hotelera, se indic\u00f3 que la misma alcanz\u00f3 un 76% a nivel nacional en diciembre 2022, superando el 69% de ocupaci\u00f3n que se tuvo en 2019 previo a la pandemia. Los destinos con mayor ocupaci\u00f3n fueron Punta Cana-B\u00e1varo y Romana-Bayah\u00edbe con un 79% y 78% respectivamente.<\/p>\n","protected":false},"excerpt":{"rendered":"<p>En un acto encabezado por el presidente, Luis Abinader, el ministro de Turismo, David Collado,<\/p>\n","protected":false},"author":1,"featured_media":0,"comment_status":"open","ping_status":"open","sticky":false,"template":"","format":"standard","meta":{"footnotes":""},"categories":[7,11],"tags":[],"class_list":["post-3133","post","type-post","status-publish","format-standard","hentry","category-nacionales","category-turismo"],"_links":{"self":[{"href":"https:\/\/defrentealaverdad.com\/index.php\/wp-json\/wp\/v2\/posts\/3133","targetHints":{"allow":["GET"]}}],"collection":[{"href":"https:\/\/defrentealaverdad.com\/index.php\/wp-json\/wp\/v2\/posts"}],"about":[{"href":"https:\/\/defrentealaverdad.com\/index.php\/wp-json\/wp\/v2\/types\/post"}],"author":[{"embeddable":true,"href":"https:\/\/defrentealaverdad.com\/index.php\/wp-json\/wp\/v2\/users\/1"}],"replies":[{"embeddable":true,"href":"https:\/\/defrentealaverdad.com\/index.php\/wp-json\/wp\/v2\/comments?post=3133"}],"version-history":[{"count":1,"href":"https:\/\/defrentealaverdad.com\/index.php\/wp-json\/wp\/v2\/posts\/3133\/revisions"}],"predecessor-version":[{"id":3134,"href":"https:\/\/defrentealaverdad.com\/index.php\/wp-json\/wp\/v2\/posts\/3133\/revisions\/3134"}],"wp:attachment":[{"href":"https:\/\/defrentealaverdad.com\/index.php\/wp-json\/wp\/v2\/media?parent=3133"}],"wp:term":[{"taxonomy":"category","embeddable":true,"href":"https:\/\/defrentealaverdad.com\/index.php\/wp-json\/wp\/v2\/categories?post=3133"},{"taxonomy":"post_tag","embeddable":true,"href":"https:\/\/defrentealaverdad.com\/index.php\/wp-json\/wp\/v2\/tags?post=3133"}],"curies":[{"name":"wp","href":"https:\/\/api.w.org\/{rel}","templated":true}]}}