{"id":3074,"date":"2023-01-12T14:30:47","date_gmt":"2023-01-12T14:30:47","guid":{"rendered":"https:\/\/defrentealaverdad.com\/?p=3074"},"modified":"2023-01-12T14:31:48","modified_gmt":"2023-01-12T14:31:48","slug":"turismo-y-cultura-inician-proyecto-que-amplia-la-rehabilitacion-de-la-ciudad-colonial","status":"publish","type":"post","link":"https:\/\/defrentealaverdad.com\/index.php\/2023\/01\/12\/turismo-y-cultura-inician-proyecto-que-amplia-la-rehabilitacion-de-la-ciudad-colonial\/","title":{"rendered":"Turismo y Cultura inician proyecto que ampl\u00eda la rehabilitaci\u00f3n de la Ciudad Colonial"},"content":{"rendered":"<div class=\"td-post-featured-image\"><a class=\"td-modal-image\" href=\"https:\/\/lamilesima.com.do\/wp-content\/uploads\/2023\/01\/11012023-remozamiento-zona-colonial-joliver-brito21-8d979a6e-focus-0-0-895-573.jpg\" data-caption=\"\"><img decoding=\"async\" class=\"entry-thumb td-animation-stack-type0-2 lazyload\" title=\"11012023-remozamiento-zona-colonial---joliver-brito21-8d979a6e-focus-0-0-895-573\" data-src=\"https:\/\/lamilesima.com.do\/wp-content\/uploads\/2023\/01\/11012023-remozamiento-zona-colonial-joliver-brito21-8d979a6e-focus-0-0-895-573-696x446.jpg\" data-sizes=\"(max-width: 696px) 100vw, 696px\" data-srcset=\"https:\/\/lamilesima.com.do\/wp-content\/uploads\/2023\/01\/11012023-remozamiento-zona-colonial-joliver-brito21-8d979a6e-focus-0-0-895-573-696x446.jpg 696w, https:\/\/lamilesima.com.do\/wp-content\/uploads\/2023\/01\/11012023-remozamiento-zona-colonial-joliver-brito21-8d979a6e-focus-0-0-895-573-300x192.jpg 300w, https:\/\/lamilesima.com.do\/wp-content\/uploads\/2023\/01\/11012023-remozamiento-zona-colonial-joliver-brito21-8d979a6e-focus-0-0-895-573-768x492.jpg 768w, https:\/\/lamilesima.com.do\/wp-content\/uploads\/2023\/01\/11012023-remozamiento-zona-colonial-joliver-brito21-8d979a6e-focus-0-0-895-573-656x420.jpg 656w, https:\/\/lamilesima.com.do\/wp-content\/uploads\/2023\/01\/11012023-remozamiento-zona-colonial-joliver-brito21-8d979a6e-focus-0-0-895-573.jpg 895w\" alt=\"\" width=\"696\" height=\"446\" src=\"data:image\/svg+xml;base64,PHN2ZyB3aWR0aD0iMSIgaGVpZ2h0PSIxIiB4bWxucz0iaHR0cDovL3d3dy53My5vcmcvMjAwMC9zdmciPjwvc3ZnPg==\" style=\"--smush-placeholder-width: 696px; --smush-placeholder-aspect-ratio: 696\/446;\" \/><\/a><\/div>\n<p style=\"text-align: justify;\">Santo Domingo.-\u201cLe lleg\u00f3 el momento a la Ciudad Colonial\u201d\u2026 con esa expresi\u00f3n del ministro de Turismo, David Collado, se dej\u00f3 iniciado este mi\u00e9rcoles el \u201cProyecto de Reconstrucci\u00f3n y Acondicionamiento de Calles, Aceras y Contenes de Ciudad Colonial\u201d, complementario al que ejecuta el Banco Interamericano de Desarrollo (BID) por un monto de 90 millones de d\u00f3lares en parte del centro hist\u00f3rico.<\/p>\n<p style=\"text-align: justify;\">Se trata de un proyecto que busca impactar a los residentes en la parte norte o alta de los sectores Santa B\u00e1rbara, San Ant\u00f3n, San Miguel y San L\u00e1zaro con la reconstrucci\u00f3n de 17 tramos de calles por valor de 110 millones de pesos, de un total de 460 millones que comprende la intervenci\u00f3n del Alc\u00e1zar de Col\u00f3n, el Pante\u00f3n de la Patria y la Puerta de la Misericordia, entre otras obras.<\/p>\n<p style=\"text-align: justify;\">Las calles que ser\u00edan intervenidas en la parte norte son: Polvor\u00edn, tramo Mercedes Juan Isidro P\u00e9rez; Restauraci\u00f3n, Jos\u00e9 Reyes, Meri\u00f1o; Duarte, Restauraci\u00f3n La Noria; Jos\u00e9 Reyes, tramo Las Mercedes. Tambi\u00e9n la Santom\u00e9, Espaillat, S\u00e1nchez, Santiago, Francisco Cer\u00f3n, 19 de Marzo, Juan Isidro P\u00e9rez, Vicente Celestino Duarte y Jos\u00e9 Gabriel Garc\u00eda. En todas ellas se trabajar\u00e1 en las aceras, calles y el drenaje pluvial.<\/p>\n<p style=\"text-align: justify;\">Collado dio el primer picazo del proyecto, junto a la ministra de Cultura, Milagros Germ\u00e1n; a la representante de la Alcaldesa Carolina Mej\u00eda, se\u00f1ora Rosal\u00eda F\u00e9liz; a Juan Mubarak, director de Patrimonio Monumental; a David Llibre, presidente de la Asociaci\u00f3n de Hoteles y Turismo de la Rep\u00fablica Dominicana (Asonahores) y a William Garc\u00eda, presidente de la Uni\u00f3n de Juntas de Vecinos de Ciudad Colonial.<\/p>\n<p style=\"text-align: justify;\">Fuente: La Milsesima<\/p>\n","protected":false},"excerpt":{"rendered":"<p>Santo Domingo.-\u201cLe lleg\u00f3 el momento a la Ciudad Colonial\u201d\u2026 con esa expresi\u00f3n del ministro de<\/p>\n","protected":false},"author":1,"featured_media":0,"comment_status":"open","ping_status":"open","sticky":false,"template":"","format":"standard","meta":{"footnotes":""},"categories":[7,11],"tags":[],"class_list":["post-3074","post","type-post","status-publish","format-standard","hentry","category-nacionales","category-turismo"],"_links":{"self":[{"href":"https:\/\/defrentealaverdad.com\/index.php\/wp-json\/wp\/v2\/posts\/3074","targetHints":{"allow":["GET"]}}],"collection":[{"href":"https:\/\/defrentealaverdad.com\/index.php\/wp-json\/wp\/v2\/posts"}],"about":[{"href":"https:\/\/defrentealaverdad.com\/index.php\/wp-json\/wp\/v2\/types\/post"}],"author":[{"embeddable":true,"href":"https:\/\/defrentealaverdad.com\/index.php\/wp-json\/wp\/v2\/users\/1"}],"replies":[{"embeddable":true,"href":"https:\/\/defrentealaverdad.com\/index.php\/wp-json\/wp\/v2\/comments?post=3074"}],"version-history":[{"count":2,"href":"https:\/\/defrentealaverdad.com\/index.php\/wp-json\/wp\/v2\/posts\/3074\/revisions"}],"predecessor-version":[{"id":3076,"href":"https:\/\/defrentealaverdad.com\/index.php\/wp-json\/wp\/v2\/posts\/3074\/revisions\/3076"}],"wp:attachment":[{"href":"https:\/\/defrentealaverdad.com\/index.php\/wp-json\/wp\/v2\/media?parent=3074"}],"wp:term":[{"taxonomy":"category","embeddable":true,"href":"https:\/\/defrentealaverdad.com\/index.php\/wp-json\/wp\/v2\/categories?post=3074"},{"taxonomy":"post_tag","embeddable":true,"href":"https:\/\/defrentealaverdad.com\/index.php\/wp-json\/wp\/v2\/tags?post=3074"}],"curies":[{"name":"wp","href":"https:\/\/api.w.org\/{rel}","templated":true}]}}