{"id":3059,"date":"2023-01-12T14:13:37","date_gmt":"2023-01-12T14:13:37","guid":{"rendered":"https:\/\/defrentealaverdad.com\/?p=3059"},"modified":"2023-01-12T14:13:37","modified_gmt":"2023-01-12T14:13:37","slug":"el-nuevo-diario-en-la-tarde-integra-a-su-staff-a-la-comunicadora-nikauly-de-la-mota","status":"publish","type":"post","link":"https:\/\/defrentealaverdad.com\/index.php\/2023\/01\/12\/el-nuevo-diario-en-la-tarde-integra-a-su-staff-a-la-comunicadora-nikauly-de-la-mota\/","title":{"rendered":"El Nuevo Diario en la Tarde integra a su staff a la comunicadora Nikauly de la Mota"},"content":{"rendered":"<p style=\"text-align: justify;\"><img decoding=\"async\" data-src=\"https:\/\/live.mrf.io\/statics\/i\/ps\/images2.listindiario.com\/imagen\/2021\/04\/14\/666\/665818\/680x460\/202104141644211\/nikauly-de-la-mota-lanza-su-libro-tu-eliges-transformacion-o-muerte.jpeg?width=1200&amp;enable=upscale\" alt=\"Nikauly de la Mota lanza su libro \u201cT\u00fa eliges transformaci\u00f3n o muerte\u201d |  List\u00edn Diario\" width=\"1019\" height=\"1680\" src=\"data:image\/svg+xml;base64,PHN2ZyB3aWR0aD0iMSIgaGVpZ2h0PSIxIiB4bWxucz0iaHR0cDovL3d3dy53My5vcmcvMjAwMC9zdmciPjwvc3ZnPg==\" class=\"lazyload\" style=\"--smush-placeholder-width: 1019px; --smush-placeholder-aspect-ratio: 1019\/1680;\" \/><\/p>\n<p>&nbsp;<\/p>\n<p style=\"text-align: justify;\">EL NUEVO DIARIO, SANTO DOMINGO. \u2013 El programa El Nuevo Diario en la Tarde, que se transmite de lunes a viernes por la plataforma digital de El Nuevo Diario, contin\u00faa fortaleciendo su staff de talentos para llevar a su p\u00fablico una propuesta diferente en cada entrega, es por ello que en el d\u00eda de hoy mi\u00e9rcoles incluy\u00f3 a la comunicadora Nikauly de la Mota.<\/p>\n<p style=\"text-align: justify;\">Nikauly de la Mota es una comunicadora que se ha destacado en diversas \u00e1reas de la comunicaci\u00f3n, ha incursionado con \u00e9xito desde su ni\u00f1ez en la televisi\u00f3n, la radio y la actuaci\u00f3n, as\u00ed como en los medios escritos.<\/p>\n<div class=\"banner-contenido\" style=\"text-align: justify;\">\n<div id=\"div-gpt-ad-1565283910678-0\" data-google-query-id=\"CNzM-J6bwvwCFVPYhwodTRAIYg\">\n<div id=\"google_ads_iframe_\/173239197\/Banner_Noticia_Contenido_300x250_0__container__\">La presentadora tambi\u00e9n trabaj\u00f3 en el servicio diplom\u00e1tico dominicano en el exterior, en la administraci\u00f3n del expresidente Danilo Medina.<\/div>\n<\/div>\n<\/div>\n<p style=\"text-align: justify;\">De la Mota se une a los tambi\u00e9n comunicadores Jaime Rinc\u00f3n, Aneudy Ram\u00edrez, Julio Samuel Sierra, Edward Ram\u00edrez, Gloria Marranzini y Eily Encarnaci\u00f3n.<\/p>\n<p style=\"text-align: justify;\">La tambi\u00e9n actriz agradeci\u00f3 a la gerencia de El Nuevo Diario, en la persona de don Persio Maldonado S\u00e1nchez, por la oportunidad de pertenecer al citado programa, as\u00ed como a sus colegas conductores por la afectiva bienvenida.<\/p>\n<p style=\"text-align: justify;\">\u201cMuy buenas tardes, gracias por ese cari\u00f1o (\u2026) me siento feliz y muy contenta de pertenecer a este maravilloso equipo de El Nuevo Diario en la Tarde (\u2026) gracias tambi\u00e9n a mi estimado Persio (Persio Maldonado S\u00e1nchez) que me da la oportunidad de est\u00e1r aqu\u00ed\u201d, resalt\u00f3 mientras ofreci\u00f3 detalles de su trayectoria en los medios de comunicaci\u00f3n.<\/p>\n<p style=\"text-align: justify;\">El Nuevo Diario en la Tarde contiene una programaci\u00f3n donde se analizan los temas pol\u00edticos, culturales, econ\u00f3micos y sociales, tanto de la Rep\u00fablica Dominicana como los acontecimientos m\u00e1s relevantes a nivel mundial.<\/p>\n<p>&nbsp;<\/p>\n<p>Fuente: Externa<\/p>\n","protected":false},"excerpt":{"rendered":"<p>&nbsp; EL NUEVO DIARIO, SANTO DOMINGO. \u2013 El programa El Nuevo Diario en la Tarde,<\/p>\n","protected":false},"author":1,"featured_media":0,"comment_status":"open","ping_status":"open","sticky":false,"template":"","format":"standard","meta":{"footnotes":""},"categories":[6,7],"tags":[],"class_list":["post-3059","post","type-post","status-publish","format-standard","hentry","category-espectaculos","category-nacionales"],"_links":{"self":[{"href":"https:\/\/defrentealaverdad.com\/index.php\/wp-json\/wp\/v2\/posts\/3059","targetHints":{"allow":["GET"]}}],"collection":[{"href":"https:\/\/defrentealaverdad.com\/index.php\/wp-json\/wp\/v2\/posts"}],"about":[{"href":"https:\/\/defrentealaverdad.com\/index.php\/wp-json\/wp\/v2\/types\/post"}],"author":[{"embeddable":true,"href":"https:\/\/defrentealaverdad.com\/index.php\/wp-json\/wp\/v2\/users\/1"}],"replies":[{"embeddable":true,"href":"https:\/\/defrentealaverdad.com\/index.php\/wp-json\/wp\/v2\/comments?post=3059"}],"version-history":[{"count":1,"href":"https:\/\/defrentealaverdad.com\/index.php\/wp-json\/wp\/v2\/posts\/3059\/revisions"}],"predecessor-version":[{"id":3060,"href":"https:\/\/defrentealaverdad.com\/index.php\/wp-json\/wp\/v2\/posts\/3059\/revisions\/3060"}],"wp:attachment":[{"href":"https:\/\/defrentealaverdad.com\/index.php\/wp-json\/wp\/v2\/media?parent=3059"}],"wp:term":[{"taxonomy":"category","embeddable":true,"href":"https:\/\/defrentealaverdad.com\/index.php\/wp-json\/wp\/v2\/categories?post=3059"},{"taxonomy":"post_tag","embeddable":true,"href":"https:\/\/defrentealaverdad.com\/index.php\/wp-json\/wp\/v2\/tags?post=3059"}],"curies":[{"name":"wp","href":"https:\/\/api.w.org\/{rel}","templated":true}]}}