{"id":3034,"date":"2023-01-10T19:24:24","date_gmt":"2023-01-10T19:24:24","guid":{"rendered":"https:\/\/defrentealaverdad.com\/?p=3034"},"modified":"2023-01-10T19:24:24","modified_gmt":"2023-01-10T19:24:24","slug":"ministerio-de-agricultura-supervisa-siembra-de-habichuela-en-la-provincia-san-juan","status":"publish","type":"post","link":"https:\/\/defrentealaverdad.com\/index.php\/2023\/01\/10\/ministerio-de-agricultura-supervisa-siembra-de-habichuela-en-la-provincia-san-juan\/","title":{"rendered":"Ministerio de Agricultura supervisa siembra de habichuela en la provincia San Juan"},"content":{"rendered":"<p style=\"text-align: justify;\"><img decoding=\"async\" class=\"alignnone size-medium wp-image-3035 lazyload\" data-src=\"https:\/\/defrentealaverdad.com\/wp-content\/uploads\/2023\/01\/WhatsApp-Image-2023-01-10-at-15.17.20-300x225.jpeg\" alt=\"\" width=\"300\" height=\"225\" data-srcset=\"https:\/\/defrentealaverdad.com\/wp-content\/uploads\/2023\/01\/WhatsApp-Image-2023-01-10-at-15.17.20-300x225.jpeg 300w, https:\/\/defrentealaverdad.com\/wp-content\/uploads\/2023\/01\/WhatsApp-Image-2023-01-10-at-15.17.20-1024x768.jpeg 1024w, https:\/\/defrentealaverdad.com\/wp-content\/uploads\/2023\/01\/WhatsApp-Image-2023-01-10-at-15.17.20-768x576.jpeg 768w, https:\/\/defrentealaverdad.com\/wp-content\/uploads\/2023\/01\/WhatsApp-Image-2023-01-10-at-15.17.20-720x540.jpeg 720w, https:\/\/defrentealaverdad.com\/wp-content\/uploads\/2023\/01\/WhatsApp-Image-2023-01-10-at-15.17.20.jpeg 1040w\" data-sizes=\"(max-width: 300px) 100vw, 300px\" src=\"data:image\/svg+xml;base64,PHN2ZyB3aWR0aD0iMSIgaGVpZ2h0PSIxIiB4bWxucz0iaHR0cDovL3d3dy53My5vcmcvMjAwMC9zdmciPjwvc3ZnPg==\" style=\"--smush-placeholder-width: 300px; --smush-placeholder-aspect-ratio: 300\/225;\" \/><\/p>\n<p style=\"text-align: justify;\">SAN JUAN.- Autoridades del Ministerio de Agricultura realizaron un recorrido por las siembras de habichuela del Valle de San Juan, para identificar las condiciones en que se encuentran en las diferentes subzonas.<\/p>\n<p style=\"text-align: justify;\">\u201cEstamos satisfechos con los resultados que hemos visto\u201d, expres\u00f3 el ingeniero Eulalio Ram\u00edrez, viceministro de Producci\u00f3n y Mercadeo, durante la visita a una parcela en la subzona de Pedro Corto.<\/p>\n<p style=\"text-align: justify;\">Agreg\u00f3 que contrario a a\u00f1os anteriores, los efectos del insecto Mosaico Dorado son inferiores, y mientras que para el a\u00f1o 2022 estim\u00f3 de un 15 a un 20% de zonas afectadas, \u201ceste a\u00f1o est\u00e1 por debajo de un 8%\u201d.<\/p>\n<p style=\"text-align: justify;\">El funcionario agropecuario sostuvo que esta mejor\u00eda en la cosecha de habichuela es el resultado del aporte del Ministerio de Agricultura, con la distribuci\u00f3n de semillas de buena calidad y del control fitosanitario del Programa de Manejo Integrado de Plagas del Departamento de Sanidad Vegetal, que se ha implementado en coordinaci\u00f3n con los productores.<\/p>\n<p style=\"text-align: justify;\">\u201cHemos tenido una asistencia t\u00e9cnica permanente para ir minimizando este gran problema que tenemos del Mosaico Dorado, y se ha implementado buen uso de las medidas culturales del cultivo para aumentar los niveles de productividad\u201d, sostuvo.<\/p>\n<p style=\"text-align: justify;\">A nombre de los productores habl\u00f3 Rafael Bienvenido P\u00e9rez (Lino), quien se manifest\u00f3 satisfecho y agradeci\u00f3 el aporte del Ministerio de Agricultura con la preparaci\u00f3n de la tierra gratuita, la distribuci\u00f3n de semillas de buena calidad y toda la asistencia t\u00e9cnica que est\u00e1n recibiendo de manera permanente.<\/p>\n<p style=\"text-align: justify;\">Durante este recorrido, el viceministro Eulalio Ram\u00edrez estuvo acompa\u00f1ado del Juan Bautista Mateo, director Regional Suroeste; Jos\u00e9 Medina, encargado de la Zona Agr\u00edcola de San Juan; Francisco Peralta, encargado de la subzona Pedro Corto, y productores de habichuela.<\/p>\n<p style=\"text-align: justify;\">\n<p style=\"text-align: justify;\">Fuente: Ministerio de Agricultura<\/p>\n","protected":false},"excerpt":{"rendered":"<p>SAN JUAN.- Autoridades del Ministerio de Agricultura realizaron un recorrido por las siembras de habichuela<\/p>\n","protected":false},"author":1,"featured_media":0,"comment_status":"open","ping_status":"open","sticky":false,"template":"","format":"standard","meta":{"footnotes":""},"categories":[7],"tags":[],"class_list":["post-3034","post","type-post","status-publish","format-standard","hentry","category-nacionales"],"_links":{"self":[{"href":"https:\/\/defrentealaverdad.com\/index.php\/wp-json\/wp\/v2\/posts\/3034","targetHints":{"allow":["GET"]}}],"collection":[{"href":"https:\/\/defrentealaverdad.com\/index.php\/wp-json\/wp\/v2\/posts"}],"about":[{"href":"https:\/\/defrentealaverdad.com\/index.php\/wp-json\/wp\/v2\/types\/post"}],"author":[{"embeddable":true,"href":"https:\/\/defrentealaverdad.com\/index.php\/wp-json\/wp\/v2\/users\/1"}],"replies":[{"embeddable":true,"href":"https:\/\/defrentealaverdad.com\/index.php\/wp-json\/wp\/v2\/comments?post=3034"}],"version-history":[{"count":1,"href":"https:\/\/defrentealaverdad.com\/index.php\/wp-json\/wp\/v2\/posts\/3034\/revisions"}],"predecessor-version":[{"id":3036,"href":"https:\/\/defrentealaverdad.com\/index.php\/wp-json\/wp\/v2\/posts\/3034\/revisions\/3036"}],"wp:attachment":[{"href":"https:\/\/defrentealaverdad.com\/index.php\/wp-json\/wp\/v2\/media?parent=3034"}],"wp:term":[{"taxonomy":"category","embeddable":true,"href":"https:\/\/defrentealaverdad.com\/index.php\/wp-json\/wp\/v2\/categories?post=3034"},{"taxonomy":"post_tag","embeddable":true,"href":"https:\/\/defrentealaverdad.com\/index.php\/wp-json\/wp\/v2\/tags?post=3034"}],"curies":[{"name":"wp","href":"https:\/\/api.w.org\/{rel}","templated":true}]}}