{"id":3029,"date":"2023-01-10T18:40:03","date_gmt":"2023-01-10T18:40:03","guid":{"rendered":"https:\/\/defrentealaverdad.com\/?p=3029"},"modified":"2023-01-10T18:41:34","modified_gmt":"2023-01-10T18:41:34","slug":"ministerio-de-trabajo-anuncia-feria-de-empleo-en-santo-domingo-y-samana","status":"publish","type":"post","link":"https:\/\/defrentealaverdad.com\/index.php\/2023\/01\/10\/ministerio-de-trabajo-anuncia-feria-de-empleo-en-santo-domingo-y-samana\/","title":{"rendered":"Ministerio de Trabajo anuncia Feria de Empleo en Santo Domingo y Saman\u00e1"},"content":{"rendered":"<header class=\"xl:ml-12 xl:pl-1 lg:ml-10 lg:pl-0 md:ml-12 md:pl-1 mb-4\">\n<h1 class=\"text-2xl mb-2\" style=\"text-align: justify;\"><em style=\"font-size: 16px;\">El Ministerio de Trabajo invita a feria y jornada de empleo para Santo Domingo y Saman\u00e1<\/em><\/h1>\n<\/header>\n<div class=\"flex flex-wrap -ml-4 -mr-3 relative md:px-3 lg:px-0\">\n<div class=\"w-full xl:w-85\/12 md:w-75\/12 sm:w-full px-4 pb-12\" style=\"text-align: justify;\">\n<figure class=\"text-lg\"><picture><img decoding=\"async\" class=\"mx-auto lazyload\" title=\"\u00bfBuscas trabajo? Aqu\u00ed tienes m\u00e1s de 600 vacantes disponibles\" data-src=\"https:\/\/resources.diariolibre.com\/images\/2023\/01\/10\/whatsapp-image-2023-01-04-at-94522-am-ec6d4b59-focus-min0.43-0.09-895-573.jpg\" alt=\"\u00bfBuscas trabajo? Aqu\u00ed tienes m\u00e1s de 600 vacantes disponibles\" width=\"945\" height=\"605\" src=\"data:image\/svg+xml;base64,PHN2ZyB3aWR0aD0iMSIgaGVpZ2h0PSIxIiB4bWxucz0iaHR0cDovL3d3dy53My5vcmcvMjAwMC9zdmciPjwvc3ZnPg==\" style=\"--smush-placeholder-width: 945px; --smush-placeholder-aspect-ratio: 945\/605;\" \/><\/picture><figcaption>Edificio del Ministerio de Trabajo. (<strong>FUENTE EXTERNA<\/strong>)<\/figcaption><\/figure>\n<div class=\"detail-body text-lg\">\n<p>El\u00a0<strong>Ministerio de Trabajo<\/strong>, en su funci\u00f3n de intermediario de las empresas que necesitan cubrir sus vacantes disponibles, invita a las personas interesadas a participar en una\u00a0<strong>feria de empleos<\/strong>\u00a0en\u00a0<strong>Santo Domingo<\/strong>, el mi\u00e9rcoles 11 de enero, y otra jornada en Saman\u00e1, el d\u00eda 12.<\/p>\n<p>Ambas\u00a0<strong>actividades de captaci\u00f3n<\/strong>\u00a0se llevar\u00e1n a cabo de 9:00 de la ma\u00f1ana a 2:00 de la tarde.<\/p>\n<p>La feria de\u00a0<strong>Santo Domingo<\/strong>\u00a0se realizar\u00e1 en el\u00a0<strong>Edificio Savi\u00f1\u00f3n<\/strong>, ubicado en la calle El Conde, esquina Jos\u00e9 Reyes, y la de Saman\u00e1 en el Pueblo Bah\u00eda Pr\u00edncipe. La empresa de servicios de <strong>Santo Domingo<\/strong>\u00a0cuenta con 95 vacantes disponibles en distintas \u00e1reas:<\/p>\n<ul class=\"list-text\">\n<li>Ayudante de construcci\u00f3n<\/li>\n<li>Electricistas<\/li>\n<li>Plomeros<\/li>\n<li>Alba\u00f1iles<\/li>\n<li>Capataz<\/li>\n<li>Guardalmac\u00e9n<\/li>\n<\/ul>\n<article class=\"border-t border-b py-5 mb-5 component nota-incrustada\">\n<h2><strong><span style=\"font-size: 16px;\">Asimismo, la empresa de servicios hoteleros en Saman\u00e1 <\/span><span style=\"font-size: 16px;\">cuenta con 600 plazas disponibles. <\/span><\/strong><strong style=\"font-size: 16px;\">Las vacantes<\/strong><span style=\"font-size: 16px;\">\u00a0son de las\u00a0<\/span><strong style=\"font-size: 16px;\">\u00e1reas<\/strong><span style=\"font-size: 16px;\">:<\/span><\/h2>\n<\/article>\n<ul class=\"list-text\">\n<li>Almac\u00e9n<\/li>\n<li>Ama de llaves<\/li>\n<li>\u00c1reas p\u00fablicas<\/li>\n<li>Bares y restaurantes<\/li>\n<li>Cocina<\/li>\n<li>Entretenimiento<\/li>\n<li><em>Front office<\/em><\/li>\n<li>Seguridad<\/li>\n<li>Mantenimiento<\/li>\n<li>Recepci\u00f3n<\/li>\n<li>Recursos Humanos<\/li>\n<li>Spa<\/li>\n<li>Ventas<\/li>\n<\/ul>\n<p>El\u00a0<strong>Ministerio de Trabajo<\/strong> aclara que el proceso de reclutamiento depende de cada empresa. Algunas de ellas toman un poco m\u00e1s de tiempo, debido a la naturaleza de sus vacantes. Se recomienda el\u00a0<strong>uso de mascarillas<\/strong> a los asistentes como medida preventiva. El ministerio indica que los interesados pueden registrarse en la p\u00e1gina web de la instituci\u00f3n o llamar a los tel\u00e9fonos: (809)-535-4404, extensiones 3115 al 3123 para\u00a0<strong>Santo Domingo<\/strong>\u00a0y (809)-606-1083 para\u00a0<strong>Saman\u00e1<\/strong>.<\/p>\n<\/div>\n<\/div>\n<p style=\"text-align: justify;\">Fuente: Ministerio de Trabajo RD<\/p>\n<\/div>\n","protected":false},"excerpt":{"rendered":"<p>El Ministerio de Trabajo invita a feria y jornada de empleo para Santo Domingo y<\/p>\n","protected":false},"author":1,"featured_media":0,"comment_status":"open","ping_status":"open","sticky":false,"template":"","format":"standard","meta":{"footnotes":""},"categories":[2,7],"tags":[],"class_list":["post-3029","post","type-post","status-publish","format-standard","hentry","category-economicas","category-nacionales"],"_links":{"self":[{"href":"https:\/\/defrentealaverdad.com\/index.php\/wp-json\/wp\/v2\/posts\/3029","targetHints":{"allow":["GET"]}}],"collection":[{"href":"https:\/\/defrentealaverdad.com\/index.php\/wp-json\/wp\/v2\/posts"}],"about":[{"href":"https:\/\/defrentealaverdad.com\/index.php\/wp-json\/wp\/v2\/types\/post"}],"author":[{"embeddable":true,"href":"https:\/\/defrentealaverdad.com\/index.php\/wp-json\/wp\/v2\/users\/1"}],"replies":[{"embeddable":true,"href":"https:\/\/defrentealaverdad.com\/index.php\/wp-json\/wp\/v2\/comments?post=3029"}],"version-history":[{"count":4,"href":"https:\/\/defrentealaverdad.com\/index.php\/wp-json\/wp\/v2\/posts\/3029\/revisions"}],"predecessor-version":[{"id":3033,"href":"https:\/\/defrentealaverdad.com\/index.php\/wp-json\/wp\/v2\/posts\/3029\/revisions\/3033"}],"wp:attachment":[{"href":"https:\/\/defrentealaverdad.com\/index.php\/wp-json\/wp\/v2\/media?parent=3029"}],"wp:term":[{"taxonomy":"category","embeddable":true,"href":"https:\/\/defrentealaverdad.com\/index.php\/wp-json\/wp\/v2\/categories?post=3029"},{"taxonomy":"post_tag","embeddable":true,"href":"https:\/\/defrentealaverdad.com\/index.php\/wp-json\/wp\/v2\/tags?post=3029"}],"curies":[{"name":"wp","href":"https:\/\/api.w.org\/{rel}","templated":true}]}}