{"id":3026,"date":"2023-01-10T18:36:33","date_gmt":"2023-01-10T18:36:33","guid":{"rendered":"https:\/\/defrentealaverdad.com\/?p=3026"},"modified":"2023-01-10T18:36:49","modified_gmt":"2023-01-10T18:36:49","slug":"presidente-abinader-inaugura-sistema-nacional-de-movilidad-escolar","status":"publish","type":"post","link":"https:\/\/defrentealaverdad.com\/index.php\/2023\/01\/10\/presidente-abinader-inaugura-sistema-nacional-de-movilidad-escolar\/","title":{"rendered":"Presidente Abinader inaugura Sistema Nacional de Movilidad Escolar"},"content":{"rendered":"<header class=\"xl:ml-12 xl:pl-1 lg:ml-10 lg:pl-0 md:ml-12 md:pl-1 mb-4\">\n<h1 class=\"text-2xl mb-2\" style=\"text-align: justify;\"><em style=\"font-size: 16px;\">El servicio pretende brindar asistencia a m\u00e1s de dos millones de estudiantes<img decoding=\"async\" data-src=\"https:\/\/resources.diariolibre.com\/images\/expand.svg\" alt=\"Expandir imagen\" width=\"20\" height=\"20\" src=\"data:image\/svg+xml;base64,PHN2ZyB3aWR0aD0iMSIgaGVpZ2h0PSIxIiB4bWxucz0iaHR0cDovL3d3dy53My5vcmcvMjAwMC9zdmciPjwvc3ZnPg==\" class=\"lazyload\" style=\"--smush-placeholder-width: 20px; --smush-placeholder-aspect-ratio: 20\/20;\" \/><\/em><\/h1>\n<\/header>\n<div class=\"flex flex-wrap -ml-4 -mr-3 relative md:px-3 lg:px-0\" style=\"text-align: justify;\">\n<div class=\"w-full xl:w-85\/12 md:w-75\/12 sm:w-full px-4 pb-12\" style=\"text-align: left;\">\n<figure class=\"text-lg\"><picture><img decoding=\"async\" class=\"mx-auto lazyload\" title=\"Presidente Abinader inaugura Sistema Nacional de Movilidad Escolar\" data-src=\"https:\/\/resources.diariolibre.com\/images\/2023\/01\/10\/luis-abinadr-986f01b3-focus-min0.13-0.35-895-573.jpg\" alt=\"Presidente Abinader inaugura Sistema Nacional de Movilidad Escolar\" width=\"1382\" height=\"885\" src=\"data:image\/svg+xml;base64,PHN2ZyB3aWR0aD0iMSIgaGVpZ2h0PSIxIiB4bWxucz0iaHR0cDovL3d3dy53My5vcmcvMjAwMC9zdmciPjwvc3ZnPg==\" style=\"--smush-placeholder-width: 1382px; --smush-placeholder-aspect-ratio: 1382\/885;\" \/><\/picture><figcaption>Inauguraci\u00f3n del Sistema de Transporte Escolar. (<strong>Externa<\/strong>)<\/figcaption><\/figure>\n<div class=\"detail-body text-lg\">\n<p>El presidente de la Rep\u00fablica, Luis\u00a0<strong>Abinader<\/strong>, dej\u00f3 en funcionamiento este martes el\u00a0<strong>Sistema<\/strong>\u00a0Nacional de Movilidad Escolar y una escuela de educaci\u00f3n b\u00e1sica en el distrito municipal La Victoria, Santo Domingo Norte.<\/p>\n<p>El mandatario dijo estar complacido con la puesta en marcha del programa, el que dijo contribuir\u00e1 a la econom\u00eda de las familias y a la seguridad de los alumnos para asistir a las escuelas y su retorno a casa.<\/p>\n<p>\u00abEsta movilidad escolar impacta, garantizando mayor asistencia de los estudiantes, garantizando mayor seguridad en el camino. Muchos de nuestros ni\u00f1os ten\u00edan que tomar veh\u00edculos, algunos de ellos no muy seguros y motoconchos y nosotros le vamos a asegurar que ahora va a ser en autobuses\u00bb, dijo el mandatario al encabezar el acto de inicio del proyecto que comienza de manera piloto en La Victoria, Monte Plata, Las Calderas, Nigua y Haina, donde mover\u00e1 a 100,000 estudiantes.<\/p>\n<div id=\"dl_300x250_inread\" data-google-query-id=\"CKPOtYHSvfwCFUONWgUdAfMDqA\">\n<div id=\"google_ads_iframe_\/1659553\/dl_300x250_inread_0__container__\">En esta etapa, el <strong>sistema<\/strong> cuenta con 50 autobuses de la Oficina Metropolitana de autobuses (OMSA). Las autoridades proyectan que cuando el programa est\u00e9 operando en todo el pa\u00eds brindar\u00e1 el servicio a m\u00e1s de dos millones de estudiantes que integran la poblaci\u00f3n escolar.\u00a0 \u00a0 \u00a0 \u00a0 \u00a0 \u00a0 \u00a0 \u00a0 \u00a0 \u00a0 \u00a0 \u00a0 \u00a0 \u00a0 \u00a0 \u00a0 \u00a0 \u00a0 \u00a0 Los ministros de Educaci\u00f3n, \u00c1ngel Hern\u00e1ndez, y de Obras P\u00fablicas y Comunicaciones, Deligne Ascenci\u00f3n, tambi\u00e9n destacaron el aporte que la iniciativa hace a la comunidad escolar y a las familias.<\/div>\n<\/div>\n<p><strong>Los autobuses\u00a0\u00a0\u00a0\u00a0\u00a0\u00a0\u00a0\u00a0\u00a0\u00a0\u00a0\u00a0\u00a0\u00a0\u00a0\u00a0\u00a0\u00a0\u00a0\u00a0\u00a0\u00a0\u00a0 \u00a0\u00a0\u00a0<\/strong><\/p>\n<p>Los autobuses que transportar\u00e1n a los estudiantes son marca Hyundai, modelo Aero Town, que cumplen con todos los est\u00e1ndares de seguridad requeridos, como es el caso de cinturones de seguridad, aires acondicionados, aparatos de GPS y videovigilancia, con los que se podr\u00e1 monitorear en tiempo real las rutas que hacen los autobuses, la velocidad a la que transitan y lo que ocurre en su interior, seg\u00fan explicaron los directores de la OMSA, Radhames Gonz\u00e1lez, y del Instituto Nacional de Tr\u00e1nsito y Transporte Terrestre, Hugo Beras.<\/p>\n<p>Ambos funcionarios dijeron que con esas tecnolog\u00edas se tendr\u00e1 un control total de los autobuses desde un centro de monitoreo y que los conductores ser\u00e1n formados para el buen uso y servicio en los mismos.<\/p>\n<p><strong>La edificaci\u00f3n \u00a0\u00a0\u00a0\u00a0\u00a0\u00a0\u00a0\u00a0\u00a0\u00a0\u00a0\u00a0\u00a0\u00a0\u00a0\u00a0\u00a0\u00a0\u00a0\u00a0\u00a0\u00a0\u00a0\u00a0\u00a0\u00a0\u00a0\u00a0\u00a0\u00a0\u00a0\u00a0\u00a0\u00a0\u00a0\u00a0\u00a0\u00a0\u00a0 <\/strong>\u00a0 \u00a0 \u00a0 \u00a0 \u00a0\u00a0<strong><img decoding=\"async\" data-src=\"https:\/\/resources.diariolibre.com\/images\/expand.svg\" alt=\"Expandir imagen\" width=\"20\" height=\"20\" src=\"data:image\/svg+xml;base64,PHN2ZyB3aWR0aD0iMSIgaGVpZ2h0PSIxIiB4bWxucz0iaHR0cDovL3d3dy53My5vcmcvMjAwMC9zdmciPjwvc3ZnPg==\" class=\"lazyload\" style=\"--smush-placeholder-width: 20px; --smush-placeholder-aspect-ratio: 20\/20;\" \/><\/strong><\/p>\n<p>La escuela inaugurada, en el mismo acto de lanzamiento del\u00a0<strong>sistema<\/strong>\u00a0de movilidad por el presidente de la Rep\u00fablica, es la Mar\u00eda Figueroa Adon, construida a un costo superior de 132 millones de pesos. Tiene 27 aulas, 24 de las cuales son normales y tres para preescolar.<\/p>\n<p>A la actividad acudieron diversas autoridades de la provincia Santo Domingo y Monte Plata.<\/p>\n<\/div>\n<\/div>\n<\/div>\n<p style=\"text-align: justify;\">\n<p style=\"text-align: justify;\">Fuente: Presidencia RD<\/p>\n<p style=\"text-align: justify;\">\n<div class=\"flex flex-wrap -ml-4 -mr-3 relative md:px-3 lg:px-0\">\n<div class=\"w-full xl:w-85\/12 md:w-75\/12 sm:w-full px-4 pb-12\" style=\"text-align: left;\">\n<div class=\"detail-body text-lg\">\n<p>&nbsp;<\/p>\n<div class=\"my-12 component gallery relative\">\n<div class=\"slider slider-gallery slick-initialized slick-slider\">\n<div class=\"slick-list draggable\">\n<div class=\"slick-track\">\n<div class=\"slider slider-gallery slick-slide slick-current slick-active slick-initialized slick-slider\" tabindex=\"0\" data-slick-index=\"0\" aria-hidden=\"false\">\n<div class=\"slick-list draggable\">\n<div class=\"slick-track\">\n<figure class=\"item slick-slide slick-current slick-active\" tabindex=\"0\" data-slick-index=\"0\" aria-hidden=\"false\">\n<div class=\"expand-img-placeholder\"><strong><img decoding=\"async\" data-src=\"https:\/\/resources.diariolibre.com\/images\/expand.svg\" alt=\"Expandir imagen\" width=\"20\" height=\"20\" src=\"data:image\/svg+xml;base64,PHN2ZyB3aWR0aD0iMSIgaGVpZ2h0PSIxIiB4bWxucz0iaHR0cDovL3d3dy53My5vcmcvMjAwMC9zdmciPjwvc3ZnPg==\" class=\"lazyload\" style=\"--smush-placeholder-width: 20px; --smush-placeholder-aspect-ratio: 20\/20;\" \/><\/strong><\/div>\n<\/figure>\n<figure class=\"item slick-slide\" tabindex=\"-1\" data-slick-index=\"2\" aria-hidden=\"true\"><figcaption><strong>\u00a0<\/strong><\/figcaption><\/figure>\n<\/div>\n<\/div>\n<\/div>\n<\/div>\n<\/div>\n<\/div>\n<\/div>\n<\/div>\n<\/div>\n<\/div>\n","protected":false},"excerpt":{"rendered":"<p>El servicio pretende brindar asistencia a m\u00e1s de dos millones de estudiantes Inauguraci\u00f3n del Sistema<\/p>\n","protected":false},"author":1,"featured_media":0,"comment_status":"open","ping_status":"open","sticky":false,"template":"","format":"standard","meta":{"footnotes":""},"categories":[7],"tags":[],"class_list":["post-3026","post","type-post","status-publish","format-standard","hentry","category-nacionales"],"_links":{"self":[{"href":"https:\/\/defrentealaverdad.com\/index.php\/wp-json\/wp\/v2\/posts\/3026","targetHints":{"allow":["GET"]}}],"collection":[{"href":"https:\/\/defrentealaverdad.com\/index.php\/wp-json\/wp\/v2\/posts"}],"about":[{"href":"https:\/\/defrentealaverdad.com\/index.php\/wp-json\/wp\/v2\/types\/post"}],"author":[{"embeddable":true,"href":"https:\/\/defrentealaverdad.com\/index.php\/wp-json\/wp\/v2\/users\/1"}],"replies":[{"embeddable":true,"href":"https:\/\/defrentealaverdad.com\/index.php\/wp-json\/wp\/v2\/comments?post=3026"}],"version-history":[{"count":2,"href":"https:\/\/defrentealaverdad.com\/index.php\/wp-json\/wp\/v2\/posts\/3026\/revisions"}],"predecessor-version":[{"id":3028,"href":"https:\/\/defrentealaverdad.com\/index.php\/wp-json\/wp\/v2\/posts\/3026\/revisions\/3028"}],"wp:attachment":[{"href":"https:\/\/defrentealaverdad.com\/index.php\/wp-json\/wp\/v2\/media?parent=3026"}],"wp:term":[{"taxonomy":"category","embeddable":true,"href":"https:\/\/defrentealaverdad.com\/index.php\/wp-json\/wp\/v2\/categories?post=3026"},{"taxonomy":"post_tag","embeddable":true,"href":"https:\/\/defrentealaverdad.com\/index.php\/wp-json\/wp\/v2\/tags?post=3026"}],"curies":[{"name":"wp","href":"https:\/\/api.w.org\/{rel}","templated":true}]}}