{"id":3023,"date":"2023-01-10T18:33:21","date_gmt":"2023-01-10T18:33:21","guid":{"rendered":"https:\/\/defrentealaverdad.com\/?p=3023"},"modified":"2023-01-10T18:33:21","modified_gmt":"2023-01-10T18:33:21","slug":"en-que-invierten-los-extranjeros-en-la-republica-dominicana","status":"publish","type":"post","link":"https:\/\/defrentealaverdad.com\/index.php\/2023\/01\/10\/en-que-invierten-los-extranjeros-en-la-republica-dominicana\/","title":{"rendered":"\u00bfEn qu\u00e9 invierten los extranjeros en la Rep\u00fablica Dominicana?"},"content":{"rendered":"<header class=\"xl:ml-12 xl:pl-1 lg:ml-10 lg:pl-0 md:ml-12 md:pl-1 mb-4\"><\/header>\n<div class=\"flex flex-wrap -ml-4 -mr-3 relative md:px-3 lg:px-0\">\n<div class=\"w-full xl:w-85\/12 md:w-75\/12 sm:w-full px-4 pb-12\">\n<figure class=\"text-lg\" style=\"text-align: justify;\"><picture><img decoding=\"async\" class=\"mx-auto lazyload\" title=\"\u00bfEn qu\u00e9 invierten los extranjeros en la Rep\u00fablica Dominicana?\" data-src=\"https:\/\/resources.diariolibre.com\/images\/2022\/12\/21\/shutterstock1284875746-7a7af235-focus-min0.05-0.54-895-573.jpg\" alt=\"\u00bfEn qu\u00e9 invierten los extranjeros en la Rep\u00fablica Dominicana?\" width=\"100%\" height=\"350\" src=\"data:image\/svg+xml;base64,PHN2ZyB3aWR0aD0iMSIgaGVpZ2h0PSIxIiB4bWxucz0iaHR0cDovL3d3dy53My5vcmcvMjAwMC9zdmciPjwvc3ZnPg==\" \/><\/picture><figcaption>Bandera de la Rep\u00fablica Dominicana sobre el fondo del panorama de Santo Domingo. (<strong>SHUTTERSTOCK<\/strong>)<\/figcaption><\/figure>\n<div class=\"detail-body text-lg\">\n<p style=\"text-align: justify;\">En esta semana el gobierno anunci\u00f3 que por primera vez en su historia la Rep\u00fablica Dominicana alcanz\u00f3 la calificaci\u00f3n crediticia\u00a0<strong>\u201cBB\u201d<\/strong>, otorgada por la agencia\u00a0<strong>Standard &amp; Poor\u2019s<\/strong>\u00a0(S&amp;P Global).<\/p>\n<p style=\"text-align: justify;\">El ministro de Hacienda, Jos\u00e9 Manuel (Jochi) Vicente, ha anticipado que esto permitir\u00e1 una\u00a0<strong>mejora del clima de inversi\u00f3n<\/strong>, lo que se traducir\u00e1 en que\u00a0<strong>m\u00e1s empresas extranjeras<\/strong>\u00a0se motivar\u00e1n a instalarse en el pa\u00eds, generando empleos formales para la poblaci\u00f3n.<\/p>\n<p style=\"text-align: justify;\">Para tener un\u00a0<strong>panorama<\/strong>\u00a0de cu\u00e1les son esos sectores que motivan a los extranjeros a invertir y de d\u00f3nde proviene el capital,\u00a0<em>Diario Libre<\/em>\u00a0presenta a continuaci\u00f3n el comportamiento entre el\u00a0<strong>2010-2021\u00a0<\/strong>de la\u00a0<strong>inversi\u00f3n extranjera<\/strong>\u00a0directa en el territorio nacional.<\/p>\n<\/div>\n<\/div>\n<\/div>\n<p>Fuente: Diario Libre<\/p>\n<div class=\"flex flex-wrap -ml-4 -mr-3 relative md:px-3 lg:px-0\">\n<div class=\"w-full xl:w-85\/12 md:w-75\/12 sm:w-full px-4 pb-12\">\n<div class=\"social-embed mb-4\" style=\"text-align: justify;\"><\/div>\n<\/div>\n<\/div>\n","protected":false},"excerpt":{"rendered":"<p>Bandera de la Rep\u00fablica Dominicana sobre el fondo del panorama de Santo Domingo. (SHUTTERSTOCK) En<\/p>\n","protected":false},"author":1,"featured_media":0,"comment_status":"open","ping_status":"open","sticky":false,"template":"","format":"standard","meta":{"footnotes":""},"categories":[2,7],"tags":[],"class_list":["post-3023","post","type-post","status-publish","format-standard","hentry","category-economicas","category-nacionales"],"_links":{"self":[{"href":"https:\/\/defrentealaverdad.com\/index.php\/wp-json\/wp\/v2\/posts\/3023","targetHints":{"allow":["GET"]}}],"collection":[{"href":"https:\/\/defrentealaverdad.com\/index.php\/wp-json\/wp\/v2\/posts"}],"about":[{"href":"https:\/\/defrentealaverdad.com\/index.php\/wp-json\/wp\/v2\/types\/post"}],"author":[{"embeddable":true,"href":"https:\/\/defrentealaverdad.com\/index.php\/wp-json\/wp\/v2\/users\/1"}],"replies":[{"embeddable":true,"href":"https:\/\/defrentealaverdad.com\/index.php\/wp-json\/wp\/v2\/comments?post=3023"}],"version-history":[{"count":1,"href":"https:\/\/defrentealaverdad.com\/index.php\/wp-json\/wp\/v2\/posts\/3023\/revisions"}],"predecessor-version":[{"id":3025,"href":"https:\/\/defrentealaverdad.com\/index.php\/wp-json\/wp\/v2\/posts\/3023\/revisions\/3025"}],"wp:attachment":[{"href":"https:\/\/defrentealaverdad.com\/index.php\/wp-json\/wp\/v2\/media?parent=3023"}],"wp:term":[{"taxonomy":"category","embeddable":true,"href":"https:\/\/defrentealaverdad.com\/index.php\/wp-json\/wp\/v2\/categories?post=3023"},{"taxonomy":"post_tag","embeddable":true,"href":"https:\/\/defrentealaverdad.com\/index.php\/wp-json\/wp\/v2\/tags?post=3023"}],"curies":[{"name":"wp","href":"https:\/\/api.w.org\/{rel}","templated":true}]}}