{"id":3021,"date":"2023-01-10T18:30:54","date_gmt":"2023-01-10T18:30:54","guid":{"rendered":"https:\/\/defrentealaverdad.com\/?p=3021"},"modified":"2023-01-10T18:33:42","modified_gmt":"2023-01-10T18:33:42","slug":"el-gobierno-pone-a-funcionar-plataformas-digitales-para-facilitar-la-instalacion-de-empresas","status":"publish","type":"post","link":"https:\/\/defrentealaverdad.com\/index.php\/2023\/01\/10\/el-gobierno-pone-a-funcionar-plataformas-digitales-para-facilitar-la-instalacion-de-empresas\/","title":{"rendered":"El Gobierno pone a funcionar plataformas digitales para facilitar la instalaci\u00f3n de empresas"},"content":{"rendered":"<header class=\"xl:ml-12 xl:pl-1 lg:ml-10 lg:pl-0 md:ml-12 md:pl-1 mb-4\">\n<div class=\"subtitle text-xl mb-4\">\n<p class=\"flex mb-2\"><em>ProDominicana destaca beneficios de Ventanilla \u00danica de Inversi\u00f3n para disminuir proceso burocr\u00e1tico en registro<\/em><\/p>\n<\/div>\n<\/header>\n<div class=\"flex flex-wrap -ml-4 -mr-3 relative md:px-3 lg:px-0\">\n<div class=\"w-full xl:w-85\/12 md:w-75\/12 sm:w-full px-4 pb-12\">\n<figure class=\"text-lg\"><picture><img decoding=\"async\" class=\"mx-auto lazyload\" title=\"El Gobierno pone a funcionar plataformas digitales para facilitar la instalaci\u00f3n de empresas\" data-src=\"https:\/\/resources.diariolibre.com\/images\/2023\/01\/10\/whatsapp-image-2023-01-10-at-120102-pm-9f8de465-focus-min0.28-0.21-895-573.jpg\" alt=\"El Gobierno pone a funcionar plataformas digitales para facilitar la instalaci\u00f3n de empresas\" width=\"100%\" height=\"350\" src=\"data:image\/svg+xml;base64,PHN2ZyB3aWR0aD0iMSIgaGVpZ2h0PSIxIiB4bWxucz0iaHR0cDovL3d3dy53My5vcmcvMjAwMC9zdmciPjwvc3ZnPg==\" \/><\/picture><figcaption>La directora ejecutiva del Centro de Exportaci\u00f3n e Inversi\u00f3n de la Rep\u00fablica Dominicana (ProDominicana), Biviana Riveiro. (<strong>FUENTE EXTERNA<\/strong>)<\/figcaption><\/figure>\n<div class=\"detail-body text-lg\">\n<p style=\"text-align: justify;\">El Centro de Exportaci\u00f3n e\u00a0<strong>Inversi\u00f3n<\/strong>\u00a0de la Rep\u00fablica Dominicana (<strong>ProDominicana<\/strong>) notific\u00f3 que ya est\u00e1n\u00a0<strong>habilitadas<\/strong>\u00a0la plataforma\u00a0<strong>Ventanilla \u00danica de Inversi\u00f3n<\/strong>\u00a0(VUI) y el\u00a0<strong>Registro de Inversi\u00f3n Extranjera Directa<\/strong>\u00a0para la facilitar el proceso de registro e instalaci\u00f3n de empresas en el pa\u00eds.<\/p>\n<p style=\"text-align: justify;\">En un comunicado de prensa, la directora ejecutiva de\u00a0<strong>ProDominicana<\/strong>, Biviana Riveiro, destac\u00f3 que el\u00a0<strong>objetivo<\/strong>\u00a0de ambas estrategias es\u00a0<strong>centralizar<\/strong>\u00a0la\u00a0<strong>gesti\u00f3n<\/strong>\u00a0y\u00a0<strong>tramitaci\u00f3n<\/strong>\u00a0de permisos, licencias y certificaciones requeridas para formalizar un proyecto de\u00a0<strong>inversi\u00f3n<\/strong>\u00a0en territorio dominicano, a trav\u00e9s de la simplificaci\u00f3n, homologaci\u00f3n y automatizaci\u00f3n de los procesos.<\/p>\n<p style=\"text-align: justify;\">\u201cLa implementaci\u00f3n de la VUI es un paso adelante en la estrategia-pa\u00eds de\u00a0<strong>posicionarnos\u00a0<\/strong>como el\u00a0<strong>destino<\/strong>\u00a0de\u00a0<strong>inversi\u00f3n extranjera directa<\/strong>\u00a0m\u00e1s atractivo de la regi\u00f3n, ya que esta herramienta tiene elementos diferenciadores con respecto a otras similares en la regi\u00f3n que solo concentran sus esfuerzos en difusi\u00f3n de informaci\u00f3n\u201d, dice la nota.<\/p>\n<\/div>\n<\/div>\n<p>Fuente: Diario Libre<\/p>\n<div class=\"w-full xl:w-85\/12 md:w-75\/12 sm:w-full px-4 pb-12\">\n<div class=\"detail-body text-lg\">\n<div id=\"dl_300x250_inread\" style=\"text-align: justify;\" data-google-query-id=\"CJbt2uHQvfwCFeU6wQodEncD1Q\"><\/div>\n<\/div>\n<\/div>\n<\/div>\n","protected":false},"excerpt":{"rendered":"<p>ProDominicana destaca beneficios de Ventanilla \u00danica de Inversi\u00f3n para disminuir proceso burocr\u00e1tico en registro La<\/p>\n","protected":false},"author":1,"featured_media":0,"comment_status":"open","ping_status":"open","sticky":false,"template":"","format":"standard","meta":{"footnotes":""},"categories":[7],"tags":[],"class_list":["post-3021","post","type-post","status-publish","format-standard","hentry","category-nacionales"],"_links":{"self":[{"href":"https:\/\/defrentealaverdad.com\/index.php\/wp-json\/wp\/v2\/posts\/3021","targetHints":{"allow":["GET"]}}],"collection":[{"href":"https:\/\/defrentealaverdad.com\/index.php\/wp-json\/wp\/v2\/posts"}],"about":[{"href":"https:\/\/defrentealaverdad.com\/index.php\/wp-json\/wp\/v2\/types\/post"}],"author":[{"embeddable":true,"href":"https:\/\/defrentealaverdad.com\/index.php\/wp-json\/wp\/v2\/users\/1"}],"replies":[{"embeddable":true,"href":"https:\/\/defrentealaverdad.com\/index.php\/wp-json\/wp\/v2\/comments?post=3021"}],"version-history":[{"count":1,"href":"https:\/\/defrentealaverdad.com\/index.php\/wp-json\/wp\/v2\/posts\/3021\/revisions"}],"predecessor-version":[{"id":3022,"href":"https:\/\/defrentealaverdad.com\/index.php\/wp-json\/wp\/v2\/posts\/3021\/revisions\/3022"}],"wp:attachment":[{"href":"https:\/\/defrentealaverdad.com\/index.php\/wp-json\/wp\/v2\/media?parent=3021"}],"wp:term":[{"taxonomy":"category","embeddable":true,"href":"https:\/\/defrentealaverdad.com\/index.php\/wp-json\/wp\/v2\/categories?post=3021"},{"taxonomy":"post_tag","embeddable":true,"href":"https:\/\/defrentealaverdad.com\/index.php\/wp-json\/wp\/v2\/tags?post=3021"}],"curies":[{"name":"wp","href":"https:\/\/api.w.org\/{rel}","templated":true}]}}