{"id":3004,"date":"2023-01-09T18:19:53","date_gmt":"2023-01-09T18:19:53","guid":{"rendered":"https:\/\/defrentealaverdad.com\/?p=3004"},"modified":"2023-01-10T18:29:00","modified_gmt":"2023-01-10T18:29:00","slug":"presidente-abinader-deja-inauguradas-ocho-obras-en-puerto-plata-y-una-en-santiago","status":"publish","type":"post","link":"https:\/\/defrentealaverdad.com\/index.php\/2023\/01\/09\/presidente-abinader-deja-inauguradas-ocho-obras-en-puerto-plata-y-una-en-santiago\/","title":{"rendered":"Presidente Abinader deja inauguradas ocho obras en Puerto Plata y una en Santiago"},"content":{"rendered":"<p style=\"text-align: justify;\"><em>Mandatario tiene en agenda inaugurar una gran cantidad de obras este a\u00f1o por toda la geograf\u00eda nacional<\/em><\/p>\n<p>&nbsp;<\/p>\n<p style=\"text-align: justify;\"><img decoding=\"async\" data-src=\"https:\/\/idmphsmkuxkn.compat.objectstorage.us-ashburn-1.oraclecloud.com\/cdn-bucket\/uploads\/2022\/12\/27485_1635967498_large.jpg\" alt=\"Presidente Luis Abinader pensiona a dos mil seis personas\" src=\"data:image\/svg+xml;base64,PHN2ZyB3aWR0aD0iMSIgaGVpZ2h0PSIxIiB4bWxucz0iaHR0cDovL3d3dy53My5vcmcvMjAwMC9zdmciPjwvc3ZnPg==\" class=\"lazyload\" \/><\/p>\n<p style=\"text-align: justify;\">Puerto Plata. &#8211; En lo que ser\u00e1 un a\u00f1o de muchas inauguraciones de importantes obras por todo el territorio nacional, el presidente Luis Abinader inici\u00f3 este 2023 con ocho en Puerto Plata y una en Santiago.<\/p>\n<p style=\"text-align: justify;\">Durante su recorrido por La Novia del Atl\u00e1ntico, provincia Puerto Plata, la obras entregadas por el mandatario rondan los 730.5 millones de pesos.<\/p>\n<p style=\"text-align: justify;\">Entre esas obras, las de mayor inversi\u00f3n corresponden a la reconstrucci\u00f3n de la carretera que conecta el municipio de Villa Isabela con el distrito municipal Isabela Hist\u00f3rica y los puentes de Bajabonico y Unijica, as\u00ed como el asfaltado de las calles, construcci\u00f3n y reparaci\u00f3n de aceras y contenes por unos RD$560 millones de pesos.<\/p>\n<p style=\"text-align: justify;\">La carretera fue reconstruida con una inversi\u00f3n de 210 millones de pesos. Mientras que los puentes de Unijica y Bajabonico tuvieron una inversi\u00f3n de 230 millones de pesos, impactando de manera directa el municipio de Villa Isabela, donde habitan unos 20 mil habitantes y acuden miles de visitantes locales y turistas cada a\u00f1o.<\/p>\n<p style=\"text-align: justify;\">Tambi\u00e9n se anunci\u00f3 la construcci\u00f3n y reconstrucci\u00f3n de aceras, badenes, imbornales y contenes por RD$120 millones, de los cuales RD$20 millones ser\u00e1n destinados a Villa Isabela.<\/p>\n<p style=\"text-align: justify;\">De igual forma, el presidente Abinader dej\u00f3 inaugurado el remozamiento y ampliaci\u00f3n del \u00e1rea de Emergencia del hospital p\u00fablico de Imbert, con una inversi\u00f3n superior a los 73.5 millones de pesos y que beneficiar\u00e1 a m\u00e1s de 22 mil habitantes.<\/p>\n<p style=\"text-align: justify;\">As\u00ed mismo, inaugur\u00f3 los muelles pesqueros y de veleros de Bah\u00eda Luper\u00f3n, con una inversi\u00f3n de 11 millones de pesos, como iniciativa que permitir\u00e1 renovar e impulsar la actividad pesquera de la zona y dinamizar la econom\u00eda local.<\/p>\n<p style=\"text-align: justify;\">En cuanto a capacitaci\u00f3n tecnol\u00f3gica, el jefe de estado inaugur\u00f3 un Centro Tecnol\u00f3gico Comunitario (CTC), en Imbert, en el que tambi\u00e9n funcionar\u00e1 el programa Oportunidad 14-24 y un nuevo Centro Tecnol\u00f3gico de Capacitaci\u00f3n del INFOTEP, este \u00faltimo construido con un monto de m\u00e1s de 46 millones de pesos.<\/p>\n<p style=\"text-align: justify;\">Tambi\u00e9n encabez\u00f3 la inauguraci\u00f3n del play Profesor Enrique Aquiles Polanco en la misma localidad, con una inversi\u00f3n aproximada de 20 millones de pesos, que incluyen el arreglo de las calles perif\u00e9ricas.<\/p>\n<p style=\"text-align: justify;\">En tanto, en el municipio de Luper\u00f3n, tuvo lugar la primera jornada de inclusi\u00f3n social \u00abPrimero T\u00fa\u00bb de este 2023, donde fueron beneficiados m\u00e1s de 2 mil personas en condiciones de vulnerabilidad y pobreza extrema en un esfuerzo del Gobierno Central para llevar dignidad y mejores oportunidades a los m\u00e1s necesitados.<\/p>\n<p style=\"text-align: justify;\">La jornada incluy\u00f3 tambi\u00e9n la visita del Presidente Luis Abinader a los trabajos de remozamiento del Parque Arqueol\u00f3gico La Isabela Hist\u00f3rica que abarca sus 17 edificaciones, e inaugur\u00f3 la parroquia Santa Isabela, para la cual el gobierno ha realizado un aporte aproximado de 20 millones de pesos.<\/p>\n<p style=\"text-align: justify;\">En diversos puntos de su recorrido, el mandatario hizo uso de la palabra, resaltando, en el \u00e1mbito educativo, que con la inauguraci\u00f3n de los centros de capacitaci\u00f3n t\u00e9cnica, se impartir\u00e1n \u201ccarreras especializadas para que los j\u00f3venes puedan encontrar trabajo r\u00e1pidamente\u201d y aprovechar la oportunidades que se est\u00e1n creando en los sectores turismo, zonas francas, turismo inmobiliario y otras industrias.<\/p>\n<p style=\"text-align: justify;\">Mientras, al dejar en funcionamiento la Emergencia del Hospital Municipal de Imbert, puntualiz\u00f3 el aumento hecho al sector salud de un 1.5% del Producto Interno Bruto (PIB) para atender las prioridades que tiene la naci\u00f3n dominicana.<\/p>\n<p style=\"text-align: justify;\"><strong>Autopista Joaqu\u00edn Balaguer<\/strong><\/p>\n<p style=\"text-align: justify;\">En tanto que durante la jornada del domingo en Santiago, el jefe de Estado encabez\u00f3 la inauguraci\u00f3n de la remodelada autopista Joaqu\u00edn Balaguer que une el tramo Santiago-Navarrete, as\u00ed como puentes y construcci\u00f3n de aceras, contenes y asfaltado con una inversi\u00f3n superior a los 978 millones de pesos.<\/p>\n<p style=\"text-align: justify;\">Estuvieron presentes, Claritza Rochtte, gobernadora de Puerto Plata; la senadora Ginette Bournigal; los ministros, Administrativo de la Presidencia, Jos\u00e9 Ignacio Paliza; de Obras P\u00fablicas, Deligne Ascensi\u00f3n; el viceministro Administrativo y Financiero de la Presidencia, Igor Rodr\u00edguez; los directores, del SNS, Mario Lama; del Gabinete de Pol\u00edtica Social, Tony Pe\u00f1a; de la Comisi\u00f3n Presidencial de Apoyo al Desarrollo Barrial, \u00c1ngel de la Cruz; del programa \u201cOportunidad 14-24\u201d, Alex Mord\u00e1n; de los CTC, Isidro Torres, entre otros.<\/p>\n<p style=\"text-align: justify;\">Fuente: Direcci\u00f3n de Prensa del Presidente<\/p>\n","protected":false},"excerpt":{"rendered":"<p>Mandatario tiene en agenda inaugurar una gran cantidad de obras este a\u00f1o por toda la<\/p>\n","protected":false},"author":1,"featured_media":0,"comment_status":"open","ping_status":"open","sticky":false,"template":"","format":"standard","meta":{"footnotes":""},"categories":[7],"tags":[],"class_list":["post-3004","post","type-post","status-publish","format-standard","hentry","category-nacionales"],"_links":{"self":[{"href":"https:\/\/defrentealaverdad.com\/index.php\/wp-json\/wp\/v2\/posts\/3004","targetHints":{"allow":["GET"]}}],"collection":[{"href":"https:\/\/defrentealaverdad.com\/index.php\/wp-json\/wp\/v2\/posts"}],"about":[{"href":"https:\/\/defrentealaverdad.com\/index.php\/wp-json\/wp\/v2\/types\/post"}],"author":[{"embeddable":true,"href":"https:\/\/defrentealaverdad.com\/index.php\/wp-json\/wp\/v2\/users\/1"}],"replies":[{"embeddable":true,"href":"https:\/\/defrentealaverdad.com\/index.php\/wp-json\/wp\/v2\/comments?post=3004"}],"version-history":[{"count":3,"href":"https:\/\/defrentealaverdad.com\/index.php\/wp-json\/wp\/v2\/posts\/3004\/revisions"}],"predecessor-version":[{"id":3007,"href":"https:\/\/defrentealaverdad.com\/index.php\/wp-json\/wp\/v2\/posts\/3004\/revisions\/3007"}],"wp:attachment":[{"href":"https:\/\/defrentealaverdad.com\/index.php\/wp-json\/wp\/v2\/media?parent=3004"}],"wp:term":[{"taxonomy":"category","embeddable":true,"href":"https:\/\/defrentealaverdad.com\/index.php\/wp-json\/wp\/v2\/categories?post=3004"},{"taxonomy":"post_tag","embeddable":true,"href":"https:\/\/defrentealaverdad.com\/index.php\/wp-json\/wp\/v2\/tags?post=3004"}],"curies":[{"name":"wp","href":"https:\/\/api.w.org\/{rel}","templated":true}]}}