{"id":2983,"date":"2023-01-05T13:24:24","date_gmt":"2023-01-05T13:24:24","guid":{"rendered":"https:\/\/defrentealaverdad.com\/?p=2983"},"modified":"2023-01-05T13:26:24","modified_gmt":"2023-01-05T13:26:24","slug":"2983","status":"publish","type":"post","link":"https:\/\/defrentealaverdad.com\/index.php\/2023\/01\/05\/2983\/","title":{"rendered":"\u201cTeacher Mechy\u201d desde este jueves en todos los cines del pa\u00eds"},"content":{"rendered":"<p style=\"text-align: justify;\">Santo Domingo. \u2013 Lleg\u00f3 la premier oficial de <strong>\u201cTeacher Mechy<\/strong>\u201d, iniciando la cartelera de las producciones cinematogr\u00e1ficas dominicanas de este 2023, donde se convirti\u00f3 en todo un Field Day escolar la explanada frontal de Downtown Center como parte del montaje del evento cargado de colores, energ\u00eda, m\u00fasica y una notable presencia de ni\u00f1os y familias quienes celebraron en exclusiva la premier. Esta inspiradora historia de amor, perseverancia y fe se estrena en cines de Rep\u00fablica Dominicana, Puerto Rico e islas del Caribe, de manera simult\u00e1nea desde este 5 de enero, bajo la direcci\u00f3n de Frank Perozo, con guion de Cheddy Garc\u00eda, Juan Manuel Tejada y Kendy Yanoreth.<\/p>\n<p style=\"text-align: justify;\"><img decoding=\"async\" class=\"attachment-medium size-medium jetpack-lazy-image jetpack-lazy-image--handled\" style=\"border: none; padding: 0px; text-align: center;\" src=\"https:\/\/i0.wp.com\/cinedominicano.com\/wp-content\/uploads\/2023\/01\/NInAS-DEL-CAST.jpg?fit=300%2C200&amp;ssl=1\" sizes=\"(max-width: 300px) 100vw, 300px\" srcset=\"https:\/\/i0.wp.com\/cinedominicano.com\/wp-content\/uploads\/2023\/01\/NInAS-DEL-CAST.jpg?w=7008&amp;ssl=1 7008w, https:\/\/i0.wp.com\/cinedominicano.com\/wp-content\/uploads\/2023\/01\/NInAS-DEL-CAST.jpg?resize=300%2C200&amp;ssl=1 300w, https:\/\/i0.wp.com\/cinedominicano.com\/wp-content\/uploads\/2023\/01\/NInAS-DEL-CAST.jpg?resize=768%2C512&amp;ssl=1 768w, https:\/\/i0.wp.com\/cinedominicano.com\/wp-content\/uploads\/2023\/01\/NInAS-DEL-CAST.jpg?resize=1024%2C683&amp;ssl=1 1024w, https:\/\/i0.wp.com\/cinedominicano.com\/wp-content\/uploads\/2023\/01\/NInAS-DEL-CAST.jpg?resize=575%2C385&amp;ssl=1 575w, https:\/\/i0.wp.com\/cinedominicano.com\/wp-content\/uploads\/2023\/01\/NInAS-DEL-CAST.jpg?resize=370%2C247&amp;ssl=1 370w, https:\/\/i0.wp.com\/cinedominicano.com\/wp-content\/uploads\/2023\/01\/NInAS-DEL-CAST.jpg?resize=1320%2C880&amp;ssl=1 1320w, https:\/\/i0.wp.com\/cinedominicano.com\/wp-content\/uploads\/2023\/01\/NInAS-DEL-CAST.jpg?resize=272%2C182&amp;ssl=1 272w, https:\/\/i0.wp.com\/cinedominicano.com\/wp-content\/uploads\/2023\/01\/NInAS-DEL-CAST.jpg?w=1920&amp;ssl=1 1920w\" alt=\"\" width=\"300\" height=\"200\" data-attachment-id=\"11407\" data-permalink=\"https:\/\/cinedominicano.com\/se-realiza-el-estreno-de-la-primera-pelicula-dominicana-en-cines-para-este-2023-teacher-mechy\/ninas-del-cast\/\" data-orig-file=\"https:\/\/i0.wp.com\/cinedominicano.com\/wp-content\/uploads\/2023\/01\/NInAS-DEL-CAST.jpg?fit=7008%2C4672&amp;ssl=1\" data-orig-size=\"7008,4672\" data-comments-opened=\"1\" data-image-meta=\"{&quot;aperture&quot;:&quot;4&quot;,&quot;credit&quot;:&quot;&quot;,&quot;camera&quot;:&quot;ILCE-7M4&quot;,&quot;caption&quot;:&quot;&quot;,&quot;created_timestamp&quot;:&quot;1672699452&quot;,&quot;copyright&quot;:&quot;&quot;,&quot;focal_length&quot;:&quot;29&quot;,&quot;iso&quot;:&quot;640&quot;,&quot;shutter_speed&quot;:&quot;0.016666666666667&quot;,&quot;title&quot;:&quot;&quot;,&quot;orientation&quot;:&quot;0&quot;}\" data-image-title=\"NInAS DEL CAST\" data-image-description=\"\" data-medium-file=\"https:\/\/i0.wp.com\/cinedominicano.com\/wp-content\/uploads\/2023\/01\/NInAS-DEL-CAST.jpg?fit=300%2C200&amp;ssl=1\" data-large-file=\"https:\/\/i0.wp.com\/cinedominicano.com\/wp-content\/uploads\/2023\/01\/NInAS-DEL-CAST.jpg?fit=640%2C427&amp;ssl=1\" data-lazy-loaded=\"1\" \/><img decoding=\"async\" class=\"attachment-medium size-medium jetpack-lazy-image jetpack-lazy-image--handled\" src=\"https:\/\/i0.wp.com\/cinedominicano.com\/wp-content\/uploads\/2023\/01\/NInOS-DEL-CAST.jpg?fit=300%2C200&amp;ssl=1\" sizes=\"(max-width: 300px) 100vw, 300px\" srcset=\"https:\/\/i0.wp.com\/cinedominicano.com\/wp-content\/uploads\/2023\/01\/NInOS-DEL-CAST.jpg?w=7008&amp;ssl=1 7008w, https:\/\/i0.wp.com\/cinedominicano.com\/wp-content\/uploads\/2023\/01\/NInOS-DEL-CAST.jpg?resize=300%2C200&amp;ssl=1 300w, https:\/\/i0.wp.com\/cinedominicano.com\/wp-content\/uploads\/2023\/01\/NInOS-DEL-CAST.jpg?resize=768%2C512&amp;ssl=1 768w, https:\/\/i0.wp.com\/cinedominicano.com\/wp-content\/uploads\/2023\/01\/NInOS-DEL-CAST.jpg?resize=1024%2C683&amp;ssl=1 1024w, https:\/\/i0.wp.com\/cinedominicano.com\/wp-content\/uploads\/2023\/01\/NInOS-DEL-CAST.jpg?resize=575%2C385&amp;ssl=1 575w, https:\/\/i0.wp.com\/cinedominicano.com\/wp-content\/uploads\/2023\/01\/NInOS-DEL-CAST.jpg?resize=370%2C247&amp;ssl=1 370w, https:\/\/i0.wp.com\/cinedominicano.com\/wp-content\/uploads\/2023\/01\/NInOS-DEL-CAST.jpg?resize=1320%2C880&amp;ssl=1 1320w, https:\/\/i0.wp.com\/cinedominicano.com\/wp-content\/uploads\/2023\/01\/NInOS-DEL-CAST.jpg?resize=272%2C182&amp;ssl=1 272w, https:\/\/i0.wp.com\/cinedominicano.com\/wp-content\/uploads\/2023\/01\/NInOS-DEL-CAST.jpg?w=1920&amp;ssl=1 1920w\" alt=\"\" width=\"300\" height=\"200\" data-attachment-id=\"11408\" data-permalink=\"https:\/\/cinedominicano.com\/se-realiza-el-estreno-de-la-primera-pelicula-dominicana-en-cines-para-este-2023-teacher-mechy\/ninos-del-cast\/\" data-orig-file=\"https:\/\/i0.wp.com\/cinedominicano.com\/wp-content\/uploads\/2023\/01\/NInOS-DEL-CAST.jpg?fit=7008%2C4672&amp;ssl=1\" data-orig-size=\"7008,4672\" data-comments-opened=\"1\" data-image-meta=\"{&quot;aperture&quot;:&quot;4&quot;,&quot;credit&quot;:&quot;&quot;,&quot;camera&quot;:&quot;ILCE-7M4&quot;,&quot;caption&quot;:&quot;&quot;,&quot;created_timestamp&quot;:&quot;1672699921&quot;,&quot;copyright&quot;:&quot;&quot;,&quot;focal_length&quot;:&quot;33&quot;,&quot;iso&quot;:&quot;640&quot;,&quot;shutter_speed&quot;:&quot;0.016666666666667&quot;,&quot;title&quot;:&quot;&quot;,&quot;orientation&quot;:&quot;0&quot;}\" data-image-title=\"NInOS DEL CAST\" data-image-description=\"\" data-medium-file=\"https:\/\/i0.wp.com\/cinedominicano.com\/wp-content\/uploads\/2023\/01\/NInOS-DEL-CAST.jpg?fit=300%2C200&amp;ssl=1\" data-large-file=\"https:\/\/i0.wp.com\/cinedominicano.com\/wp-content\/uploads\/2023\/01\/NInOS-DEL-CAST.jpg?fit=640%2C427&amp;ssl=1\" data-lazy-loaded=\"1\" \/><\/p>\n<p style=\"text-align: justify;\">Esta comedia familiar cuenta con la participaci\u00f3n de m\u00e1s de 30 ni\u00f1os en escena, quienes act\u00faan y bailan en una historia familiar cargada de risas, m\u00fasica y mensajes positivos; los roles infantiles estelares recaen sobre Zo\u00e9 Mart\u00ed Lachapell, Sophie Duran, Pedro Hern\u00e1ndez, y Yadiel Santana quienes tuvieron a su cargo la conducci\u00f3n del evento principal de la premier. Caribbean Films con esta pel\u00edcula su n\u00famero 10, contin\u00faa apostando al cine familiar con historias divertidas pero cargada de valores y mensajes positivos, cuyo rodaje se llev\u00f3 a cabo en diferentes locaciones de Santo Domingo, as\u00ed como la ciudad de New York.<\/p>\n<div id=\"gallery-2\" class=\"gallery galleryid-11404 gallery-columns-3 gallery-size-medium\" style=\"text-align: justify;\" data-carousel-extra=\"{&quot;blog_id&quot;:1,&quot;permalink&quot;:&quot;https:\\\/\\\/cinedominicano.com\\\/se-realiza-el-estreno-de-la-primera-pelicula-dominicana-en-cines-para-este-2023-teacher-mechy\\\/&quot;}\">\n<figure class=\"gallery-item\">\n<div class=\"gallery-icon landscape\"><img decoding=\"async\" class=\"attachment-medium size-medium jetpack-lazy-image jetpack-lazy-image--handled\" src=\"https:\/\/i1.wp.com\/cinedominicano.com\/wp-content\/uploads\/2023\/01\/Francisco-Vasquez-Zumaya-Cordero-Irving-Alberti-Chelsy-Bautista-Robert-Carrady-Cheddy-Garcia-Frank-Perozo-Gregory-Quinn.jpg?fit=300%2C200&amp;ssl=1\" sizes=\"(max-width: 300px) 100vw, 300px\" srcset=\"https:\/\/i1.wp.com\/cinedominicano.com\/wp-content\/uploads\/2023\/01\/Francisco-Vasquez-Zumaya-Cordero-Irving-Alberti-Chelsy-Bautista-Robert-Carrady-Cheddy-Garcia-Frank-Perozo-Gregory-Quinn.jpg?w=1600&amp;ssl=1 1600w, https:\/\/i1.wp.com\/cinedominicano.com\/wp-content\/uploads\/2023\/01\/Francisco-Vasquez-Zumaya-Cordero-Irving-Alberti-Chelsy-Bautista-Robert-Carrady-Cheddy-Garcia-Frank-Perozo-Gregory-Quinn.jpg?resize=300%2C200&amp;ssl=1 300w, https:\/\/i1.wp.com\/cinedominicano.com\/wp-content\/uploads\/2023\/01\/Francisco-Vasquez-Zumaya-Cordero-Irving-Alberti-Chelsy-Bautista-Robert-Carrady-Cheddy-Garcia-Frank-Perozo-Gregory-Quinn.jpg?resize=768%2C512&amp;ssl=1 768w, https:\/\/i1.wp.com\/cinedominicano.com\/wp-content\/uploads\/2023\/01\/Francisco-Vasquez-Zumaya-Cordero-Irving-Alberti-Chelsy-Bautista-Robert-Carrady-Cheddy-Garcia-Frank-Perozo-Gregory-Quinn.jpg?resize=1024%2C682&amp;ssl=1 1024w, https:\/\/i1.wp.com\/cinedominicano.com\/wp-content\/uploads\/2023\/01\/Francisco-Vasquez-Zumaya-Cordero-Irving-Alberti-Chelsy-Bautista-Robert-Carrady-Cheddy-Garcia-Frank-Perozo-Gregory-Quinn.jpg?resize=575%2C385&amp;ssl=1 575w, https:\/\/i1.wp.com\/cinedominicano.com\/wp-content\/uploads\/2023\/01\/Francisco-Vasquez-Zumaya-Cordero-Irving-Alberti-Chelsy-Bautista-Robert-Carrady-Cheddy-Garcia-Frank-Perozo-Gregory-Quinn.jpg?resize=370%2C247&amp;ssl=1 370w, https:\/\/i1.wp.com\/cinedominicano.com\/wp-content\/uploads\/2023\/01\/Francisco-Vasquez-Zumaya-Cordero-Irving-Alberti-Chelsy-Bautista-Robert-Carrady-Cheddy-Garcia-Frank-Perozo-Gregory-Quinn.jpg?resize=1320%2C879&amp;ssl=1 1320w, https:\/\/i1.wp.com\/cinedominicano.com\/wp-content\/uploads\/2023\/01\/Francisco-Vasquez-Zumaya-Cordero-Irving-Alberti-Chelsy-Bautista-Robert-Carrady-Cheddy-Garcia-Frank-Perozo-Gregory-Quinn.jpg?resize=272%2C182&amp;ssl=1 272w\" alt=\"\" width=\"300\" height=\"200\" data-attachment-id=\"11406\" data-permalink=\"https:\/\/cinedominicano.com\/se-realiza-el-estreno-de-la-primera-pelicula-dominicana-en-cines-para-este-2023-teacher-mechy\/francisco-vasquez-zumaya-cordero-irving-alberti-chelsy-bautista-robert-carrady-cheddy-garcia-frank-perozo-gregory-quinn\/\" data-orig-file=\"https:\/\/i1.wp.com\/cinedominicano.com\/wp-content\/uploads\/2023\/01\/Francisco-Vasquez-Zumaya-Cordero-Irving-Alberti-Chelsy-Bautista-Robert-Carrady-Cheddy-Garcia-Frank-Perozo-Gregory-Quinn.jpg?fit=1600%2C1066&amp;ssl=1\" data-orig-size=\"1600,1066\" data-comments-opened=\"1\" data-image-meta=\"{&quot;aperture&quot;:&quot;0&quot;,&quot;credit&quot;:&quot;&quot;,&quot;camera&quot;:&quot;&quot;,&quot;caption&quot;:&quot;&quot;,&quot;created_timestamp&quot;:&quot;0&quot;,&quot;copyright&quot;:&quot;&quot;,&quot;focal_length&quot;:&quot;0&quot;,&quot;iso&quot;:&quot;0&quot;,&quot;shutter_speed&quot;:&quot;0&quot;,&quot;title&quot;:&quot;&quot;,&quot;orientation&quot;:&quot;0&quot;}\" data-image-title=\"Francisco Vasquez, Zumaya Cordero, Irving Alberti, Chelsy Bautista, Robert Carrady, Cheddy Garcia, Frank Perozo, Gregory Quinn\" data-image-description=\"\" data-medium-file=\"https:\/\/i1.wp.com\/cinedominicano.com\/wp-content\/uploads\/2023\/01\/Francisco-Vasquez-Zumaya-Cordero-Irving-Alberti-Chelsy-Bautista-Robert-Carrady-Cheddy-Garcia-Frank-Perozo-Gregory-Quinn.jpg?fit=300%2C200&amp;ssl=1\" data-large-file=\"https:\/\/i1.wp.com\/cinedominicano.com\/wp-content\/uploads\/2023\/01\/Francisco-Vasquez-Zumaya-Cordero-Irving-Alberti-Chelsy-Bautista-Robert-Carrady-Cheddy-Garcia-Frank-Perozo-Gregory-Quinn.jpg?fit=640%2C426&amp;ssl=1\" data-lazy-loaded=\"1\" \/><img decoding=\"async\" class=\"attachment-medium size-medium jetpack-lazy-image jetpack-lazy-image--handled\" src=\"https:\/\/i0.wp.com\/cinedominicano.com\/wp-content\/uploads\/2023\/01\/CHEDDY-GARCIA-FRANK-PEROZO-ZUMAYA-CORDERO-Y-DENNISSE-QUIN%CC%83ONES.jpg?fit=300%2C200&amp;ssl=1\" sizes=\"(max-width: 300px) 100vw, 300px\" srcset=\"https:\/\/i0.wp.com\/cinedominicano.com\/wp-content\/uploads\/2023\/01\/CHEDDY-GARCIA-FRANK-PEROZO-ZUMAYA-CORDERO-Y-DENNISSE-QUIN\u0303ONES.jpg?w=1600&amp;ssl=1 1600w, https:\/\/i0.wp.com\/cinedominicano.com\/wp-content\/uploads\/2023\/01\/CHEDDY-GARCIA-FRANK-PEROZO-ZUMAYA-CORDERO-Y-DENNISSE-QUIN\u0303ONES.jpg?resize=300%2C200&amp;ssl=1 300w, https:\/\/i0.wp.com\/cinedominicano.com\/wp-content\/uploads\/2023\/01\/CHEDDY-GARCIA-FRANK-PEROZO-ZUMAYA-CORDERO-Y-DENNISSE-QUIN\u0303ONES.jpg?resize=768%2C512&amp;ssl=1 768w, https:\/\/i0.wp.com\/cinedominicano.com\/wp-content\/uploads\/2023\/01\/CHEDDY-GARCIA-FRANK-PEROZO-ZUMAYA-CORDERO-Y-DENNISSE-QUIN\u0303ONES.jpg?resize=1024%2C682&amp;ssl=1 1024w, https:\/\/i0.wp.com\/cinedominicano.com\/wp-content\/uploads\/2023\/01\/CHEDDY-GARCIA-FRANK-PEROZO-ZUMAYA-CORDERO-Y-DENNISSE-QUIN\u0303ONES.jpg?resize=575%2C385&amp;ssl=1 575w, https:\/\/i0.wp.com\/cinedominicano.com\/wp-content\/uploads\/2023\/01\/CHEDDY-GARCIA-FRANK-PEROZO-ZUMAYA-CORDERO-Y-DENNISSE-QUIN\u0303ONES.jpg?resize=370%2C247&amp;ssl=1 370w, https:\/\/i0.wp.com\/cinedominicano.com\/wp-content\/uploads\/2023\/01\/CHEDDY-GARCIA-FRANK-PEROZO-ZUMAYA-CORDERO-Y-DENNISSE-QUIN\u0303ONES.jpg?resize=1320%2C879&amp;ssl=1 1320w, https:\/\/i0.wp.com\/cinedominicano.com\/wp-content\/uploads\/2023\/01\/CHEDDY-GARCIA-FRANK-PEROZO-ZUMAYA-CORDERO-Y-DENNISSE-QUIN\u0303ONES.jpg?resize=272%2C182&amp;ssl=1 272w\" alt=\"\" width=\"300\" height=\"200\" data-attachment-id=\"11411\" data-permalink=\"https:\/\/cinedominicano.com\/se-realiza-el-estreno-de-la-primera-pelicula-dominicana-en-cines-para-este-2023-teacher-mechy\/cheddy-garcia-frank-perozo-zumaya-cordero-y-dennisse-quin%cc%83ones\/\" data-orig-file=\"https:\/\/i0.wp.com\/cinedominicano.com\/wp-content\/uploads\/2023\/01\/CHEDDY-GARCIA-FRANK-PEROZO-ZUMAYA-CORDERO-Y-DENNISSE-QUIN\u0303ONES.jpg?fit=1600%2C1066&amp;ssl=1\" data-orig-size=\"1600,1066\" data-comments-opened=\"1\" data-image-meta=\"{&quot;aperture&quot;:&quot;0&quot;,&quot;credit&quot;:&quot;&quot;,&quot;camera&quot;:&quot;&quot;,&quot;caption&quot;:&quot;&quot;,&quot;created_timestamp&quot;:&quot;0&quot;,&quot;copyright&quot;:&quot;&quot;,&quot;focal_length&quot;:&quot;0&quot;,&quot;iso&quot;:&quot;0&quot;,&quot;shutter_speed&quot;:&quot;0&quot;,&quot;title&quot;:&quot;&quot;,&quot;orientation&quot;:&quot;0&quot;}\" data-image-title=\"CHEDDY GARCIA, FRANK PEROZO, ZUMAYA CORDERO Y DENNISSE QUIN\u0303ONES\" data-image-description=\"\" data-medium-file=\"https:\/\/i0.wp.com\/cinedominicano.com\/wp-content\/uploads\/2023\/01\/CHEDDY-GARCIA-FRANK-PEROZO-ZUMAYA-CORDERO-Y-DENNISSE-QUIN\u0303ONES.jpg?fit=300%2C200&amp;ssl=1\" data-large-file=\"https:\/\/i0.wp.com\/cinedominicano.com\/wp-content\/uploads\/2023\/01\/CHEDDY-GARCIA-FRANK-PEROZO-ZUMAYA-CORDERO-Y-DENNISSE-QUIN\u0303ONES.jpg?fit=640%2C426&amp;ssl=1\" data-lazy-loaded=\"1\" \/><\/div>\n<\/figure>\n<\/div>\n<p style=\"text-align: justify;\"><strong>\u201cTeacher Mechy\u201d <\/strong>es protagonizada por Cheddy Garc\u00eda (Mechy), quien en este proyecto se estrena como guionista, y\u00a0productora; (Bertha)\u00a0es Francisca la mejor amiga que trata de evitar Mechy se meta en\u00a0problemas;\u00a0la antag\u00f3nica de la historia es la actriz, bailarina y ex miss universo, la puertorrique\u00f1a\u00a0Denisse Qui\u00f1ones (Xiomara); el rol estelar masculino recae sobre Irving Alberti (Alex);\u00a0completan este cast estelar Olga Bucarelli (Pura); Francisco V\u00e1zquez (director Araya) y Chelsy Bautista (Saray). Complementan este elenco las reconocidas figuras del entretenimiento y cine\u00a0Aquiles Correa, Haidy Cruz, L\u00eda Briones, Danilo Reynoso y Anderson Humor, quienes se hacen acompa\u00f1ar de caras nuevas en la actuaci\u00f3n de la mano de Caribbean Films como es el caso de Vladimir Acevedo, , Julio Fabi\u00e1n \u201cEl Peluche\u201d, Laura Giselle, Fiume Michel, Mar\u00eda Jos\u00e9 D\u00edaz y el joven actor de teatro Jean Luis Burgos, apoyando como siempre talentos de la actuaci\u00f3n, del teatro, as\u00ed como la nueva generaci\u00f3n de j\u00f3venes que busca su espacio en el cine dominicano.<\/p>\n<p style=\"text-align: justify;\"><strong>Por su lado Cheddy Garc\u00eda agradeci\u00f3 el apoyo recibido por los medios de comunicaci\u00f3n que se han hecho eco de este proyecto, as\u00ed como tambi\u00e9n a todo el equipo de producci\u00f3n y cast que ha hecho posible su producci\u00f3n.\u00a0<em>\u201cEste es un sue\u00f1o que ven\u00eda acariciando desde hace a\u00f1os sobre una an\u00e9cdota que viv\u00ed y que daba pie a contar una historia donde pudimos mezclar la ficci\u00f3n y la realidad para llevar un mensaje de esperanza a tantas mujeres y hombres que lucha por salir adelante sin ensuciar sus manos\u201d,\u00a0<\/em>indic\u00f3 la actriz, productora y guionista del filme.<\/strong><\/p>\n<p style=\"text-align: justify;\">A su vez los ejecutivos de Caribbean Films, agradecieron a Cheddy Garcia por confiarles un proyecto tan personal y donde pudieron trabajar por primera vez con un crew de actores infantiles maravillosos los cuales seguir\u00e1n apoyando porque son ya parte de una nueva generaci\u00f3n que se suma a la industria. As\u00ed mismo agradecieron el soporte de sus inversionistas Altice Dominicana, Quala, Mercasid y Megacentro, as\u00ed como el apoyo como patrocinadores de Jumbo y Milex.<\/p>\n<p style=\"text-align: justify;\">La m\u00fasica juega un rol importante en todos los proyectos de Caribbean Films, en el caso de Teacher Mechy cuenta con su tema original\u00a0<strong><em>\u201cT\u00edrame un pasito\u201d<\/em><\/strong> compuesto e interpretado por Rafely Rosario. Complementan la banda sonora de la pel\u00edcula los temas Desde mis ojos (Chris Lebr\u00f3n), Pila de bandera (Don Miguelo, L\u00e1piz,\u00a0Mozart La para), Estoy completo (Manny Cruz), Solita (Youmaico) entre otros.<\/p>\n<p style=\"text-align: justify;\"><strong><u>Sinopsis<\/u><\/strong><\/p>\n<p style=\"text-align: justify;\"><img decoding=\"async\" class=\"attachment-medium size-medium jetpack-lazy-image jetpack-lazy-image--handled\" src=\"https:\/\/i0.wp.com\/cinedominicano.com\/wp-content\/uploads\/2023\/01\/Gadiel-Isaac-y-Josue-Martinez-Lopez.jpg?fit=300%2C200&amp;ssl=1\" sizes=\"(max-width: 300px) 100vw, 300px\" srcset=\"https:\/\/i0.wp.com\/cinedominicano.com\/wp-content\/uploads\/2023\/01\/Gadiel-Isaac-y-Josue-Martinez-Lopez.jpg?w=7008&amp;ssl=1 7008w, https:\/\/i0.wp.com\/cinedominicano.com\/wp-content\/uploads\/2023\/01\/Gadiel-Isaac-y-Josue-Martinez-Lopez.jpg?resize=300%2C200&amp;ssl=1 300w, https:\/\/i0.wp.com\/cinedominicano.com\/wp-content\/uploads\/2023\/01\/Gadiel-Isaac-y-Josue-Martinez-Lopez.jpg?resize=768%2C512&amp;ssl=1 768w, https:\/\/i0.wp.com\/cinedominicano.com\/wp-content\/uploads\/2023\/01\/Gadiel-Isaac-y-Josue-Martinez-Lopez.jpg?resize=1024%2C683&amp;ssl=1 1024w, https:\/\/i0.wp.com\/cinedominicano.com\/wp-content\/uploads\/2023\/01\/Gadiel-Isaac-y-Josue-Martinez-Lopez.jpg?resize=575%2C385&amp;ssl=1 575w, https:\/\/i0.wp.com\/cinedominicano.com\/wp-content\/uploads\/2023\/01\/Gadiel-Isaac-y-Josue-Martinez-Lopez.jpg?resize=370%2C247&amp;ssl=1 370w, https:\/\/i0.wp.com\/cinedominicano.com\/wp-content\/uploads\/2023\/01\/Gadiel-Isaac-y-Josue-Martinez-Lopez.jpg?resize=1320%2C880&amp;ssl=1 1320w, https:\/\/i0.wp.com\/cinedominicano.com\/wp-content\/uploads\/2023\/01\/Gadiel-Isaac-y-Josue-Martinez-Lopez.jpg?resize=272%2C182&amp;ssl=1 272w, https:\/\/i0.wp.com\/cinedominicano.com\/wp-content\/uploads\/2023\/01\/Gadiel-Isaac-y-Josue-Martinez-Lopez.jpg?w=1920&amp;ssl=1 1920w\" alt=\"\" width=\"300\" height=\"200\" data-attachment-id=\"11409\" data-permalink=\"https:\/\/cinedominicano.com\/se-realiza-el-estreno-de-la-primera-pelicula-dominicana-en-cines-para-este-2023-teacher-mechy\/gadiel-isaac-y-josue-martinez-lopez\/\" data-orig-file=\"https:\/\/i0.wp.com\/cinedominicano.com\/wp-content\/uploads\/2023\/01\/Gadiel-Isaac-y-Josue-Martinez-Lopez.jpg?fit=7008%2C4672&amp;ssl=1\" data-orig-size=\"7008,4672\" data-comments-opened=\"1\" data-image-meta=\"{&quot;aperture&quot;:&quot;4.5&quot;,&quot;credit&quot;:&quot;&quot;,&quot;camera&quot;:&quot;ILCE-7M4&quot;,&quot;caption&quot;:&quot;&quot;,&quot;created_timestamp&quot;:&quot;1672698613&quot;,&quot;copyright&quot;:&quot;&quot;,&quot;focal_length&quot;:&quot;28&quot;,&quot;iso&quot;:&quot;400&quot;,&quot;shutter_speed&quot;:&quot;0.025&quot;,&quot;title&quot;:&quot;&quot;,&quot;orientation&quot;:&quot;0&quot;}\" data-image-title=\"Gadiel, Isaac, y Josue Martinez Lopez\" data-image-description=\"\" data-medium-file=\"https:\/\/i0.wp.com\/cinedominicano.com\/wp-content\/uploads\/2023\/01\/Gadiel-Isaac-y-Josue-Martinez-Lopez.jpg?fit=300%2C200&amp;ssl=1\" data-large-file=\"https:\/\/i0.wp.com\/cinedominicano.com\/wp-content\/uploads\/2023\/01\/Gadiel-Isaac-y-Josue-Martinez-Lopez.jpg?fit=640%2C427&amp;ssl=1\" data-lazy-loaded=\"1\" \/><img decoding=\"async\" class=\"attachment-medium size-medium jetpack-lazy-image jetpack-lazy-image--handled\" src=\"https:\/\/i2.wp.com\/cinedominicano.com\/wp-content\/uploads\/2023\/01\/FOTO-TODO-EL-ELENCO.jpg?fit=300%2C200&amp;ssl=1\" sizes=\"(max-width: 300px) 100vw, 300px\" srcset=\"https:\/\/i2.wp.com\/cinedominicano.com\/wp-content\/uploads\/2023\/01\/FOTO-TODO-EL-ELENCO.jpg?w=7008&amp;ssl=1 7008w, https:\/\/i2.wp.com\/cinedominicano.com\/wp-content\/uploads\/2023\/01\/FOTO-TODO-EL-ELENCO.jpg?resize=300%2C200&amp;ssl=1 300w, https:\/\/i2.wp.com\/cinedominicano.com\/wp-content\/uploads\/2023\/01\/FOTO-TODO-EL-ELENCO.jpg?resize=768%2C512&amp;ssl=1 768w, https:\/\/i2.wp.com\/cinedominicano.com\/wp-content\/uploads\/2023\/01\/FOTO-TODO-EL-ELENCO.jpg?resize=1024%2C683&amp;ssl=1 1024w, https:\/\/i2.wp.com\/cinedominicano.com\/wp-content\/uploads\/2023\/01\/FOTO-TODO-EL-ELENCO.jpg?resize=575%2C385&amp;ssl=1 575w, https:\/\/i2.wp.com\/cinedominicano.com\/wp-content\/uploads\/2023\/01\/FOTO-TODO-EL-ELENCO.jpg?resize=370%2C247&amp;ssl=1 370w, https:\/\/i2.wp.com\/cinedominicano.com\/wp-content\/uploads\/2023\/01\/FOTO-TODO-EL-ELENCO.jpg?resize=1320%2C880&amp;ssl=1 1320w, https:\/\/i2.wp.com\/cinedominicano.com\/wp-content\/uploads\/2023\/01\/FOTO-TODO-EL-ELENCO.jpg?resize=272%2C182&amp;ssl=1 272w, https:\/\/i2.wp.com\/cinedominicano.com\/wp-content\/uploads\/2023\/01\/FOTO-TODO-EL-ELENCO.jpg?w=1920&amp;ssl=1 1920w\" alt=\"\" width=\"300\" height=\"200\" data-attachment-id=\"11410\" data-permalink=\"https:\/\/cinedominicano.com\/se-realiza-el-estreno-de-la-primera-pelicula-dominicana-en-cines-para-este-2023-teacher-mechy\/foto-todo-el-elenco\/\" data-orig-file=\"https:\/\/i2.wp.com\/cinedominicano.com\/wp-content\/uploads\/2023\/01\/FOTO-TODO-EL-ELENCO.jpg?fit=7008%2C4672&amp;ssl=1\" data-orig-size=\"7008,4672\" data-comments-opened=\"1\" data-image-meta=\"{&quot;aperture&quot;:&quot;4.5&quot;,&quot;credit&quot;:&quot;&quot;,&quot;camera&quot;:&quot;ILCE-7M4&quot;,&quot;caption&quot;:&quot;&quot;,&quot;created_timestamp&quot;:&quot;1672704183&quot;,&quot;copyright&quot;:&quot;&quot;,&quot;focal_length&quot;:&quot;28&quot;,&quot;iso&quot;:&quot;2000&quot;,&quot;shutter_speed&quot;:&quot;0.016666666666667&quot;,&quot;title&quot;:&quot;&quot;,&quot;orientation&quot;:&quot;0&quot;}\" data-image-title=\"FOTO TODO EL ELENCO\" data-image-description=\"\" data-medium-file=\"https:\/\/i2.wp.com\/cinedominicano.com\/wp-content\/uploads\/2023\/01\/FOTO-TODO-EL-ELENCO.jpg?fit=300%2C200&amp;ssl=1\" data-large-file=\"https:\/\/i2.wp.com\/cinedominicano.com\/wp-content\/uploads\/2023\/01\/FOTO-TODO-EL-ELENCO.jpg?fit=640%2C427&amp;ssl=1\" data-lazy-loaded=\"1\" \/><\/p>\n<p style=\"text-align: justify;\">\u201cTeacher Mechy\u201d cuenta la historia de Mercedes, una mujer luchadora y valiente que luego de haber estudiado pedagog\u00eda en Santo Domingo, emprende un viaje a Nueva York en busca de una mejor\u00eda de vida para su hija y su madre.<\/p>\n<p style=\"text-align: justify;\">Despu\u00e9s de unos a\u00f1os en NY, regresa a su pa\u00eds para afrontar un grave problema, contando con la ayuda de su comadre y amiga Bertha logra entrar como profesora en un colegio de clase alta sin imaginarse todo lo que ocurrir\u00eda y c\u00f3mo su vida cambiar\u00eda por completo.<\/p>\n<p style=\"text-align: justify;\">\n<p style=\"text-align: justify;\">Fuente: Cine Dominicano<\/p>\n","protected":false},"excerpt":{"rendered":"<p>Santo Domingo. \u2013 Lleg\u00f3 la premier oficial de \u201cTeacher Mechy\u201d, iniciando la cartelera de las<\/p>\n","protected":false},"author":1,"featured_media":0,"comment_status":"open","ping_status":"open","sticky":false,"template":"","format":"standard","meta":{"footnotes":""},"categories":[13],"tags":[],"class_list":["post-2983","post","type-post","status-publish","format-standard","hentry","category-sociales"],"_links":{"self":[{"href":"https:\/\/defrentealaverdad.com\/index.php\/wp-json\/wp\/v2\/posts\/2983","targetHints":{"allow":["GET"]}}],"collection":[{"href":"https:\/\/defrentealaverdad.com\/index.php\/wp-json\/wp\/v2\/posts"}],"about":[{"href":"https:\/\/defrentealaverdad.com\/index.php\/wp-json\/wp\/v2\/types\/post"}],"author":[{"embeddable":true,"href":"https:\/\/defrentealaverdad.com\/index.php\/wp-json\/wp\/v2\/users\/1"}],"replies":[{"embeddable":true,"href":"https:\/\/defrentealaverdad.com\/index.php\/wp-json\/wp\/v2\/comments?post=2983"}],"version-history":[{"count":3,"href":"https:\/\/defrentealaverdad.com\/index.php\/wp-json\/wp\/v2\/posts\/2983\/revisions"}],"predecessor-version":[{"id":2986,"href":"https:\/\/defrentealaverdad.com\/index.php\/wp-json\/wp\/v2\/posts\/2983\/revisions\/2986"}],"wp:attachment":[{"href":"https:\/\/defrentealaverdad.com\/index.php\/wp-json\/wp\/v2\/media?parent=2983"}],"wp:term":[{"taxonomy":"category","embeddable":true,"href":"https:\/\/defrentealaverdad.com\/index.php\/wp-json\/wp\/v2\/categories?post=2983"},{"taxonomy":"post_tag","embeddable":true,"href":"https:\/\/defrentealaverdad.com\/index.php\/wp-json\/wp\/v2\/tags?post=2983"}],"curies":[{"name":"wp","href":"https:\/\/api.w.org\/{rel}","templated":true}]}}