{"id":2977,"date":"2023-01-05T13:18:34","date_gmt":"2023-01-05T13:18:34","guid":{"rendered":"https:\/\/defrentealaverdad.com\/?p=2977"},"modified":"2023-01-05T13:18:34","modified_gmt":"2023-01-05T13:18:34","slug":"ministerio-de-defensa-reforzara-con-drones-seguridad-y-vigilancia-en-puertos-maritimos","status":"publish","type":"post","link":"https:\/\/defrentealaverdad.com\/index.php\/2023\/01\/05\/ministerio-de-defensa-reforzara-con-drones-seguridad-y-vigilancia-en-puertos-maritimos\/","title":{"rendered":"Ministerio de Defensa reforzar\u00e1 con drones seguridad y vigilancia en puertos mar\u00edtimos"},"content":{"rendered":"<div class=\"nota\">\n<p><img decoding=\"async\" class=\"aligncenter lazyload\" data-src=\"https:\/\/proceso.com.do\/wp-content\/uploads\/2023\/01\/MIDE-drones-650x400.jpeg\" src=\"data:image\/svg+xml;base64,PHN2ZyB3aWR0aD0iMSIgaGVpZ2h0PSIxIiB4bWxucz0iaHR0cDovL3d3dy53My5vcmcvMjAwMC9zdmciPjwvc3ZnPg==\" style=\"--smush-placeholder-width: 650px; --smush-placeholder-aspect-ratio: 650\/400;\" \/><\/p>\n<p style=\"text-align: justify;\">SANTO DOMINGO, RD.-El Ministerio de Defensa reforzar\u00e1 con drones la vigilancia y seguridad de los puertos del pa\u00eds y garantizar la frontera mar\u00edtima y buen funcionamiento del comercio de la naci\u00f3n en esas instalaciones.<\/p>\n<p style=\"text-align: justify;\">Para tales fines, el Cuerpo Especializado en Seguridad Portuaria (CESEP), del Ministerio de Defensa (MIDE) reafirm\u00f3 su compromiso de garantizar la vigilancia y seguridad de los puertos del pa\u00eds, mediante las acciones que realiza para asegurar la frontera mar\u00edtima, garantizando el buen funcionamiento del comercio de la naci\u00f3n en los puertos.<\/p>\n<p style=\"text-align: justify;\">Desde su creaci\u00f3n en el a\u00f1o dos mil (2000), el CESEP es la principal instituci\u00f3n de apoyo a la Autoridad Portuaria Dominicana en la defensa y protecci\u00f3n para el cumplimiento eficaz de las leyes nacionales e internacionales reguladoras de la actividad portuaria.<\/p>\n<p style=\"text-align: justify;\">Al participar en el programa J-5 Interactivo, de la Voz de las Fuerzas Armadas, el Director de Operaciones de la instituci\u00f3n, Capit\u00e1n de nav\u00edo Daniel Eduardo de la Rosa M\u00e9ndez, ARD, dijo que \u201clas operaciones que se desarrollan desde el CESEP tienen el objetivo de mantener protegido toda la mercanc\u00eda que sale y entra al pa\u00eds, ya que alrededor del 90% de la materia prima que llega al territorio nacional es por v\u00eda mar\u00edtima\u201d.<\/p>\n<p style=\"text-align: justify;\">El CESEP como dependencia del MIDE \u201ctrabaja de manera permanente en los 15 puertos comerciales e internacionales y 36 instalaciones portuarias que posee la Rep\u00fablica Dominicana, trabajando d\u00eda y noche para minimizar y prevenir las amenazas que est\u00e1 expuesto el sector portuario, logrando con ello garantizar de forma \u00f3ptima el desarrollo de las operaciones\u201d.<\/p>\n<p style=\"text-align: justify;\">El Capit\u00e1n de Fragata M\u00e1ximo Pe\u00f1a de Le\u00f3n, ERD, Director Jur\u00eddico del CESEP, durante su participaci\u00f3n en el espacio radial, destac\u00f3 que, al cumplirse 22 a\u00f1os de la creaci\u00f3n de este cuerpo especializado, \u201cuno de los logros m\u00e1s importantes es el gran compromiso de sus miembros en el ejercicio del cumplimiento de la ley, ayudando al pa\u00eds a salvaguardar la defensa y seguridad de la frontera mar\u00edtima\u201d.<\/p>\n<p style=\"text-align: justify;\">Ambos oficiales aseguraron que el personal del CESEP tiene todos los conocimientos necesarios para realizar las requisas, patrullaje acu\u00e1tico, manejo de buques, control de acceso, \u201cya que es de prioridad para la instituci\u00f3n militar que los soldados se capaciten y apuesten a la excelencia desde donde desempe\u00f1an sus funciones\u201d.<\/p>\n<\/div>\n<p style=\"text-align: justify;\">\n<p style=\"text-align: justify;\">Fuente: Ministerio de Defensa<\/p>\n","protected":false},"excerpt":{"rendered":"<p>SANTO DOMINGO, RD.-El Ministerio de Defensa reforzar\u00e1 con drones la vigilancia y seguridad de los<\/p>\n","protected":false},"author":1,"featured_media":0,"comment_status":"open","ping_status":"open","sticky":false,"template":"","format":"standard","meta":{"footnotes":""},"categories":[7],"tags":[],"class_list":["post-2977","post","type-post","status-publish","format-standard","hentry","category-nacionales"],"_links":{"self":[{"href":"https:\/\/defrentealaverdad.com\/index.php\/wp-json\/wp\/v2\/posts\/2977","targetHints":{"allow":["GET"]}}],"collection":[{"href":"https:\/\/defrentealaverdad.com\/index.php\/wp-json\/wp\/v2\/posts"}],"about":[{"href":"https:\/\/defrentealaverdad.com\/index.php\/wp-json\/wp\/v2\/types\/post"}],"author":[{"embeddable":true,"href":"https:\/\/defrentealaverdad.com\/index.php\/wp-json\/wp\/v2\/users\/1"}],"replies":[{"embeddable":true,"href":"https:\/\/defrentealaverdad.com\/index.php\/wp-json\/wp\/v2\/comments?post=2977"}],"version-history":[{"count":1,"href":"https:\/\/defrentealaverdad.com\/index.php\/wp-json\/wp\/v2\/posts\/2977\/revisions"}],"predecessor-version":[{"id":2978,"href":"https:\/\/defrentealaverdad.com\/index.php\/wp-json\/wp\/v2\/posts\/2977\/revisions\/2978"}],"wp:attachment":[{"href":"https:\/\/defrentealaverdad.com\/index.php\/wp-json\/wp\/v2\/media?parent=2977"}],"wp:term":[{"taxonomy":"category","embeddable":true,"href":"https:\/\/defrentealaverdad.com\/index.php\/wp-json\/wp\/v2\/categories?post=2977"},{"taxonomy":"post_tag","embeddable":true,"href":"https:\/\/defrentealaverdad.com\/index.php\/wp-json\/wp\/v2\/tags?post=2977"}],"curies":[{"name":"wp","href":"https:\/\/api.w.org\/{rel}","templated":true}]}}