{"id":2968,"date":"2023-01-05T13:07:57","date_gmt":"2023-01-05T13:07:57","guid":{"rendered":"https:\/\/defrentealaverdad.com\/?p=2968"},"modified":"2023-01-05T13:07:57","modified_gmt":"2023-01-05T13:07:57","slug":"salcedo-cargo-express-y-fundaciones-entregaran-juguetes-a-cientos-de-ninos-en-el-alto-manhattan","status":"publish","type":"post","link":"https:\/\/defrentealaverdad.com\/index.php\/2023\/01\/05\/salcedo-cargo-express-y-fundaciones-entregaran-juguetes-a-cientos-de-ninos-en-el-alto-manhattan\/","title":{"rendered":"Salcedo Cargo Express y fundaciones entregar\u00e1n juguetes a cientos de ni\u00f1os en el Alto Manhattan"},"content":{"rendered":"<div class=\"vc_row_inner tdi_119  vc_row vc_inner wpb_row td-pb-row\">\n<div class=\"vc_column_inner tdi_121  wpb_column vc_column_container tdc-inner-column td-pb-span12 td-is-sticky\">\n<div class=\"vc_column-inner\">\n<div class=\"wpb_wrapper\">\n<div class=\"td_block_wrap tdb_single_author tdi_122 td-pb-border-top td_block_template_8 tdb-post-meta\" data-td-block-uid=\"tdi_122\"><\/div>\n<div class=\"td_block_wrap tdb_single_date tdi_124 td-pb-border-top td_block_template_8 tdb-post-meta\" data-td-block-uid=\"tdi_124\">\n<div class=\"tdb-block-inner td-fix-index\" style=\"text-align: justify;\"><a class=\"td-modal-image\" href=\"https:\/\/cdn.deultimominuto.net\/wp-content\/uploads\/2023\/01\/Salcedo-Cargo-Express-y-fundaciones-entregaran.jpg\" data-caption=\"\"><img decoding=\"async\" class=\"entry-thumb lazyautosizes lazyloaded\" title=\"Salcedo-Cargo-Express-y-fundaciones-entregaran\" src=\"https:\/\/cdn.deultimominuto.net\/wp-content\/uploads\/2023\/01\/Salcedo-Cargo-Express-y-fundaciones-entregaran.jpg\" sizes=\"888px\" srcset=\"https:\/\/cdn.deultimominuto.net\/wp-content\/uploads\/2023\/01\/Salcedo-Cargo-Express-y-fundaciones-entregaran.jpg 1030w, https:\/\/cdn.deultimominuto.net\/wp-content\/uploads\/2023\/01\/Salcedo-Cargo-Express-y-fundaciones-entregaran-392x211.jpg 392w, https:\/\/cdn.deultimominuto.net\/wp-content\/uploads\/2023\/01\/Salcedo-Cargo-Express-y-fundaciones-entregaran-1024x551.jpg 1024w, https:\/\/cdn.deultimominuto.net\/wp-content\/uploads\/2023\/01\/Salcedo-Cargo-Express-y-fundaciones-entregaran-768x413.jpg 768w, https:\/\/cdn.deultimominuto.net\/wp-content\/uploads\/2023\/01\/Salcedo-Cargo-Express-y-fundaciones-entregaran-96x52.jpg 96w, https:\/\/cdn.deultimominuto.net\/wp-content\/uploads\/2023\/01\/Salcedo-Cargo-Express-y-fundaciones-entregaran-192x103.jpg 192w, https:\/\/cdn.deultimominuto.net\/wp-content\/uploads\/2023\/01\/Salcedo-Cargo-Express-y-fundaciones-entregaran-150x81.jpg 150w, https:\/\/cdn.deultimominuto.net\/wp-content\/uploads\/2023\/01\/Salcedo-Cargo-Express-y-fundaciones-entregaran-300x161.jpg 300w, https:\/\/cdn.deultimominuto.net\/wp-content\/uploads\/2023\/01\/Salcedo-Cargo-Express-y-fundaciones-entregaran-696x374.jpg 696w\" alt=\"\" width=\"1030\" height=\"554\" data-src=\"https:\/\/cdn.deultimominuto.net\/wp-content\/uploads\/2023\/01\/Salcedo-Cargo-Express-y-fundaciones-entregaran.jpg\" data-srcset=\"https:\/\/cdn.deultimominuto.net\/wp-content\/uploads\/2023\/01\/Salcedo-Cargo-Express-y-fundaciones-entregaran.jpg 1030w, https:\/\/cdn.deultimominuto.net\/wp-content\/uploads\/2023\/01\/Salcedo-Cargo-Express-y-fundaciones-entregaran-392x211.jpg 392w, https:\/\/cdn.deultimominuto.net\/wp-content\/uploads\/2023\/01\/Salcedo-Cargo-Express-y-fundaciones-entregaran-1024x551.jpg 1024w, https:\/\/cdn.deultimominuto.net\/wp-content\/uploads\/2023\/01\/Salcedo-Cargo-Express-y-fundaciones-entregaran-768x413.jpg 768w, https:\/\/cdn.deultimominuto.net\/wp-content\/uploads\/2023\/01\/Salcedo-Cargo-Express-y-fundaciones-entregaran-96x52.jpg 96w, https:\/\/cdn.deultimominuto.net\/wp-content\/uploads\/2023\/01\/Salcedo-Cargo-Express-y-fundaciones-entregaran-192x103.jpg 192w, https:\/\/cdn.deultimominuto.net\/wp-content\/uploads\/2023\/01\/Salcedo-Cargo-Express-y-fundaciones-entregaran-150x81.jpg 150w, https:\/\/cdn.deultimominuto.net\/wp-content\/uploads\/2023\/01\/Salcedo-Cargo-Express-y-fundaciones-entregaran-300x161.jpg 300w, https:\/\/cdn.deultimominuto.net\/wp-content\/uploads\/2023\/01\/Salcedo-Cargo-Express-y-fundaciones-entregaran-696x374.jpg 696w\" data-sizes=\"auto\" \/><\/a><\/div>\n<\/div>\n<\/div>\n<\/div>\n<\/div>\n<\/div>\n<div class=\"wpb_wrapper td_block_wrap vc_widget_sidebar tdi_127 \" style=\"text-align: justify;\">\n<p><strong>Nueva York.- <\/strong>La empresa Salcedo Cargo Express y las fundaciones Kysbel y Eladia Romero entregar\u00e1n juguetes a cientos de ni\u00f1os en el Alto Manhattan en la celebraci\u00f3n del D\u00eda de los Santos Reyes Magos este domingo 8 de enero en la calle 175 y avenida Saint Nicholas desde las 2:00 de la tarde.<\/p>\n<\/div>\n<div class=\"td_block_wrap tdb_single_content tdi_130 td-pb-border-top td_block_template_8 td-post-content tagdiv-type\" data-td-block-uid=\"tdi_130\">\n<div class=\"tdb-block-inner td-fix-index\">\n<p style=\"text-align: justify;\">El evento anual cumple 15 a\u00f1os y desde hace varios d\u00edas los comunitarios est\u00e1n donando los juguetes que llevan a una mesa instalada por los organizadores en la misma intersecci\u00f3n.<\/p>\n<p style=\"text-align: justify;\">El activista C\u00e9sar Rosa, que preside la fundaci\u00f3n Kysbel dijo que en la entrega tambi\u00e9n participar\u00e1 el grupo cat\u00f3lico \u201cLa Voz de Jes\u00fas y Mar\u00eda\u201d de la iglesia La Encarnaci\u00f3n situada en el \u00e1rea donde se realizar\u00e1 el evento.<\/p>\n<p style=\"text-align: justify;\">\u201cComo siempre, vamos a repartirles juguetes a los ni\u00f1os de la comunidad que necesitan tener una alegr\u00eda\u201d, explic\u00f3 Rosa.<\/p>\n<p style=\"text-align: justify;\">Dijo que la respuesta \u00a0de la comunidad y varias empresas como Salcedo Cargo Express han estado entregando sus donativos para hacer del evento otro gran \u00e9xito como cada a\u00f1o.<\/p>\n<p style=\"text-align: justify;\">\u201cLlevamos 15 a\u00f1os ayudando y alegrando a los ni\u00f1os de nuestra comunidad y agradecemos a Dios y a quienes est\u00e1n cooperando por su gesto de solidaridad y desprendimiento\u201d, a\u00f1adi\u00f3 Rosa.<\/p>\n<div id=\"deult-1474413271\" class=\"deult-entre-noticias\" style=\"text-align: justify;\">\n<div id=\"deult-1905636610\" class=\"deult-target\" data-advadstrackid=\"124255\" data-advadstrackbid=\"1\">Se\u00f1al\u00f3 que Salcedo Cargo Express, empresa presidida por la se\u00f1ora Margitt viuda Cana\u00e1n siempre dice presente con sus aportes a los ni\u00f1os pobres y la comunidad en general.<\/div>\n<\/div>\n<p style=\"text-align: justify;\">Dijo que entre 400 a 500 ni\u00f1os se beneficiar\u00e1n con la entrega de los juguetes, detallando que la jornada se har\u00e1 el domingo 8 debido a que el d\u00eda oficial de Reyes, se celebra ma\u00f1ana viernes, 6 de enero.<\/p>\n<p style=\"text-align: justify;\">Invit\u00f3 a los cooperantes a seguir aportando y llevar los juguetes a la esquina de la avenida Saint Nicholas y calle 175.<\/p>\n<p style=\"text-align: justify;\">A la entrega est\u00e1 siendo invitada la comunidad en general, representantes de instituciones, oficiales electos y ejecutivos de las entidades que colaboran.<\/p>\n<p style=\"text-align: justify;\">Los interesados en donar juguetes pueden comunicarse con Rosa al n\u00famero (1646) 667-2518 para m\u00e1s informaci\u00f3n sobre el evento.<\/p>\n<\/div>\n<\/div>\n<p>&nbsp;<\/p>\n<p>Fuente: De \u00faltimo minuto<\/p>\n","protected":false},"excerpt":{"rendered":"<p>Nueva York.- La empresa Salcedo Cargo Express y las fundaciones Kysbel y Eladia Romero entregar\u00e1n<\/p>\n","protected":false},"author":1,"featured_media":0,"comment_status":"open","ping_status":"open","sticky":false,"template":"","format":"standard","meta":{"footnotes":""},"categories":[16],"tags":[],"class_list":["post-2968","post","type-post","status-publish","format-standard","hentry","category-internacionales"],"_links":{"self":[{"href":"https:\/\/defrentealaverdad.com\/index.php\/wp-json\/wp\/v2\/posts\/2968","targetHints":{"allow":["GET"]}}],"collection":[{"href":"https:\/\/defrentealaverdad.com\/index.php\/wp-json\/wp\/v2\/posts"}],"about":[{"href":"https:\/\/defrentealaverdad.com\/index.php\/wp-json\/wp\/v2\/types\/post"}],"author":[{"embeddable":true,"href":"https:\/\/defrentealaverdad.com\/index.php\/wp-json\/wp\/v2\/users\/1"}],"replies":[{"embeddable":true,"href":"https:\/\/defrentealaverdad.com\/index.php\/wp-json\/wp\/v2\/comments?post=2968"}],"version-history":[{"count":1,"href":"https:\/\/defrentealaverdad.com\/index.php\/wp-json\/wp\/v2\/posts\/2968\/revisions"}],"predecessor-version":[{"id":2969,"href":"https:\/\/defrentealaverdad.com\/index.php\/wp-json\/wp\/v2\/posts\/2968\/revisions\/2969"}],"wp:attachment":[{"href":"https:\/\/defrentealaverdad.com\/index.php\/wp-json\/wp\/v2\/media?parent=2968"}],"wp:term":[{"taxonomy":"category","embeddable":true,"href":"https:\/\/defrentealaverdad.com\/index.php\/wp-json\/wp\/v2\/categories?post=2968"},{"taxonomy":"post_tag","embeddable":true,"href":"https:\/\/defrentealaverdad.com\/index.php\/wp-json\/wp\/v2\/tags?post=2968"}],"curies":[{"name":"wp","href":"https:\/\/api.w.org\/{rel}","templated":true}]}}