{"id":2964,"date":"2023-01-05T13:05:20","date_gmt":"2023-01-05T13:05:20","guid":{"rendered":"https:\/\/defrentealaverdad.com\/?p=2964"},"modified":"2023-01-05T13:05:20","modified_gmt":"2023-01-05T13:05:20","slug":"amazon-anuncia-el-despido-de-mas-de-18-000-trabajadores-ante-una-economia-incierta","status":"publish","type":"post","link":"https:\/\/defrentealaverdad.com\/index.php\/2023\/01\/05\/amazon-anuncia-el-despido-de-mas-de-18-000-trabajadores-ante-una-economia-incierta\/","title":{"rendered":"Amazon anuncia el despido de m\u00e1s de 18.000 trabajadores ante una \u00abeconom\u00eda incierta\u00bb"},"content":{"rendered":"<div class=\"e1j2237y6 bbc-q4ibpr ebmt73l0\" dir=\"ltr\">\n<div class=\"bbc-1atl7vu euvj3t14\"><\/div>\n<\/div>\n<div class=\"bbc-1ka88fa ebmt73l0\" dir=\"ltr\">\n<figure class=\"bbc-1qdcvv9 e1aczekt0\">\n<div class=\"bbc-172p16q ebmt73l0\" dir=\"ltr\">\n<div class=\"bbc-189y18v ebmt73l0\" dir=\"ltr\">\n<div class=\"bbc-997y1y eihqrxw0\" style=\"text-align: justify;\" data-e2e=\"image-placeholder\"><img decoding=\"async\" class=\"e3vrtyk0 bbc-rb7xa0 e1mo64ex0 lazyload\" data-src=\"https:\/\/ichef.bbci.co.uk\/news\/640\/cpsprodpb\/17458\/production\/_128202359_gettyimages-1232842725.jpg\" data-sizes=\"(min-width: 1008px) 645px, 100vw\" data-srcset=\"https:\/\/ichef.bbci.co.uk\/news\/240\/cpsprodpb\/17458\/production\/_128202359_gettyimages-1232842725.jpg 240w, https:\/\/ichef.bbci.co.uk\/news\/320\/cpsprodpb\/17458\/production\/_128202359_gettyimages-1232842725.jpg 320w, https:\/\/ichef.bbci.co.uk\/news\/480\/cpsprodpb\/17458\/production\/_128202359_gettyimages-1232842725.jpg 480w, https:\/\/ichef.bbci.co.uk\/news\/624\/cpsprodpb\/17458\/production\/_128202359_gettyimages-1232842725.jpg 624w, https:\/\/ichef.bbci.co.uk\/news\/800\/cpsprodpb\/17458\/production\/_128202359_gettyimages-1232842725.jpg 800w\" alt=\"Trabajadora en planta de distribuci\u00f3n de Amazon en Alemania.\" width=\"976\" height=\"549\" src=\"data:image\/svg+xml;base64,PHN2ZyB3aWR0aD0iMSIgaGVpZ2h0PSIxIiB4bWxucz0iaHR0cDovL3d3dy53My5vcmcvMjAwMC9zdmciPjwvc3ZnPg==\" style=\"--smush-placeholder-width: 976px; --smush-placeholder-aspect-ratio: 976\/549;\" \/><\/div>\n<\/div>\n<\/div>\n<\/figure>\n<\/div>\n<div class=\"bbc-19j92fr ebmt73l0\" dir=\"ltr\" style=\"text-align: justify;\">\n<p class=\"bbc-hhl7in e17g058b0\" dir=\"ltr\"><b>La multinacional del comercio electr\u00f3nico Amazon anunci\u00f3 este mi\u00e9rcoles que despedir\u00e1 a m\u00e1s de 18.000 trabajadores.<\/b><\/p>\n<\/div>\n<div class=\"bbc-19j92fr ebmt73l0\" dir=\"ltr\" style=\"text-align: justify;\">\n<p class=\"bbc-hhl7in e17g058b0\" dir=\"ltr\">La firma aleg\u00f3 que la decisi\u00f3n fue adoptada ante la \u00abinestabilidad en la econom\u00eda\u00bb global y por haber \u00abcontratado (personal) r\u00e1pidamente en los \u00faltimos a\u00f1os\u00bb, de acuerdo a una nota firmada por su director ejecutivo, Andy Jassy, y difundida en su web corporativa.<\/p>\n<\/div>\n<div class=\"bbc-19j92fr ebmt73l0\" dir=\"ltr\" style=\"text-align: justify;\">\n<p class=\"bbc-hhl7in e17g058b0\" dir=\"ltr\">Los trabajadores afectados\u00a0<b>ser\u00e1n informados a partir del 18 de enero.<\/b><\/p>\n<\/div>\n<div class=\"bbc-19j92fr ebmt73l0\" dir=\"ltr\" style=\"text-align: justify;\">\n<p class=\"bbc-hhl7in e17g058b0\" dir=\"ltr\">El gigante online que emplea a<b>\u00a01,5 millones de personas en todo el mundo<\/b>, no dijo en qu\u00e9 pa\u00eds se producir\u00edan los recortes.<\/p>\n<\/div>\n<section class=\"e1j2237y8 bbc-sswtix e8sa160\" role=\"region\" aria-label=\"Publicidad 2\" aria-hidden=\"true\" data-e2e=\"advertisement\"><\/section>\n<div class=\"bbc-19j92fr ebmt73l0\" dir=\"ltr\">\n<p class=\"bbc-hhl7in e17g058b0\" dir=\"ltr\" style=\"text-align: justify;\">Pero si que la mayor parte de las p\u00e9rdidas de empleo provendr\u00e1n de sus tiendas, incluidas\u00a0<b>Amazon Fresh and Go y su divisi\u00f3n de recursos humanos.<\/b><\/p>\n<\/div>\n<p dir=\"ltr\">\n<p dir=\"ltr\">Fuente: BBC News Mundo<\/p>\n","protected":false},"excerpt":{"rendered":"<p>La multinacional del comercio electr\u00f3nico Amazon anunci\u00f3 este mi\u00e9rcoles que despedir\u00e1 a m\u00e1s de 18.000<\/p>\n","protected":false},"author":1,"featured_media":0,"comment_status":"open","ping_status":"open","sticky":false,"template":"","format":"standard","meta":{"footnotes":""},"categories":[2,16],"tags":[],"class_list":["post-2964","post","type-post","status-publish","format-standard","hentry","category-economicas","category-internacionales"],"_links":{"self":[{"href":"https:\/\/defrentealaverdad.com\/index.php\/wp-json\/wp\/v2\/posts\/2964","targetHints":{"allow":["GET"]}}],"collection":[{"href":"https:\/\/defrentealaverdad.com\/index.php\/wp-json\/wp\/v2\/posts"}],"about":[{"href":"https:\/\/defrentealaverdad.com\/index.php\/wp-json\/wp\/v2\/types\/post"}],"author":[{"embeddable":true,"href":"https:\/\/defrentealaverdad.com\/index.php\/wp-json\/wp\/v2\/users\/1"}],"replies":[{"embeddable":true,"href":"https:\/\/defrentealaverdad.com\/index.php\/wp-json\/wp\/v2\/comments?post=2964"}],"version-history":[{"count":1,"href":"https:\/\/defrentealaverdad.com\/index.php\/wp-json\/wp\/v2\/posts\/2964\/revisions"}],"predecessor-version":[{"id":2966,"href":"https:\/\/defrentealaverdad.com\/index.php\/wp-json\/wp\/v2\/posts\/2964\/revisions\/2966"}],"wp:attachment":[{"href":"https:\/\/defrentealaverdad.com\/index.php\/wp-json\/wp\/v2\/media?parent=2964"}],"wp:term":[{"taxonomy":"category","embeddable":true,"href":"https:\/\/defrentealaverdad.com\/index.php\/wp-json\/wp\/v2\/categories?post=2964"},{"taxonomy":"post_tag","embeddable":true,"href":"https:\/\/defrentealaverdad.com\/index.php\/wp-json\/wp\/v2\/tags?post=2964"}],"curies":[{"name":"wp","href":"https:\/\/api.w.org\/{rel}","templated":true}]}}