{"id":2962,"date":"2023-01-05T13:02:55","date_gmt":"2023-01-05T13:02:55","guid":{"rendered":"https:\/\/defrentealaverdad.com\/?p=2962"},"modified":"2023-01-05T13:02:55","modified_gmt":"2023-01-05T13:02:55","slug":"el-alcazar-deja-ver-primeros-achaques","status":"publish","type":"post","link":"https:\/\/defrentealaverdad.com\/index.php\/2023\/01\/05\/el-alcazar-deja-ver-primeros-achaques\/","title":{"rendered":"El Alc\u00e1zar deja ver primeros achaques"},"content":{"rendered":"<div id=\"article_zone\">\n<div id=\"ArticleBody\">\n<p style=\"text-align: justify;\"><img decoding=\"async\" class=\"aligncenter lazyload\" data-src=\"https:\/\/images2.listindiario.com\/imagen\/2023\/01\/05\/756\/756479\/680x460\/202301050224321\/el-alcazar-deja-ver-primeros-achaques.jpeg\" alt=\"El Alc\u00e1zar deja ver primeros achaques\" src=\"data:image\/svg+xml;base64,PHN2ZyB3aWR0aD0iMSIgaGVpZ2h0PSIxIiB4bWxucz0iaHR0cDovL3d3dy53My5vcmcvMjAwMC9zdmciPjwvc3ZnPg==\" \/><\/p>\n<p>&nbsp;<\/p>\n<p style=\"text-align: justify;\">Alrededor de 511 a\u00f1os de historia colonial se pierden entre las capas de costra negra,\u00a0 humedad y\u00a0 filtraciones que cubren la fachada y paredes del Alc\u00e1zar de Col\u00f3n, situado en la Plaza de Espa\u00f1a de la Ciudad Colonial.<\/p>\n<p style=\"text-align: justify;\">Desde hace tres d\u00e9cadas no se le brinda a este monumento el mantenimiento adecuado para preservar esta edificaci\u00f3n que data del siglo XVI y que recibe al a\u00f1o cerca de 200,000 turistas de todo el mundo, convirti\u00e9ndose en la obra m\u00e1s visitada de Rep\u00fablica Dominicana.<\/p>\n<p style=\"text-align: justify;\"><strong>Higienizaci\u00f3n especial<\/strong><\/p>\n<p style=\"text-align: justify;\">M\u00e1s que la limpieza de sus paredes con detergente y agua, supone m\u00e9todos qu\u00edmicos especiales para su higienizaci\u00f3n que evitar\u00edan la alteraci\u00f3n de su esencia y originalidad, raz\u00f3n por la que visitantes la colocan como un destino tur\u00edstico que anhelan conocer.<\/p>\n<p style=\"text-align: justify;\">As\u00ed lo cont\u00f3 ayer en una entrevista exclusiva a List\u00edn Diario el arquitecto Juan Mubarak, director nacional de Patrimonio Monumental, tras ofrecer a un equipo de LIST\u00cdN DIARIO un recorrido por este lugar ic\u00f3nico de la Ciudad Primada de Am\u00e9rica.<\/p>\n<p style=\"text-align: justify;\">Mubarak destac\u00f3 que este Palacio Virreinal de Don Diego Col\u00f3n, como tambi\u00e9n se le conoce, es un edificio erigido en argamasa y siller\u00eda, o sea, de piedra dimensionada que amerita una intervenci\u00f3n especial.<\/p>\n<p style=\"text-align: justify;\">\u201cEs un problema serio de humedad y polvo que hay (en el Alc\u00e1zar de Col\u00f3n) y su limpieza no es con una manguera a presi\u00f3n, ya que empeorar\u00eda su estado, por lo que existen otros m\u00e9todos con sustancias qu\u00edmicas para que no se afecte la estructura original. Entonces, esto es un proceso delicado, no es una construcci\u00f3n normal\u201d, enfatiz\u00f3 Mubarak.<\/p>\n<p style=\"text-align: justify;\">Aunque es una estructura que data del a\u00f1o 1512 y se ha mantenido pese a la falta de mantenimiento, no se debe permitir que ingrese en un \u201ccoma inducido\u201d que agudice su deterioro y pierda su reconocimiento legal como patrimonio.<\/p>\n<p style=\"text-align: justify;\"><strong>Riesgo<\/strong><\/p>\n<p style=\"text-align: justify;\">Asimismo, Shaney Pe\u00f1a, directora de Planificaci\u00f3n y Proyectos Tur\u00edsticos del Ministerio de Turismo (MITUR), precis\u00f3 que esta naci\u00f3n tiene un compromiso ante la Organizaci\u00f3n de las Naciones Unidas para la Educaci\u00f3n, la Ciencia y la Cultura (Unesco) de restaurar este Palacio con todos los detalles y cuidados de lugar.<\/p>\n<p style=\"text-align: justify;\">No obstante,\u00a0 afirm\u00f3 que de prolongarse su reparaci\u00f3n\u00a0 se perder\u00eda su valor arquitect\u00f3nico, simb\u00f3lico y con ello el estatus otorgado por la Unesco.<\/p>\n<p style=\"text-align: justify;\">Sobre esto \u00faltimo, Mubarak asever\u00f3 que el pa\u00eds debe abocarse a recuperar todos sus monumentos que tienen a\u00f1os abandonados.<\/p>\n<p style=\"text-align: justify;\">El experto coment\u00f3 que este lado de la isla tiene 33 primac\u00edas reconocidas a nivel mundial,\u00a0 lo que se convierte en un elemento neur\u00e1lgico en cuanto a cultura y turismo internacional, al tiempo de precisar que todos estos datos est\u00e1n verificados y comprobados.<\/p>\n<p style=\"text-align: justify;\"><strong>Plano t\u00e9cnico<\/strong><\/p>\n<p style=\"text-align: justify;\">Conforme con el plano t\u00e9cnico de restauraci\u00f3n, el da\u00f1o que provoca la contaminaci\u00f3n con la suciedad y moho \u2026\u00a0 \u201cse agrava por la exposici\u00f3n constante de las piedras, o sea,\u00a0 la falta de pa\u00f1ete\u201d.<\/p>\n<p style=\"text-align: justify;\">Adem\u00e1s, indica que la humedad del subsuelo se ha infiltrado en las bases de los muros por efecto de capilaridad y por falta de una correcta impermeabilizaci\u00f3n de la cimentaci\u00f3n.<\/p>\n<p style=\"text-align: justify;\">\u201cEl manejo incorrecto de las aguas pluviales provenientes\u00a0 del techo, han contribuido a la formaci\u00f3n de suciedad y costras negras en la fachada. Ya que, a pesar de las g\u00e1rgolas existentes, estas aguas corren sobre los muros exteriores, llegando a penetrar a los muros interiores en varios puntos\u201d, indica el plano t\u00e9cnico de restauraci\u00f3n.<\/p>\n<p style=\"text-align: justify;\"><strong>Primer trimestre en 2023<\/strong><\/p>\n<p style=\"text-align: justify;\">En vista del ambiente de descuido que impera en el Palacio Virreinal, la direcci\u00f3n de Patrimonio Monumental,\u00a0 el MITUR y el Centro de Investigaci\u00f3n y Servicios en Turismo (CITUR) anunciaron su intervenci\u00f3n en el primer trimestre de 2023.<\/p>\n<p style=\"text-align: justify;\">Mubarak adelant\u00f3 que se necesita el cambio de todas las puertas y ventanas, as\u00ed como de su sistema el\u00e9ctrico. Adem\u00e1s, contemplan la instalaci\u00f3n de aire acondicionado para mantener un ambiente libre de humedad y adecuado para la conservaci\u00f3n de los art\u00edculos que permanecen en ese lugar.<\/p>\n<\/div>\n<div style=\"text-align: justify;\"><\/div>\n<\/div>\n<div class=\"panel panel-default mb30 overflowauto\" style=\"text-align: justify;\"><\/div>\n<div style=\"text-align: justify;\">Fuente: Listin Diario<\/div>\n","protected":false},"excerpt":{"rendered":"<p>&nbsp; Alrededor de 511 a\u00f1os de historia colonial se pierden entre las capas de costra<\/p>\n","protected":false},"author":1,"featured_media":0,"comment_status":"open","ping_status":"open","sticky":false,"template":"","format":"standard","meta":{"footnotes":""},"categories":[7],"tags":[],"class_list":["post-2962","post","type-post","status-publish","format-standard","hentry","category-nacionales"],"_links":{"self":[{"href":"https:\/\/defrentealaverdad.com\/index.php\/wp-json\/wp\/v2\/posts\/2962","targetHints":{"allow":["GET"]}}],"collection":[{"href":"https:\/\/defrentealaverdad.com\/index.php\/wp-json\/wp\/v2\/posts"}],"about":[{"href":"https:\/\/defrentealaverdad.com\/index.php\/wp-json\/wp\/v2\/types\/post"}],"author":[{"embeddable":true,"href":"https:\/\/defrentealaverdad.com\/index.php\/wp-json\/wp\/v2\/users\/1"}],"replies":[{"embeddable":true,"href":"https:\/\/defrentealaverdad.com\/index.php\/wp-json\/wp\/v2\/comments?post=2962"}],"version-history":[{"count":1,"href":"https:\/\/defrentealaverdad.com\/index.php\/wp-json\/wp\/v2\/posts\/2962\/revisions"}],"predecessor-version":[{"id":2963,"href":"https:\/\/defrentealaverdad.com\/index.php\/wp-json\/wp\/v2\/posts\/2962\/revisions\/2963"}],"wp:attachment":[{"href":"https:\/\/defrentealaverdad.com\/index.php\/wp-json\/wp\/v2\/media?parent=2962"}],"wp:term":[{"taxonomy":"category","embeddable":true,"href":"https:\/\/defrentealaverdad.com\/index.php\/wp-json\/wp\/v2\/categories?post=2962"},{"taxonomy":"post_tag","embeddable":true,"href":"https:\/\/defrentealaverdad.com\/index.php\/wp-json\/wp\/v2\/tags?post=2962"}],"curies":[{"name":"wp","href":"https:\/\/api.w.org\/{rel}","templated":true}]}}