{"id":2960,"date":"2023-01-05T13:01:12","date_gmt":"2023-01-05T13:01:12","guid":{"rendered":"https:\/\/defrentealaverdad.com\/?p=2960"},"modified":"2023-01-05T13:01:12","modified_gmt":"2023-01-05T13:01:12","slug":"embajada-de-eeuu-en-cuba-reanuda-servicios-consulares-y-de-visas-tras-5-anos","status":"publish","type":"post","link":"https:\/\/defrentealaverdad.com\/index.php\/2023\/01\/05\/embajada-de-eeuu-en-cuba-reanuda-servicios-consulares-y-de-visas-tras-5-anos\/","title":{"rendered":"Embajada de EEUU en Cuba reanuda servicios consulares y de visas tras 5 a\u00f1os"},"content":{"rendered":"<p><img decoding=\"async\" class=\"aligncenter lazyload\" data-src=\"https:\/\/images2.listindiario.com\/imagen\/2023\/01\/04\/756\/756375\/680x460\/202301041546081\/embajada-de-eeuu-en-cuba-reanuda-servicios-consulares-y-de-visas-tras-5-anos.jpeg\" alt=\"Embajada de EEUU en Cuba reanuda servicios consulares y de visas tras 5 a\u00f1os\" src=\"data:image\/svg+xml;base64,PHN2ZyB3aWR0aD0iMSIgaGVpZ2h0PSIxIiB4bWxucz0iaHR0cDovL3d3dy53My5vcmcvMjAwMC9zdmciPjwvc3ZnPg==\" \/><\/p>\n<p style=\"text-align: justify;\">La embajada de EE.UU. en Cuba reanud\u00f3 este mi\u00e9rcoles\u00a0<strong>sus servicios consulares y la tramitaci\u00f3n de visados\u00a0<\/strong>tras una pausa de m\u00e1s de cinco a\u00f1os, durante la Administraci\u00f3n de Donald Trump en la Casa Blanca.<\/p>\n<p style=\"text-align: justify;\">Las entrevistas para los interesados en conseguir el visado de inmigrantes para el pa\u00eds norteamericano\u00a0<strong>se iniciaron desde el pasado 29 de diciembre.<\/strong><\/p>\n<p style=\"text-align: justify;\">El anuncio se hizo a inicios de noviembre, tras una reuni\u00f3n en la capital insular entre la secretaria de Estado Adjunta para Asuntos Consulares, Rena Bitter; la directora de los Servicios de Ciudadan\u00eda e Inmigraci\u00f3n de EE.UU., Ur Mendoza Jaddou, y el viceministro cubano de Relaciones Exteriores, Carlos Fern\u00e1ndez de Coss\u00edo.<\/p>\n<p style=\"text-align: justify;\">Meses antes, Washington explic\u00f3 que las visas proporcionan a las personas aptas para solicitarlos una v\u00eda de migraci\u00f3n \u00absegura y ordenada\u00bb.<\/p>\n<p style=\"text-align: justify;\">El reinicio de operaciones se da tras unos meses de\u00a0<strong>t\u00edmidos acercamientos entre Washington y La Habana<\/strong>, en los que la migraci\u00f3n ha tenido un papel central.<\/p>\n<p style=\"text-align: justify;\">Adem\u00e1s, ha coincidido con el mayor \u00e9xodo de cubanos a EEUU en la historia reciente. Hasta el 30 de noviembre pasado, 290.338 insulares llegaron a Estados Unidos a trav\u00e9s de la frontera con M\u00e9xico, de acuerdo con la Oficina de Aduanas y Protecci\u00f3n Fronteriza de EE.UU. (CBP, por sus siglas en ingl\u00e9s).<\/p>\n<p style=\"text-align: justify;\">En tanto, la Guardia Costera estadounidense ha detenido en las costas de Florida a m\u00e1s de 6.182 cubanos desde el 1 de octubre de 2021 hasta el 30 de septiembre de 2022, cuando finaliz\u00f3 el pasado a\u00f1o fiscal.<\/p>\n<p style=\"text-align: justify;\">El Gobierno norteamericano entreg\u00f3 en ese periodo 23.966 visas a cubanos. Washington cumpli\u00f3 por primera vez desde 2017 el acuerdo migratorio bilateral de 1994, que estipula la entrega de un m\u00ednimo de 20.000 visados anuales a los ciudadanos de la isla.<\/p>\n<p style=\"text-align: justify;\">Hasta antes de la reanudaci\u00f3n en la sede diplom\u00e1tica en La Habana, los cubanos se ve\u00edan forzados a hacer los tr\u00e1mites migratorios en Guyana, lo que supon\u00eda una carga econ\u00f3mica extra que no muchos se pod\u00edan permitir.<\/p>\n<p style=\"text-align: justify;\">En paralelo, los Servicios de Inmigraci\u00f3n y Ciudadan\u00eda de EE.UU. (USCIS) est\u00e1n incrementado su personal en La Habana para tramitar de forma \u00abefectiva y eficiente\u00bb los casos y llevar a cabo entrevistas.<\/p>\n<p style=\"text-align: justify;\">El pasado 1 de septiembre, la embajada de Estados Unidos en Cuba empez\u00f3 a tramitar las solicitudes pendientes del Programa de Parole de Reunificaci\u00f3n Familiar Cubana (CFRP, por sus siglas en ingl\u00e9s), suspendido desde 2017.<\/p>\n<p style=\"text-align: justify;\"><strong>\u00abAtaques s\u00f3nicos\u00bb<\/strong><\/p>\n<p style=\"text-align: justify;\">El par\u00f3n en la embajada se origin\u00f3 tras detectarse unos inexplicables problemas de salud del personal norteamericano en la legaci\u00f3n.<\/p>\n<p style=\"text-align: justify;\">El entonces presidente Trump acus\u00f3 al Gobierno cubano de ser responsable de \u00abataques ac\u00fasticos\u00bb a los trabajadores diplom\u00e1ticos en la isla, lo que utiliz\u00f3 como pretexto para romper con el \u00abdeshielo\u00bb que hab\u00edan impulsado su predecesor, Barack Obama (2009-2017), y el expresidente cubano, Ra\u00fal Castro.<\/p>\n<p style=\"text-align: justify;\">La Habana, por su parte, neg\u00f3 cualquier responsabilidad en el caso y puso en marcha una comisi\u00f3n de expertos que no hall\u00f3 evidencias cient\u00edficas o criminales que vinculasen los s\u00edntomas con posibles ataques s\u00f3nicos, con microondas u otra acci\u00f3n deliberada.<\/p>\n<p style=\"text-align: justify;\">Con el paso de los meses, m\u00e1s de 200 diplom\u00e1ticos y funcionarios estadounidenses destinados en media docena de pa\u00edses -de Cuba a China, pasando por Austria, Alemania y Colombia- denunciaron s\u00edntomas similares. Algunos no pudieron seguir ejercitando sus funciones.<\/p>\n<p style=\"text-align: justify;\">En enero del a\u00f1o pasado, la Agencia Central de Inteligencia (CIA) de EE. UU. descart\u00f3 que las molestias descritas fuesen resultado de una campa\u00f1a dirigida por un pa\u00eds enemigo, frente a lo que se lleg\u00f3 a especular.<\/p>\n<p>&nbsp;<\/p>\n<p>Fuente: Listin Diario<\/p>\n","protected":false},"excerpt":{"rendered":"<p>La embajada de EE.UU. en Cuba reanud\u00f3 este mi\u00e9rcoles\u00a0sus servicios consulares y la tramitaci\u00f3n de<\/p>\n","protected":false},"author":1,"featured_media":0,"comment_status":"open","ping_status":"open","sticky":false,"template":"","format":"standard","meta":{"footnotes":""},"categories":[16],"tags":[],"class_list":["post-2960","post","type-post","status-publish","format-standard","hentry","category-internacionales"],"_links":{"self":[{"href":"https:\/\/defrentealaverdad.com\/index.php\/wp-json\/wp\/v2\/posts\/2960","targetHints":{"allow":["GET"]}}],"collection":[{"href":"https:\/\/defrentealaverdad.com\/index.php\/wp-json\/wp\/v2\/posts"}],"about":[{"href":"https:\/\/defrentealaverdad.com\/index.php\/wp-json\/wp\/v2\/types\/post"}],"author":[{"embeddable":true,"href":"https:\/\/defrentealaverdad.com\/index.php\/wp-json\/wp\/v2\/users\/1"}],"replies":[{"embeddable":true,"href":"https:\/\/defrentealaverdad.com\/index.php\/wp-json\/wp\/v2\/comments?post=2960"}],"version-history":[{"count":1,"href":"https:\/\/defrentealaverdad.com\/index.php\/wp-json\/wp\/v2\/posts\/2960\/revisions"}],"predecessor-version":[{"id":2961,"href":"https:\/\/defrentealaverdad.com\/index.php\/wp-json\/wp\/v2\/posts\/2960\/revisions\/2961"}],"wp:attachment":[{"href":"https:\/\/defrentealaverdad.com\/index.php\/wp-json\/wp\/v2\/media?parent=2960"}],"wp:term":[{"taxonomy":"category","embeddable":true,"href":"https:\/\/defrentealaverdad.com\/index.php\/wp-json\/wp\/v2\/categories?post=2960"},{"taxonomy":"post_tag","embeddable":true,"href":"https:\/\/defrentealaverdad.com\/index.php\/wp-json\/wp\/v2\/tags?post=2960"}],"curies":[{"name":"wp","href":"https:\/\/api.w.org\/{rel}","templated":true}]}}