{"id":2951,"date":"2023-01-04T13:18:04","date_gmt":"2023-01-04T13:18:04","guid":{"rendered":"https:\/\/defrentealaverdad.com\/?p=2951"},"modified":"2023-01-04T13:18:23","modified_gmt":"2023-01-04T13:18:23","slug":"llega-a-bolivia-comunicadora-angela-rodriguez-para-dar-a-conocer-reality-cristiano-internacional-the-chosen-usa","status":"publish","type":"post","link":"https:\/\/defrentealaverdad.com\/index.php\/2023\/01\/04\/llega-a-bolivia-comunicadora-angela-rodriguez-para-dar-a-conocer-reality-cristiano-internacional-the-chosen-usa\/","title":{"rendered":"Llega a Bolivia comunicadora \u00c1ngela Rodr\u00edguez para dar a conocer reality cristiano internacional THE CHOSEN USA"},"content":{"rendered":"<p><img decoding=\"async\" class=\"alignnone size-medium wp-image-2952 aligncenter lazyload\" data-src=\"https:\/\/defrentealaverdad.com\/wp-content\/uploads\/2023\/01\/WhatsApp-Image-2023-01-03-at-16.34.29-300x174.jpeg\" alt=\"\" width=\"300\" height=\"174\" data-srcset=\"https:\/\/defrentealaverdad.com\/wp-content\/uploads\/2023\/01\/WhatsApp-Image-2023-01-03-at-16.34.29-300x174.jpeg 300w, https:\/\/defrentealaverdad.com\/wp-content\/uploads\/2023\/01\/WhatsApp-Image-2023-01-03-at-16.34.29.jpeg 750w\" data-sizes=\"(max-width: 300px) 100vw, 300px\" src=\"data:image\/svg+xml;base64,PHN2ZyB3aWR0aD0iMSIgaGVpZ2h0PSIxIiB4bWxucz0iaHR0cDovL3d3dy53My5vcmcvMjAwMC9zdmciPjwvc3ZnPg==\" style=\"--smush-placeholder-width: 300px; --smush-placeholder-aspect-ratio: 300\/174;\" \/><\/p>\n<p style=\"text-align: justify;\">New York- La destacada comunicadora dominicana \u00c1ngela Rodr\u00edguez visit\u00f3 por segunda vez la ciudad de Santa Cruz, Bolivia, esta vez para reunirse con medios de comunicaci\u00f3n, pastores y artistas y llevar al Estado Boliviano el reality THE CHOSEN USA. Como parte del equipo de producci\u00f3n de la empresa NP PRODUCTIONS, quienes realizan el primer reality de canto cristiano internacional THE CHOSEN USA\u00a0 la comunicadora dominicana se reuni\u00f3 en la \u00faltima semana del a\u00f1o 2022 con artistas emergentes, agencias, pastores y medios de comunicaci\u00f3n de la ciudad de Santa Cruz (Bolivia) en busca de realizar importantes alianzas que aporten al talento del pa\u00eds suramericano.<\/p>\n<p><img decoding=\"async\" class=\"alignnone size-medium wp-image-2954 aligncenter lazyload\" data-src=\"https:\/\/defrentealaverdad.com\/wp-content\/uploads\/2023\/01\/WhatsApp-Image-2023-01-03-at-16.34.32-225x300.jpeg\" alt=\"\" width=\"225\" height=\"300\" data-srcset=\"https:\/\/defrentealaverdad.com\/wp-content\/uploads\/2023\/01\/WhatsApp-Image-2023-01-03-at-16.34.32-225x300.jpeg 225w, https:\/\/defrentealaverdad.com\/wp-content\/uploads\/2023\/01\/WhatsApp-Image-2023-01-03-at-16.34.32-768x1024.jpeg 768w, https:\/\/defrentealaverdad.com\/wp-content\/uploads\/2023\/01\/WhatsApp-Image-2023-01-03-at-16.34.32-450x600.jpeg 450w, https:\/\/defrentealaverdad.com\/wp-content\/uploads\/2023\/01\/WhatsApp-Image-2023-01-03-at-16.34.32.jpeg 843w\" data-sizes=\"(max-width: 225px) 100vw, 225px\" src=\"data:image\/svg+xml;base64,PHN2ZyB3aWR0aD0iMSIgaGVpZ2h0PSIxIiB4bWxucz0iaHR0cDovL3d3dy53My5vcmcvMjAwMC9zdmciPjwvc3ZnPg==\" style=\"--smush-placeholder-width: 225px; --smush-placeholder-aspect-ratio: 225\/300;\" \/><\/p>\n<p style=\"text-align: justify;\">La comunicadora tambi\u00e9n recibi\u00f3 un reconocimiento de la mano de los organizadores de premios ECOMOVA\u00a0 por el apoyo a dicha organizaci\u00f3n y a los artistas Bolivianos, as\u00ed como sus aportes a los comunicadores del pa\u00eds. De igual modo, \u00c1ngela Rodr\u00edguez particip\u00f3 como invitada de honor en tan importante premiaci\u00f3n y fue co-conductora de la Gran Gala junto a Cesia Morales productora de la ceremonia.<\/p>\n<p style=\"text-align: justify;\">Adem\u00e1s de los premios, ECOMOVA ARTISTAS tambi\u00e9n organizaron un desayuno con importantes empresarios, pastores, artistas y medios de la ciudad, para conocer los proyectos que Rodr\u00edguez de la mano de NP Production ten\u00edan por compartir.<\/p>\n<p><img decoding=\"async\" class=\"alignnone size-medium wp-image-2953 aligncenter lazyload\" data-src=\"https:\/\/defrentealaverdad.com\/wp-content\/uploads\/2023\/01\/WhatsApp-Image-2023-01-03-at-16.34.31-1-300x135.jpeg\" alt=\"\" width=\"300\" height=\"135\" data-srcset=\"https:\/\/defrentealaverdad.com\/wp-content\/uploads\/2023\/01\/WhatsApp-Image-2023-01-03-at-16.34.31-1-300x135.jpeg 300w, https:\/\/defrentealaverdad.com\/wp-content\/uploads\/2023\/01\/WhatsApp-Image-2023-01-03-at-16.34.31-1-1024x461.jpeg 1024w, https:\/\/defrentealaverdad.com\/wp-content\/uploads\/2023\/01\/WhatsApp-Image-2023-01-03-at-16.34.31-1-768x346.jpeg 768w, https:\/\/defrentealaverdad.com\/wp-content\/uploads\/2023\/01\/WhatsApp-Image-2023-01-03-at-16.34.31-1.jpeg 1280w\" data-sizes=\"(max-width: 300px) 100vw, 300px\" src=\"data:image\/svg+xml;base64,PHN2ZyB3aWR0aD0iMSIgaGVpZ2h0PSIxIiB4bWxucz0iaHR0cDovL3d3dy53My5vcmcvMjAwMC9zdmciPjwvc3ZnPg==\" style=\"--smush-placeholder-width: 300px; --smush-placeholder-aspect-ratio: 300\/135;\" \/><\/p>\n<p style=\"text-align: justify;\">Aprovechando su visita por la ciudad, \u00c1ngela Rodr\u00edguez particip\u00f3 como jurado del concurso de talentos y covers organizado por Agencia By Music junto al destacado artista guatemalteco Pablo Betancourt y la directora de Radio Educativa Bolivia, Roxana Romero, \u00a0en las instalaciones de la Iglesia Universitaria de Bolivia (UEB). Rodr\u00edguez tambi\u00e9n agot\u00f3 una extensa agenda de medios entre los que destaca su participaci\u00f3n de Radio Actualidad dirigida por la Federaci\u00f3n de Trabajadores de la Prensa Bolivia y el programa Universo Femenino de la destacada comunicadora y artista Mar\u00eda Esther Ballivian.<\/p>\n<p style=\"text-align: justify;\"><strong>Sobre \u00c1ngela Rodr\u00edguez<\/strong><\/p>\n<p style=\"text-align: justify;\">Comunicadora, locutora y productora radial, facilitadora de talleres y conferencias internacionales y relacionista p\u00fablica en Admirable Group Agency, asistente de producci\u00f3n de NP PRODUCTIONS y THE CHOSEN USA. Actualmente funge como presidente de la Asociaci\u00f3n Dominicana de Comunicadores Cristianos (ADOCOC) filial La Altagracia. Es miembro de la Confederaci\u00f3n Iberoamericana de Comunicadoras Hispanas y miembro de la Comisi\u00f3n Nacional de Espect\u00e1culos P\u00fablicos y Radiofon\u00eda.<\/p>\n<p style=\"text-align: justify;\"><strong>Sobre THE CHOSEN USA<\/strong><\/p>\n<p style=\"text-align: justify;\">The Chosen USA es el primer reality show de canto cristiano, una plataforma internacional fundada por el m\u00fasico y manager de artistas Luis Arvelo, que busca brindar la oportunidad para que nuevos talentos de todo el mundo puedan exhibir el\u00a0 don de Dios con la m\u00e1s alta calidad y con el acompa\u00f1amiento de un gran equipo de profesionales en las \u00e1reas t\u00e9cnicas, de producci\u00f3n y jurados.<\/p>\n<p style=\"text-align: justify;\">Fuente: Admirable Group Agency<\/p>\n","protected":false},"excerpt":{"rendered":"<p>New York- La destacada comunicadora dominicana \u00c1ngela Rodr\u00edguez visit\u00f3 por segunda vez la ciudad de<\/p>\n","protected":false},"author":1,"featured_media":0,"comment_status":"open","ping_status":"open","sticky":false,"template":"","format":"standard","meta":{"footnotes":""},"categories":[6,16],"tags":[],"class_list":["post-2951","post","type-post","status-publish","format-standard","hentry","category-espectaculos","category-internacionales"],"_links":{"self":[{"href":"https:\/\/defrentealaverdad.com\/index.php\/wp-json\/wp\/v2\/posts\/2951","targetHints":{"allow":["GET"]}}],"collection":[{"href":"https:\/\/defrentealaverdad.com\/index.php\/wp-json\/wp\/v2\/posts"}],"about":[{"href":"https:\/\/defrentealaverdad.com\/index.php\/wp-json\/wp\/v2\/types\/post"}],"author":[{"embeddable":true,"href":"https:\/\/defrentealaverdad.com\/index.php\/wp-json\/wp\/v2\/users\/1"}],"replies":[{"embeddable":true,"href":"https:\/\/defrentealaverdad.com\/index.php\/wp-json\/wp\/v2\/comments?post=2951"}],"version-history":[{"count":2,"href":"https:\/\/defrentealaverdad.com\/index.php\/wp-json\/wp\/v2\/posts\/2951\/revisions"}],"predecessor-version":[{"id":2956,"href":"https:\/\/defrentealaverdad.com\/index.php\/wp-json\/wp\/v2\/posts\/2951\/revisions\/2956"}],"wp:attachment":[{"href":"https:\/\/defrentealaverdad.com\/index.php\/wp-json\/wp\/v2\/media?parent=2951"}],"wp:term":[{"taxonomy":"category","embeddable":true,"href":"https:\/\/defrentealaverdad.com\/index.php\/wp-json\/wp\/v2\/categories?post=2951"},{"taxonomy":"post_tag","embeddable":true,"href":"https:\/\/defrentealaverdad.com\/index.php\/wp-json\/wp\/v2\/tags?post=2951"}],"curies":[{"name":"wp","href":"https:\/\/api.w.org\/{rel}","templated":true}]}}