{"id":2948,"date":"2023-01-04T13:04:56","date_gmt":"2023-01-04T13:04:56","guid":{"rendered":"https:\/\/defrentealaverdad.com\/?p=2948"},"modified":"2023-01-04T13:04:56","modified_gmt":"2023-01-04T13:04:56","slug":"proponen-indultar-a-enfermos-terminales","status":"publish","type":"post","link":"https:\/\/defrentealaverdad.com\/index.php\/2023\/01\/04\/proponen-indultar-a-enfermos-terminales\/","title":{"rendered":"Proponen indultar a enfermos terminales"},"content":{"rendered":"<p><img decoding=\"async\" class=\"size-medium wp-image-2949 aligncenter lazyload\" data-src=\"https:\/\/defrentealaverdad.com\/wp-content\/uploads\/2023\/01\/la-mayoria-de-los-presos-viven-bajo-hacinamiento-300x200.jpeg\" alt=\"\" width=\"300\" height=\"200\" data-srcset=\"https:\/\/defrentealaverdad.com\/wp-content\/uploads\/2023\/01\/la-mayoria-de-los-presos-viven-bajo-hacinamiento-300x200.jpeg 300w, https:\/\/defrentealaverdad.com\/wp-content\/uploads\/2023\/01\/la-mayoria-de-los-presos-viven-bajo-hacinamiento.jpeg 680w\" data-sizes=\"(max-width: 300px) 100vw, 300px\" src=\"data:image\/svg+xml;base64,PHN2ZyB3aWR0aD0iMSIgaGVpZ2h0PSIxIiB4bWxucz0iaHR0cDovL3d3dy53My5vcmcvMjAwMC9zdmciPjwvc3ZnPg==\" style=\"--smush-placeholder-width: 300px; --smush-placeholder-aspect-ratio: 300\/200;\" \/><\/p>\n<p style=\"text-align: justify;\">Ante la gran cantidad de presos que sufren de enfermedades terminales y propias del hacinamiento existente en las c\u00e1rceles del pa\u00eds, se hace necesario regular el indulto presidencial, figura que se mantiene en la Constituci\u00f3n, pero que no se aplica desde el 2012.<\/p>\n<p style=\"text-align: justify;\">Diversos sectores, incluido el Defensor del Pueblo, Pablo Ulloa, claman por la aprobaci\u00f3n en el pa\u00eds de la referida Ley de Indultos que permita evaluar y dar salida a muchos de esos privados de libertad.<\/p>\n<p style=\"text-align: justify;\">Un informe de la Oficina Nacional de Defensa P\u00fablica, que preside Rodolfo Valent\u00edn Santos, \u201cmuestra una cantidad de privados de libertad en condiciones de salud muy deplorables\u201d.<\/p>\n<p style=\"text-align: justify;\">Algunos de ellos con \u201cc\u00e1ncer en etapa terminal, tuberculosis, VIH, bacterias muy peligrosas que ponen en peligro la salud de quienes padecen esta situaci\u00f3n, condiciones de discapacidad f\u00edsica y motora, entre otras m\u00e1s\u201d.<\/p>\n<p style=\"text-align: justify;\">Recientemente el Poder Judicial present\u00f3 el denominado \u201cPlan de Inclusi\u00f3n de Personas Privadas de Libertad\u201d con el objetivo de \u201cfacilitar la libertad en el menor tiempo posible de las personas que hayan cumplido la condena establecida\u201d y que, asimismo, \u201csocializaron sobre la necesidad de humanizar los centros penitenciarios\u201d.<\/p>\n<p style=\"text-align: justify;\">En diciembre de 2020, hubo un intento legislativo de regular el indulto presidencial, el cual no se aplica desde el 2012 y que carece de una normativa jur\u00eddica. Ante la falta de una Ley, los ordenaba el presidente de la Rep\u00fablica mediante decreto.<\/p>\n<p style=\"text-align: justify;\">La Comisi\u00f3n de Justicia de la C\u00e1mara de Diputados est\u00e1 apoderada del proyecto de Ley de Indultos y lo socializa con sectores, en procura de regular el procedimiento para reanudar el perd\u00f3n que libere a ciudadanos condenados, por buen comportamiento, pr\u00e1ctica que en el pasado termin\u00f3 en corrupci\u00f3n.<\/p>\n<p style=\"text-align: justify;\">Desde hace a\u00f1os, legisladores han intentado que Rep\u00fablica Dominicana retome la figura del indulto, para que el Poder Ejecutivo otorgue amnist\u00eda a personas sentenciadas y que hayan cumplido parte de su pena, en los d\u00edas 16 de agosto, 27 de febrero y 23 de diciembre, previo a la festividad de Navidad.<\/p>\n<p style=\"text-align: justify;\">En \u00e9pocas pasadas, era com\u00fan que para estas fechas se estuviera hablando de indultos. Y es que de acuerdo a la Constituci\u00f3n dominicana, los d\u00edas 27 de febrero, 16 de agosto y 23 de diciembre de cada a\u00f1o, el presidente de la Rep\u00fablica puede concederlos.<\/p>\n<p style=\"text-align: justify;\">Dicho privilegio no est\u00e1 sujeto a ning\u00fan condicionamiento particular respecto del tiempo de la pena que haya cumplido el condenado ni la infracci\u00f3n cometida.<\/p>\n<p style=\"text-align: justify;\">El indulto est\u00e1 consignado en el art\u00edculo 128, numeral 1, literal j, de la Constituci\u00f3n de la Rep\u00fablica, que faculta al mandatario a: \u201cConceder indultos los d\u00edas 27 de febrero, 16 de agosto y 23 de diciembre de cada a\u00f1o, de conformidad con la ley y las convenciones internacionales\u201d.<\/p>\n<p style=\"text-align: justify;\">El \u00faltimo indulto se realiz\u00f3 en febrero de 2012, durante la presidencia de Leonel Fern\u00e1ndez donde se perdon\u00f3 a seis internos con enfermedades terminales, luego de una recomendaci\u00f3n de una comisi\u00f3n de indultos que estudi\u00f3 los expedientes de 96 reos.<\/p>\n<p style=\"text-align: justify;\">Entre los beneficiarios de la disposici\u00f3n presidencial establecida en el decreto\u00a0 65-12, fueron favorecidos Juan Vald\u00e9s Jerez, Yerar Dios Evangelista Contreras, Salvador Plasencia Hern\u00e1ndez, Francisco Salazar Hern\u00e1ndez, Bienvenido Leyba Vargas y Daniel Celedonio Marcelo, todos con enfermedades terminales, seg\u00fan evalu\u00f3 la Comisi\u00f3n.<\/p>\n<p style=\"text-align: justify;\"><strong>Miriam Brito Mart\u00ednez<\/strong><\/p>\n<p style=\"text-align: justify;\">En el 2007, el \u00fanico indulto de Fern\u00e1ndez fue a Miriam Brito Mart\u00ednez, quien cumpl\u00eda una condena de 20 a\u00f1os por el asesinato de su esposo, el empresario arenero Jos\u00e9 Castro. El caso de Brito Mart\u00ednez concit\u00f3 el apoyo de organizaciones por los derechos de las mujeres, ya que la reclusa hab\u00eda sufrido violencia de g\u00e9nero durante muchos a\u00f1os por parte del arenero.<\/p>\n<p style=\"text-align: justify;\">Los indultos siempre generaron reacciones, m\u00e1s malas que buenas, como ocurri\u00f3 cuando el ex presidente Fern\u00e1ndez emiti\u00f3 el decreto 847-2008, indultando a la ex funcionaria del quebrado Banco Intercontinental \u2013Baninter-, Vivian Lubrano de Castillo, as\u00ed como a Pedro Franco Bad\u00eda, Antonio Marte, Milc\u00edades Amaro Guzm\u00e1n y Gervasio de la Rosa, condenados por el fraude a trav\u00e9s del Plan de Renove.<\/p>\n<p style=\"text-align: justify;\">Igualmente, en diciembre de 2009, cuando el entonces presidente Leonel Fern\u00e1ndez indult\u00f3 a las\u00a0 francesas Sarah Zaknoun y C\u00e9line Faye, de 19 y 20 a\u00f1os, respectivamente, adem\u00e1s de dos dominicanos y un estadounidense, condenados por tr\u00e1fico de drogas.<\/p>\n<p style=\"text-align: justify;\">En Diciembre del 2000, el ex presidente Hip\u00f3lito Mej\u00eda luego de meses de la toma de posesi\u00f3n autom\u00e1ticamente decret\u00f3 el mismo a\u00f1o 100 indultos, acci\u00f3n que sigui\u00f3 llevando a cabo durante los 3 primeros a\u00f1os en su administraci\u00f3n 2000-2004.<\/p>\n<p style=\"text-align: justify;\">En la gesti\u00f3n de Mej\u00eda se registraron esc\u00e1ndalos en los indultos masivos, debido a que eran incluidas personas que no califican para esa gracia y en otros casos eran reincidentes.<\/p>\n<p>&nbsp;<\/p>\n<p>Fuente: El Constituyente<\/p>\n","protected":false},"excerpt":{"rendered":"<p>Ante la gran cantidad de presos que sufren de enfermedades terminales y propias del hacinamiento<\/p>\n","protected":false},"author":1,"featured_media":0,"comment_status":"open","ping_status":"open","sticky":false,"template":"","format":"standard","meta":{"footnotes":""},"categories":[7],"tags":[],"class_list":["post-2948","post","type-post","status-publish","format-standard","hentry","category-nacionales"],"_links":{"self":[{"href":"https:\/\/defrentealaverdad.com\/index.php\/wp-json\/wp\/v2\/posts\/2948","targetHints":{"allow":["GET"]}}],"collection":[{"href":"https:\/\/defrentealaverdad.com\/index.php\/wp-json\/wp\/v2\/posts"}],"about":[{"href":"https:\/\/defrentealaverdad.com\/index.php\/wp-json\/wp\/v2\/types\/post"}],"author":[{"embeddable":true,"href":"https:\/\/defrentealaverdad.com\/index.php\/wp-json\/wp\/v2\/users\/1"}],"replies":[{"embeddable":true,"href":"https:\/\/defrentealaverdad.com\/index.php\/wp-json\/wp\/v2\/comments?post=2948"}],"version-history":[{"count":1,"href":"https:\/\/defrentealaverdad.com\/index.php\/wp-json\/wp\/v2\/posts\/2948\/revisions"}],"predecessor-version":[{"id":2950,"href":"https:\/\/defrentealaverdad.com\/index.php\/wp-json\/wp\/v2\/posts\/2948\/revisions\/2950"}],"wp:attachment":[{"href":"https:\/\/defrentealaverdad.com\/index.php\/wp-json\/wp\/v2\/media?parent=2948"}],"wp:term":[{"taxonomy":"category","embeddable":true,"href":"https:\/\/defrentealaverdad.com\/index.php\/wp-json\/wp\/v2\/categories?post=2948"},{"taxonomy":"post_tag","embeddable":true,"href":"https:\/\/defrentealaverdad.com\/index.php\/wp-json\/wp\/v2\/tags?post=2948"}],"curies":[{"name":"wp","href":"https:\/\/api.w.org\/{rel}","templated":true}]}}