{"id":29118,"date":"2024-10-12T17:56:34","date_gmt":"2024-10-12T17:56:34","guid":{"rendered":"https:\/\/defrentealaverdad.com\/?p=29118"},"modified":"2024-10-12T17:56:34","modified_gmt":"2024-10-12T17:56:34","slug":"admd-presenta-el-galardom-a-la-gestion-de-riesgos-en-su-28o-aniversario","status":"publish","type":"post","link":"https:\/\/defrentealaverdad.com\/index.php\/2024\/10\/12\/admd-presenta-el-galardom-a-la-gestion-de-riesgos-en-su-28o-aniversario\/","title":{"rendered":"ADMD presenta El Galard\u00f3m a la Gesti\u00f3n de Riesgos en su 28\u00ba Aniversario"},"content":{"rendered":"<p style=\"text-align: justify;\">Santo Domingo, Rep\u00fablica Dominicana &#8211; 9 de octubre de 2024 &#8211; En un evento solemne celebrado en la Biblioteca Nacional Pedro Henr\u00edquez Ure\u00f1a, Sal\u00f3n Aida Portalat\u00edn, la Asociaci\u00f3n Dominicana de Mitigaci\u00f3n de Desastres (ADMD) conmemor\u00f3 su 28\u00ba aniversario con la presentaci\u00f3n del prestigioso Galard\u00f3n a la Gesti\u00f3n de Riesgos 2024. Este reconocimiento se otorga a las personas e instituciones que han destacado por su invaluable labor en la prevenci\u00f3n, mitigaci\u00f3n y gesti\u00f3n de riesgos en la Rep\u00fablica Dominicana<\/p>\n<p style=\"text-align: justify;\">La ADMD, una organizaci\u00f3n no gubernamental sin fines de lucro, ha sido l\u00edder en la promoci\u00f3n de la seguridad ante desastres en el pa\u00eds desde su fundaci\u00f3n. Originalmente auspiciada por el Proyecto de Mitigaci\u00f3n de Desastres en el Caribe (PMDC), financiado por la Agencia Internacional de Desarrollo de los Estados Unidos (USAID), a trav\u00e9s de su Oficina de Asistencia a Desastres en el Extranjero (OFDA), y ejecutado por la Organizaci\u00f3n de los Estados Americanos (OEA), la ADMD ha jugado un rol crucial en la consolidaci\u00f3n de una cultura de prevenci\u00f3n y respuesta ante desastres en la naci\u00f3n.<\/p>\n<p style=\"text-align: justify;\">El evento cont\u00f3 con la presencia de destacados l\u00edderes y colaboradores de la ADMD, as\u00ed como representantes de varias instituciones clave en la gesti\u00f3n de riesgos. La ceremonia inici\u00f3 con la recepci\u00f3n encabezada por la directiva de la ADMD: Carlos Pimentel, Marvin Ortiz, Dilcia Paulino y Juan Marmolejos, quienes dieron la bienvenida a los asistentes.<\/p>\n<p style=\"text-align: justify;\">El Sr. Carlos Pimentel, Presidente del Consejo, ofreci\u00f3 unas palabras de bienvenida, seguidas de un discurso del Director Ejecutivo de la ADMD, Juan Marmolejos, quien destac\u00f3 los 28 a\u00f1os de historia de la ADMD y su continuo compromiso con la seguridad y mitigaci\u00f3n de desastres en el pa\u00eds. Durante su discurso, Marmolejos tambi\u00e9n resalt\u00f3 el valor de los galardones, creados para honrar a aquellos que han hecho contribuciones significativas en este campo.<\/p>\n<p style=\"text-align: justify;\">Uno de los momentos m\u00e1s emotivos del evento fue la proyecci\u00f3n de un video conmemorativo que narr\u00f3 los hitos m\u00e1s importantes en la evoluci\u00f3n de la ADMD, recordando los esfuerzos que la han posicionado como un referente en la gesti\u00f3n de riesgos.<\/p>\n<p style=\"text-align: justify;\">A continuaci\u00f3n, se procedi\u00f3 con la entrega de los Galardones a la Gesti\u00f3n de Riesgos ADMD 2024, otorgados a individuos e instituciones que han sobresalido por su dedicaci\u00f3n y esfuerzo:<\/p>\n<p>\u2022 <strong>Cnel. Gerson Ant. Ram\u00edrez<\/strong> \u2013 Bomberos<\/p>\n<p>\u2022 <strong>Ing. Juan Alberto Chalas Perdomo<\/strong> \u2013 ADMD<\/p>\n<p>\u2022 <strong>Ing. Leonardo Reyes Madera<\/strong> \u2013 ONESVI<\/p>\n<p style=\"text-align: justify;\">\u2022 <strong>Cnel. Erdwin Olivares Luciano<\/strong> \u2013 COE<\/p>\n<p style=\"text-align: justify;\">El punto culminante de la noche fue la entrega del Gran Reconocimiento, en honor a Christine M. Herridge, una destacada profesional cuyo compromiso y trayectoria en la gesti\u00f3n de riesgos han sido fundamentales para el avance de la seguridad y la mitigaci\u00f3n de desastres en la regi\u00f3n. La introducci\u00f3n de este galard\u00f3n estuvo a cargo del Lic. Juan Marmolejos, quien present\u00f3 la trayectoria de Herridge, seguida de la entrega del reconocimiento por parte de todos los miembros del Consejo Directivo de la ADMD.<\/p>\n<p style=\"text-align: justify;\">Entre los miembros del Consejo que participaron en la entrega se encontraban:<\/p>\n<p><strong>\u2022 Carlos Pimentel,<\/strong> Presidente del Consejo<\/p>\n<p><strong>\u2022 Viceministra Chandrai Estevez<\/strong> del Ministerio De Interior y Polic\u00eda<\/p>\n<p><strong>\u2022 Marvin Ortiz<\/strong><\/p>\n<p><strong>\u2022 Juan A. Chalas<\/strong><\/p>\n<p><strong>\u2022 Juan A. Marmolejos,<\/strong> Dir. Ejecutivo ADMD<\/p>\n<p><strong>\u2022 Juan Salas<\/strong>, Director Ejecutivo de la Defensa Civil<\/p>\n<p style=\"text-align: justify;\">El evento concluy\u00f3 con las palabras de cierre a cargo de la maestra de ceremonias, Miriam Batista, quien agradeci\u00f3 a los presentes y destac\u00f3 la importancia de continuar fortaleciendo la gesti\u00f3n de riesgos en la Rep\u00fablica Dominicana.<\/p>\n<p style=\"text-align: justify;\">Con esta entrega del Galard\u00f3n a la Gesti\u00f3n de Riesgos 2024, la ADMD reafirma su compromiso de seguir trabajando incansablemente por un futuro m\u00e1s seguro y resiliente, colaborando con las instituciones y actores clave del pa\u00eds para mitigar los efectos de los desastres.<\/p>\n<p>Fuente: ADM<\/p>\n","protected":false},"excerpt":{"rendered":"<p>Santo Domingo, Rep\u00fablica Dominicana &#8211; 9 de octubre de 2024 &#8211; En un evento solemne<\/p>\n","protected":false},"author":2,"featured_media":29119,"comment_status":"open","ping_status":"open","sticky":false,"template":"","format":"standard","meta":{"footnotes":""},"categories":[7],"tags":[],"class_list":["post-29118","post","type-post","status-publish","format-standard","has-post-thumbnail","hentry","category-nacionales"],"_links":{"self":[{"href":"https:\/\/defrentealaverdad.com\/index.php\/wp-json\/wp\/v2\/posts\/29118","targetHints":{"allow":["GET"]}}],"collection":[{"href":"https:\/\/defrentealaverdad.com\/index.php\/wp-json\/wp\/v2\/posts"}],"about":[{"href":"https:\/\/defrentealaverdad.com\/index.php\/wp-json\/wp\/v2\/types\/post"}],"author":[{"embeddable":true,"href":"https:\/\/defrentealaverdad.com\/index.php\/wp-json\/wp\/v2\/users\/2"}],"replies":[{"embeddable":true,"href":"https:\/\/defrentealaverdad.com\/index.php\/wp-json\/wp\/v2\/comments?post=29118"}],"version-history":[{"count":1,"href":"https:\/\/defrentealaverdad.com\/index.php\/wp-json\/wp\/v2\/posts\/29118\/revisions"}],"predecessor-version":[{"id":29120,"href":"https:\/\/defrentealaverdad.com\/index.php\/wp-json\/wp\/v2\/posts\/29118\/revisions\/29120"}],"wp:featuredmedia":[{"embeddable":true,"href":"https:\/\/defrentealaverdad.com\/index.php\/wp-json\/wp\/v2\/media\/29119"}],"wp:attachment":[{"href":"https:\/\/defrentealaverdad.com\/index.php\/wp-json\/wp\/v2\/media?parent=29118"}],"wp:term":[{"taxonomy":"category","embeddable":true,"href":"https:\/\/defrentealaverdad.com\/index.php\/wp-json\/wp\/v2\/categories?post=29118"},{"taxonomy":"post_tag","embeddable":true,"href":"https:\/\/defrentealaverdad.com\/index.php\/wp-json\/wp\/v2\/tags?post=29118"}],"curies":[{"name":"wp","href":"https:\/\/api.w.org\/{rel}","templated":true}]}}