{"id":2768,"date":"2022-12-21T20:22:13","date_gmt":"2022-12-21T20:22:13","guid":{"rendered":"https:\/\/defrentealaverdad.com\/?p=2768"},"modified":"2022-12-21T20:24:59","modified_gmt":"2022-12-21T20:24:59","slug":"presidente-de-la-republica-dominicana-entrega-a-la-patria-29-nuevos-oficiales-de-la-fard","status":"publish","type":"post","link":"https:\/\/defrentealaverdad.com\/index.php\/2022\/12\/21\/presidente-de-la-republica-dominicana-entrega-a-la-patria-29-nuevos-oficiales-de-la-fard\/","title":{"rendered":"Presidente de la Rep\u00fablica Dominicana entrega a la patria 29 nuevos oficiales de la FARD"},"content":{"rendered":"<p>Por Felix Rubio<\/p>\n<div>\n<div class=\"separator\" style=\"text-align: justify;\"><a href=\"https:\/\/blogger.googleusercontent.com\/img\/b\/R29vZ2xl\/AVvXsEgJmO5Ip_qRVkWmMmv858V_AZrzqPvatbWWCnZLIaxOyy0_A4P0T_RFrt-RopPD1r4gk9csHh-22vgQsiVcQZvy51UXGAgyIArYo1sejkApnuGfPOrTvztYzRqWnAS1GUnqKZ0YAL_J-b_gvGGP21pQhqerR5FOO4ppTG2l6s8N5vB1Qlt3r2UmxF9kXQ\/s1024\/2FCCEC02-E948-447B-A6AF-F5CC3A68B7FA.jpeg\"><img decoding=\"async\" data-src=\"https:\/\/blogger.googleusercontent.com\/img\/b\/R29vZ2xl\/AVvXsEgJmO5Ip_qRVkWmMmv858V_AZrzqPvatbWWCnZLIaxOyy0_A4P0T_RFrt-RopPD1r4gk9csHh-22vgQsiVcQZvy51UXGAgyIArYo1sejkApnuGfPOrTvztYzRqWnAS1GUnqKZ0YAL_J-b_gvGGP21pQhqerR5FOO4ppTG2l6s8N5vB1Qlt3r2UmxF9kXQ\/w640-h426\/2FCCEC02-E948-447B-A6AF-F5CC3A68B7FA.jpeg\" width=\"640\" height=\"426\" border=\"0\" data-original-height=\"682\" data-original-width=\"1024\" src=\"data:image\/svg+xml;base64,PHN2ZyB3aWR0aD0iMSIgaGVpZ2h0PSIxIiB4bWxucz0iaHR0cDovL3d3dy53My5vcmcvMjAwMC9zdmciPjwvc3ZnPg==\" class=\"lazyload\" style=\"--smush-placeholder-width: 640px; --smush-placeholder-aspect-ratio: 640\/426;\" \/><\/a><\/div>\n<\/div>\n<div>\n<div style=\"text-align: justify;\"><\/div>\n<div style=\"text-align: justify;\">En una emotiva ceremonia, encabezada por el se\u00f1or Presidente Constitucional de la Rep\u00fablica, Luis Rodolfo Abinader Corona, la Academia A\u00e9rea \u201cGeneral de Brigada Piloto Frank Andr\u00e9s F\u00e9liz Miranda\u201d, FARD, celebr\u00f3 la graduaci\u00f3n de su XXI promoci\u00f3n de cadetes \u201cMayor General Piloto (r) Juan Nepomuceno Folch P\u00e9rez\u201d, la cual inici\u00f3 con la rendici\u00f3n de honores de estilo correspondientes al mandatario de la Naci\u00f3n, seguido de la invocaci\u00f3n religiosa con la que se dio inicio formal a la ceremonia de graduaci\u00f3n de los 29 cadetes (26 masculinos y 3 femeninas).<\/div>\n<div style=\"text-align: justify;\">\n<div class=\"separator\"><a href=\"https:\/\/blogger.googleusercontent.com\/img\/b\/R29vZ2xl\/AVvXsEjnuGaWWyyN1714jMne1K2JynHg5QWsVKbHM4BN37Ap-LPo_WQYSgfNT8TMrr_JV1J1eTgWt9tDYYFjq8Gqx0BKio9bGu0ZYqaVgYNOjnAMiktemQyRIa-s9x0aHWRmbxTuKYeYzuCOI0ac7SI6_WKaiszXRl9wMB-vVNmWPAlbAVpMPKn-oaTyz0_ZRA\/s1024\/CDCED8F6-E49E-46B8-BF91-1B93FFE8D214.jpeg\"><img decoding=\"async\" data-src=\"https:\/\/blogger.googleusercontent.com\/img\/b\/R29vZ2xl\/AVvXsEjnuGaWWyyN1714jMne1K2JynHg5QWsVKbHM4BN37Ap-LPo_WQYSgfNT8TMrr_JV1J1eTgWt9tDYYFjq8Gqx0BKio9bGu0ZYqaVgYNOjnAMiktemQyRIa-s9x0aHWRmbxTuKYeYzuCOI0ac7SI6_WKaiszXRl9wMB-vVNmWPAlbAVpMPKn-oaTyz0_ZRA\/w400-h266\/CDCED8F6-E49E-46B8-BF91-1B93FFE8D214.jpeg\" width=\"400\" height=\"266\" border=\"0\" data-original-height=\"682\" data-original-width=\"1024\" src=\"data:image\/svg+xml;base64,PHN2ZyB3aWR0aD0iMSIgaGVpZ2h0PSIxIiB4bWxucz0iaHR0cDovL3d3dy53My5vcmcvMjAwMC9zdmciPjwvc3ZnPg==\" class=\"lazyload\" style=\"--smush-placeholder-width: 400px; --smush-placeholder-aspect-ratio: 400\/266;\" \/><\/a><\/div>\n<\/div>\n<div style=\"text-align: justify;\">El mandatario, en su rol de Autoridad Suprema de las Fuerzas Armadas y la Polic\u00eda Nacional, jurament\u00f3 a los cadetes y les entreg\u00f3 el Sable de Mando. Luego les fueron impuestas las Alas correspondientes a su especialidad a los 29 oficiales graduandos, junto a dos oficiales egresados \u200b\u200bde la Escuela Militar de Aviaci\u00f3n \u201cMarcos Fidel Su\u00e1rez\u201d, de la hermana Rep\u00fablica de Colombia, los 2do Teniente FARD, Oscar Baba Mej\u00eda y Newkelvin P\u00e9rez Acosta.<\/div>\n<div style=\"text-align: justify;\">\n<div class=\"separator\"><\/div>\n<\/div>\n<div style=\"text-align: justify;\">Previo a esto, el General de Brigada Francisco Ovalles Pichardo, ERD, rector del INSUDE, procedi\u00f3 a conceder los diplomas de manera representativa a los cadetes. En tanto que el Teniente General Carlos Luciano D\u00edaz Morfa, ERD, Ministro de Defensa, entreg\u00f3 la placa al Graduado de Honor, el cadete de 4to a\u00f1o Edgar Mois\u00e9s Alvayero Henr\u00edquez, del mismo modo, el Mayor General T\u00e9c. de av. Carlos Febrillet Rodr\u00edguez, Comandante General de la Fuerza A\u00e9rea de Rep\u00fablica Dominicana, hizo entrega de la placa al Graduado Distinguido, la cadete de 4to a\u00f1o Yolanda Santana Garc\u00eda.<\/div>\n<div style=\"text-align: justify;\">\n<div class=\"separator\"><a href=\"https:\/\/blogger.googleusercontent.com\/img\/b\/R29vZ2xl\/AVvXsEjVtJ2uhvEMToysx5KOIIWG06zj4DfGOD29vlbrz-MYd4oW01gWVHeePUd5Lmz1NJR4hnaI0QEAbLdlI1XFsFZv5qqarE8-gzG4eByL8pNrD0Q8OFZtMLrGbciCZWKPUlnoPAJOXLvowRP_q0uQFwNw1_flSB5IlcC7JhPy7tL-c3PqBQMt1nAQNZx8rw\/s1024\/F9BB34CB-CFC4-4C9A-95C9-F423F8F1092E.jpeg\"><img decoding=\"async\" data-src=\"https:\/\/blogger.googleusercontent.com\/img\/b\/R29vZ2xl\/AVvXsEjVtJ2uhvEMToysx5KOIIWG06zj4DfGOD29vlbrz-MYd4oW01gWVHeePUd5Lmz1NJR4hnaI0QEAbLdlI1XFsFZv5qqarE8-gzG4eByL8pNrD0Q8OFZtMLrGbciCZWKPUlnoPAJOXLvowRP_q0uQFwNw1_flSB5IlcC7JhPy7tL-c3PqBQMt1nAQNZx8rw\/w400-h266\/F9BB34CB-CFC4-4C9A-95C9-F423F8F1092E.jpeg\" width=\"400\" height=\"266\" border=\"0\" data-original-height=\"682\" data-original-width=\"1024\" src=\"data:image\/svg+xml;base64,PHN2ZyB3aWR0aD0iMSIgaGVpZ2h0PSIxIiB4bWxucz0iaHR0cDovL3d3dy53My5vcmcvMjAwMC9zdmciPjwvc3ZnPg==\" class=\"lazyload\" style=\"--smush-placeholder-width: 400px; --smush-placeholder-aspect-ratio: 400\/266;\" \/><\/a><\/div>\n<\/div>\n<div style=\"text-align: justify;\">-Los graduandos que hoy alcanzan un nuevo pelda\u00f1o en su carrera militar adquirieron su t\u00edtulo en Ciencias Aeron\u00e1uticas, acreditado por el Ministerio de Educaci\u00f3n Superior, Ciencia y Tecnolog\u00eda (Mescyt) y avalado por el Instituto Superior para la Defensa (INSUDE) con el rango de 2do Teniente.<\/div>\n<div style=\"text-align: justify;\">\n<div class=\"separator\"><a href=\"https:\/\/blogger.googleusercontent.com\/img\/b\/R29vZ2xl\/AVvXsEgALcfIf-fEkD9V5Dn06yKNWjmN1MzD-6z7f_42_ySWryFcHIKZw0Ll4TFOudSFuV1Sz741ZsIh4E3uEInI3IR7dPZWpxVuAOaXmmAUEzhb48DfBPhlCYHHvBQyuvALgr4ju3eydIjPuo3TiyUJRJ03g-6AhESltoVvLwlgx6X5rGDWUsgha8upvomnEA\/s1024\/60588972-B639-4F8C-8978-BA173AF2F8A2.jpeg\"><img decoding=\"async\" data-src=\"https:\/\/blogger.googleusercontent.com\/img\/b\/R29vZ2xl\/AVvXsEgALcfIf-fEkD9V5Dn06yKNWjmN1MzD-6z7f_42_ySWryFcHIKZw0Ll4TFOudSFuV1Sz741ZsIh4E3uEInI3IR7dPZWpxVuAOaXmmAUEzhb48DfBPhlCYHHvBQyuvALgr4ju3eydIjPuo3TiyUJRJ03g-6AhESltoVvLwlgx6X5rGDWUsgha8upvomnEA\/w400-h266\/60588972-B639-4F8C-8978-BA173AF2F8A2.jpeg\" width=\"400\" height=\"266\" border=\"0\" data-original-height=\"682\" data-original-width=\"1024\" src=\"data:image\/svg+xml;base64,PHN2ZyB3aWR0aD0iMSIgaGVpZ2h0PSIxIiB4bWxucz0iaHR0cDovL3d3dy53My5vcmcvMjAwMC9zdmciPjwvc3ZnPg==\" class=\"lazyload\" style=\"--smush-placeholder-width: 400px; --smush-placeholder-aspect-ratio: 400\/266;\" \/><\/a><\/div>\n<\/div>\n<div style=\"text-align: justify;\">Al externo el discurso de orden, el Coronel Piloto Rafael Emilio Ferreras S\u00e1nchez, FARD, director de la Academia A\u00e9rea, exhort\u00f3 a los graduandos a seguir comprometidos con la naci\u00f3n, a velar por la Soberan\u00eda Nacional y entender la responsabilidad que reposa sobre sus hombres a partir de este momento. \u201cLes invito a seguir aumentando sus capacidades, prepar\u00e1ndose en sus estudios y velar por el respeto a la Constituci\u00f3n Dominicana, viviendo con honor y apegado a la moral\u201d, resalt\u00f3 el Coronel Ferreras S\u00e1nchez.<\/div>\n<div style=\"text-align: justify;\">\n<div class=\"separator\"><a href=\"https:\/\/blogger.googleusercontent.com\/img\/b\/R29vZ2xl\/AVvXsEik2f28uL3Tk657BykWvdSNEPfLaIb8mOa841-E0Qo8OToM9HKd5CeUh0HV5gNIiCQEWbwYDWpEnpGR7XxKjqFlqCOmkaoBNveHRIBAaeUneeNC7UfQoeq2oHauV8qYdhOtkh-dOVbnZvJbE7BFdVYaRwN4veUtG4VkfoKHKTUJ-tZvQERxLQEFqkLowQ\/s682\/9E49DB1E-C83B-4BFA-A56D-B1888F9DE123.jpeg\"><img decoding=\"async\" data-src=\"https:\/\/blogger.googleusercontent.com\/img\/b\/R29vZ2xl\/AVvXsEik2f28uL3Tk657BykWvdSNEPfLaIb8mOa841-E0Qo8OToM9HKd5CeUh0HV5gNIiCQEWbwYDWpEnpGR7XxKjqFlqCOmkaoBNveHRIBAaeUneeNC7UfQoeq2oHauV8qYdhOtkh-dOVbnZvJbE7BFdVYaRwN4veUtG4VkfoKHKTUJ-tZvQERxLQEFqkLowQ\/w400-h266\/9E49DB1E-C83B-4BFA-A56D-B1888F9DE123.jpeg\" width=\"400\" height=\"266\" border=\"0\" data-original-height=\"454\" data-original-width=\"682\" src=\"data:image\/svg+xml;base64,PHN2ZyB3aWR0aD0iMSIgaGVpZ2h0PSIxIiB4bWxucz0iaHR0cDovL3d3dy53My5vcmcvMjAwMC9zdmciPjwvc3ZnPg==\" class=\"lazyload\" style=\"--smush-placeholder-width: 400px; --smush-placeholder-aspect-ratio: 400\/266;\" \/><\/a><\/div>\n<\/div>\n<div style=\"text-align: justify;\">En un momento muy emotivo de la ceremonia, los cadetes recibieron los anillos de graduaci\u00f3n de mano de sus respectivas progenitoras, como una muestra del apoyo incondicional que recibieron de parte de sus familias durante su estricta formaci\u00f3n militar.<\/div>\n<div style=\"text-align: justify;\">\n<div class=\"separator\"><a href=\"https:\/\/blogger.googleusercontent.com\/img\/b\/R29vZ2xl\/AVvXsEjsgOvb0HOsm6XKE2oEbLPdVh3g-k-WOWtpVlSf5ArfvBNZTZt_6EXhLJMqYKgXwDC9oySKIPPh6MvIFRB83fmQHERzvkBJZzUA5SeZkWyTdXZirA0Bxzm5XcZpg3BjSRvNBwTlQvKjGdlsHkx8X2fbabzj6sVPkn1I4HmCpsOLXS8IRrTG2HmuXzLWzQ\/s682\/B147FCBF-ECB0-4EA4-88DB-3AFE98949E9C.jpeg\"><img decoding=\"async\" data-src=\"https:\/\/blogger.googleusercontent.com\/img\/b\/R29vZ2xl\/AVvXsEjsgOvb0HOsm6XKE2oEbLPdVh3g-k-WOWtpVlSf5ArfvBNZTZt_6EXhLJMqYKgXwDC9oySKIPPh6MvIFRB83fmQHERzvkBJZzUA5SeZkWyTdXZirA0Bxzm5XcZpg3BjSRvNBwTlQvKjGdlsHkx8X2fbabzj6sVPkn1I4HmCpsOLXS8IRrTG2HmuXzLWzQ\/w400-h266\/B147FCBF-ECB0-4EA4-88DB-3AFE98949E9C.jpeg\" width=\"400\" height=\"266\" border=\"0\" data-original-height=\"454\" data-original-width=\"682\" src=\"data:image\/svg+xml;base64,PHN2ZyB3aWR0aD0iMSIgaGVpZ2h0PSIxIiB4bWxucz0iaHR0cDovL3d3dy53My5vcmcvMjAwMC9zdmciPjwvc3ZnPg==\" class=\"lazyload\" style=\"--smush-placeholder-width: 400px; --smush-placeholder-aspect-ratio: 400\/266;\" \/><\/a><\/div>\n<\/div>\n<div style=\"text-align: justify;\">En esta XXI Promoci\u00f3n de Cadetes \u201cMayor General Piloto (r) Juan Nepomuceno Folch P\u00e9rez\u201d, fueron investidos tres cadetes de las hermanas Rep\u00fablicas de Panam\u00e1, Honduras y El Salvador.<\/div>\n<div style=\"text-align: justify;\">\n<div class=\"separator\"><a href=\"https:\/\/blogger.googleusercontent.com\/img\/b\/R29vZ2xl\/AVvXsEjNmnby9r_Q9klP0T3qyZJuvX3pZaHqN_3ggyfu4DZqUWP-JXeF4jA_8fzrjpzrQ8QBuHuuM28-9cBhAQcMLhvxPhRt9m_73K6eWqyKY60znomniKBVwbaUoUwXnb3Zy5lP9VZY0bnSk7sHeAk9c_LGr4NPyuAfZIrIt94JdWW21dd_7Ez7DEx0YcNMYQ\/s1024\/78DFD589-B771-4F74-9B97-4B89F512E108.jpeg\"><img decoding=\"async\" data-src=\"https:\/\/blogger.googleusercontent.com\/img\/b\/R29vZ2xl\/AVvXsEjNmnby9r_Q9klP0T3qyZJuvX3pZaHqN_3ggyfu4DZqUWP-JXeF4jA_8fzrjpzrQ8QBuHuuM28-9cBhAQcMLhvxPhRt9m_73K6eWqyKY60znomniKBVwbaUoUwXnb3Zy5lP9VZY0bnSk7sHeAk9c_LGr4NPyuAfZIrIt94JdWW21dd_7Ez7DEx0YcNMYQ\/w400-h266\/78DFD589-B771-4F74-9B97-4B89F512E108.jpeg\" width=\"400\" height=\"266\" border=\"0\" data-original-height=\"682\" data-original-width=\"1024\" src=\"data:image\/svg+xml;base64,PHN2ZyB3aWR0aD0iMSIgaGVpZ2h0PSIxIiB4bWxucz0iaHR0cDovL3d3dy53My5vcmcvMjAwMC9zdmciPjwvc3ZnPg==\" class=\"lazyload\" style=\"--smush-placeholder-width: 400px; --smush-placeholder-aspect-ratio: 400\/266;\" \/><\/a><\/div>\n<\/div>\n<div style=\"text-align: justify;\">Asistieron al evento, el Ministro de Educaci\u00f3n Superior, Ciencia y Tecnolog\u00eda, Franklin Garc\u00eda Ferm\u00edn; el viceministro de Defensa para Asuntos Militares, el alcalde general ERD Julio Ernesto Flori\u00e1n P\u00e9rez; el viceministro de Defensa para Asuntos Navales y Costeros, vicealmirante ARD Ram\u00f3n Gustavo Betances Hern\u00e1ndez; el viceministro de Defensa para Asuntos A\u00e9reos y Espaciales, alcalde general Leonel Am\u00edlcar Mu\u00f1oz Noboa; y el Inspector General de las Fuerzas Armadas, general ERD Miguel Rubio B\u00e1ez.<\/div>\n<div style=\"text-align: justify;\">\n<div class=\"separator\"><a href=\"https:\/\/blogger.googleusercontent.com\/img\/b\/R29vZ2xl\/AVvXsEh5PzaCG_TQIKtEnDXjw1AKLeggleEeWwCUBUDum7BglshVFNGfNo8mbim87-oaGEtmtnZjU_9AiOJCzd-PBh9TwgmNuqNRWnZJ5nTLUGUvev9LJrYoWrJHWYVl-e8AkO-SZMqmz3NH_fnmqMa4illLTYNdds7taX-CsuCbhGGbv-EZvQ0PvmG4bznZpw\/s1024\/7CE88DE5-ACF0-44A8-9F84-6684272DD792.jpeg\"><img decoding=\"async\" data-src=\"https:\/\/blogger.googleusercontent.com\/img\/b\/R29vZ2xl\/AVvXsEh5PzaCG_TQIKtEnDXjw1AKLeggleEeWwCUBUDum7BglshVFNGfNo8mbim87-oaGEtmtnZjU_9AiOJCzd-PBh9TwgmNuqNRWnZJ5nTLUGUvev9LJrYoWrJHWYVl-e8AkO-SZMqmz3NH_fnmqMa4illLTYNdds7taX-CsuCbhGGbv-EZvQ0PvmG4bznZpw\/w400-h266\/7CE88DE5-ACF0-44A8-9F84-6684272DD792.jpeg\" width=\"400\" height=\"266\" border=\"0\" data-original-height=\"682\" data-original-width=\"1024\" src=\"data:image\/svg+xml;base64,PHN2ZyB3aWR0aD0iMSIgaGVpZ2h0PSIxIiB4bWxucz0iaHR0cDovL3d3dy53My5vcmcvMjAwMC9zdmciPjwvc3ZnPg==\" class=\"lazyload\" style=\"--smush-placeholder-width: 400px; --smush-placeholder-aspect-ratio: 400\/266;\" \/><\/a><\/div>\n<\/div>\n<div style=\"text-align: justify;\">Tambi\u00e9n asistieron el director general de la Polic\u00eda Nacional, el alcalde general PN Eduardo Alberto Entonces; el presidente de la Direcci\u00f3n Nacional de Control de Drogas (DNCD), vicealmirante Jos\u00e9 M. Cabrera Ulloa; el viceministro de la Presidencia Mart\u00edn Gabirondo; y el Obispo Castrense de la Rep\u00fablica Dominicana monse\u00f1or Francisco Ozoria Acosta.<\/div>\n<div style=\"text-align: justify;\"><\/div>\n<div style=\"text-align: justify;\">De igual forma, la presidenta de la Asociaci\u00f3n de Esposas de Oficiales FARD (AEOFARD) Ing. Menc\u00eda Ortiz de Febrillet; el director de la Academia A\u00e9rea \u00abGBPFAFM\u00bb FARD, coronel piloto, Rafael E. Ferreras S\u00e1nchez; el comandante general ERD, el alcalde general Carlos Antonio Fern\u00e1ndez Onofre; el comandante general ARD, vicealmirante, Francisco Antonio Sosa Castillo, y el rector del INSUDE, general de Brigada ERD, Francisco Antonio Ovalle Pichardo.<\/div>\n<div style=\"text-align: justify;\">\n<div class=\"separator\"><a href=\"https:\/\/blogger.googleusercontent.com\/img\/b\/R29vZ2xl\/AVvXsEg9jwhljrgfEdTGkGoOV-LCu2KN93OSbaqSGOWoQk_CI7kpYDnxSW3zVaF29bA97Iwdd3-spWrJRSkHTqecEhdcdRKf6HIPGhVKq_5DRpzsE3j-eorZF5IT6bSN7LLqf1N4qC5i4xnqoK3LFGOL12QvYDOfHSxKQCzWXBf0xWYYRgeFhiFqSyCTI0LI6w\/s682\/53FF29FD-F027-445F-97EC-EF800BD47112.jpeg\"><img decoding=\"async\" data-src=\"https:\/\/blogger.googleusercontent.com\/img\/b\/R29vZ2xl\/AVvXsEg9jwhljrgfEdTGkGoOV-LCu2KN93OSbaqSGOWoQk_CI7kpYDnxSW3zVaF29bA97Iwdd3-spWrJRSkHTqecEhdcdRKf6HIPGhVKq_5DRpzsE3j-eorZF5IT6bSN7LLqf1N4qC5i4xnqoK3LFGOL12QvYDOfHSxKQCzWXBf0xWYYRgeFhiFqSyCTI0LI6w\/w400-h266\/53FF29FD-F027-445F-97EC-EF800BD47112.jpeg\" width=\"400\" height=\"266\" border=\"0\" data-original-height=\"454\" data-original-width=\"682\" src=\"data:image\/svg+xml;base64,PHN2ZyB3aWR0aD0iMSIgaGVpZ2h0PSIxIiB4bWxucz0iaHR0cDovL3d3dy53My5vcmcvMjAwMC9zdmciPjwvc3ZnPg==\" class=\"lazyload\" style=\"--smush-placeholder-width: 400px; --smush-placeholder-aspect-ratio: 400\/266;\" \/><\/a><\/div>\n<\/div>\n<div><\/div>\n<div style=\"text-align: justify;\"><strong>IMPOSICI\u00d3N DE ALAS<\/strong><\/div>\n<div style=\"text-align: justify;\"><\/div>\n<div style=\"text-align: justify;\">Las alas que el Se\u00f1or Presidente impuso ayer en la graduaci\u00f3n XXI de los cadetes de las FARD fueron:<\/div>\n<div style=\"text-align: justify;\"><\/div>\n<ul>\n<li style=\"text-align: justify;\">2 alas de piloto aviador<\/li>\n<li style=\"text-align: justify;\">10 medias alas de estudiantes de aviacion que concluyeron la primera fase (vuelo solo)<\/li>\n<li style=\"text-align: justify;\">12 Alas de paracaidistas.<\/li>\n<li style=\"text-align: justify;\">5 Alas de tecnicos de aviacion.<\/li>\n<\/ul>\n<p>En otra ceremonia en el \u00e1rea del casino para cadetes el Se\u00f1or Presidente coloc\u00f3 :<\/p>\n<ul>\n<li style=\"text-align: justify;\">3 alas de maestro piloto<\/li>\n<li style=\"text-align: justify;\">3 alas de se\u00f1or piloto<\/li>\n<\/ul>\n<div style=\"text-align: justify;\"><\/div>\n<div style=\"text-align: justify;\"><strong>RECONOCIMIENTOS<\/strong><\/div>\n<div style=\"text-align: justify;\"><\/div>\n<ul>\n<li style=\"text-align: justify;\">La cadete de 4to a\u00f1o Yolanda Santana Garc\u00eda, recibi\u00f3 el reconocimiento por \u201cAplicaci\u00f3n\u201d<\/li>\n<li style=\"text-align: justify;\">El cadete de 4to a\u00f1o Luis Jes\u00fas Dur\u00e1n Guzm\u00e1n, recibi\u00f3 \u201cBuena Conducta\u201d y \u201cConcepto del Deber\u201d<\/li>\n<li style=\"text-align: justify;\">El Cadete de 4to a\u00f1o Luis Jes\u00fas Dur\u00e1n Guzm\u00e1n, obtuvo el \u201cEsp\u00edritu Militar\u201d<\/li>\n<\/ul>\n<div style=\"text-align: justify;\"><\/div>\n<div style=\"text-align: justify;\">Por otra parte, el cadete de 4to a\u00f1o graduado de honor, Edgar Mois\u00e9s Alvayero Henr\u00edquez recibi\u00f3 obsequios por parte de distinguidas personalidades, entre los cuales est\u00e1n: el embajador de la Rep\u00fablica de El Salvador en nuestro pa\u00eds, el se\u00f1or Oscar Armando Toledo Soriano; la Lic. Aida Torrijos Herrera, Agregada Pol\u00edtica de la Embajada de Panam\u00e1 en nuestro pa\u00eds; y el Teniente Coronel Greg Johnson, Agregado de Defensa de la Embajada de los Estados Unidos de Am\u00e9rica, acompa\u00f1ado por el Mayor Jacob Mormon.<\/div>\n<\/div>\n<div><\/div>\n<div><\/div>\n<div>Fuente: Prensa FARD<\/div>\n","protected":false},"excerpt":{"rendered":"<p>Por Felix Rubio En una emotiva ceremonia, encabezada por el se\u00f1or Presidente Constitucional de la<\/p>\n","protected":false},"author":1,"featured_media":0,"comment_status":"open","ping_status":"open","sticky":false,"template":"","format":"standard","meta":{"footnotes":""},"categories":[7],"tags":[],"class_list":["post-2768","post","type-post","status-publish","format-standard","hentry","category-nacionales"],"_links":{"self":[{"href":"https:\/\/defrentealaverdad.com\/index.php\/wp-json\/wp\/v2\/posts\/2768","targetHints":{"allow":["GET"]}}],"collection":[{"href":"https:\/\/defrentealaverdad.com\/index.php\/wp-json\/wp\/v2\/posts"}],"about":[{"href":"https:\/\/defrentealaverdad.com\/index.php\/wp-json\/wp\/v2\/types\/post"}],"author":[{"embeddable":true,"href":"https:\/\/defrentealaverdad.com\/index.php\/wp-json\/wp\/v2\/users\/1"}],"replies":[{"embeddable":true,"href":"https:\/\/defrentealaverdad.com\/index.php\/wp-json\/wp\/v2\/comments?post=2768"}],"version-history":[{"count":4,"href":"https:\/\/defrentealaverdad.com\/index.php\/wp-json\/wp\/v2\/posts\/2768\/revisions"}],"predecessor-version":[{"id":2772,"href":"https:\/\/defrentealaverdad.com\/index.php\/wp-json\/wp\/v2\/posts\/2768\/revisions\/2772"}],"wp:attachment":[{"href":"https:\/\/defrentealaverdad.com\/index.php\/wp-json\/wp\/v2\/media?parent=2768"}],"wp:term":[{"taxonomy":"category","embeddable":true,"href":"https:\/\/defrentealaverdad.com\/index.php\/wp-json\/wp\/v2\/categories?post=2768"},{"taxonomy":"post_tag","embeddable":true,"href":"https:\/\/defrentealaverdad.com\/index.php\/wp-json\/wp\/v2\/tags?post=2768"}],"curies":[{"name":"wp","href":"https:\/\/api.w.org\/{rel}","templated":true}]}}