{"id":2749,"date":"2022-12-21T14:16:34","date_gmt":"2022-12-21T14:16:34","guid":{"rendered":"https:\/\/defrentealaverdad.com\/?p=2749"},"modified":"2022-12-21T14:19:18","modified_gmt":"2022-12-21T14:19:18","slug":"presidente-abinader-encabezo-graduacion-de-29-cadetes-de-la-fuerza-aerea-de-la-republica-dominicana","status":"publish","type":"post","link":"https:\/\/defrentealaverdad.com\/index.php\/2022\/12\/21\/presidente-abinader-encabezo-graduacion-de-29-cadetes-de-la-fuerza-aerea-de-la-republica-dominicana\/","title":{"rendered":"Presidente Abinader encabez\u00f3 graduaci\u00f3n de 29 cadetes de la Fuerza A\u00e9rea de la Rep\u00fablica Dominicana"},"content":{"rendered":"<p>Por Felix Rubio<\/p>\n<p style=\"text-align: justify;\"><a href=\"https:\/\/blogger.googleusercontent.com\/img\/b\/R29vZ2xl\/AVvXsEgG9AzypqI7q-5JzqaiWEVaaKCPL_FYESLZa3SrbLAwR5CSTFPUXLPQtdGV4Xi7KhVa-UHw4xoAU0klz6RjYRO_nlLDXEwIl4OzGbLSwIqytw49j9_-lufeMCfd8Y0hl-dedXL1GtfPwfY_xYJudEIqwN8GSAk5_RPjRRkJ-ZhC7lo4J9WYS-xeoXgr_A\/s1280\/ABINADER%20CON%20CADETES.jpg\"><img decoding=\"async\" data-src=\"https:\/\/blogger.googleusercontent.com\/img\/b\/R29vZ2xl\/AVvXsEgG9AzypqI7q-5JzqaiWEVaaKCPL_FYESLZa3SrbLAwR5CSTFPUXLPQtdGV4Xi7KhVa-UHw4xoAU0klz6RjYRO_nlLDXEwIl4OzGbLSwIqytw49j9_-lufeMCfd8Y0hl-dedXL1GtfPwfY_xYJudEIqwN8GSAk5_RPjRRkJ-ZhC7lo4J9WYS-xeoXgr_A\/s320\/ABINADER%20CON%20CADETES.jpg\" width=\"320\" height=\"213\" border=\"0\" data-original-height=\"852\" data-original-width=\"1280\" src=\"data:image\/svg+xml;base64,PHN2ZyB3aWR0aD0iMSIgaGVpZ2h0PSIxIiB4bWxucz0iaHR0cDovL3d3dy53My5vcmcvMjAwMC9zdmciPjwvc3ZnPg==\" class=\"lazyload\" style=\"--smush-placeholder-width: 320px; --smush-placeholder-aspect-ratio: 320\/213;\" \/><\/a><\/p>\n<div class=\"separator\" style=\"text-align: justify;\">Santo Domingo. &#8211; El Presidente Luis Abinader encabez\u00f3 este martes la graduaci\u00f3n de 29 cadetes de la Fuerza A\u00e9rea de Rep\u00fablica Dominicana, XXI promoci\u00f3n \u201cMayor general piloto Juan Nepomuseno Folch P\u00e9rez 2019 &#8211; 2022\u201d de la Academia A\u00e9rea \u00abGeneral de Brigada Piloto Frank A. Feliz Miranda\u00bb FARD.<\/div>\n<p style=\"text-align: justify;\">A su llegada, como autoridad suprema de las Fuerzas Armadas y la Polic\u00eda Nacional, recibi\u00f3 los honores militares de estilo de 21 salvas y la entonaci\u00f3n del Himno Nacional. La lectura de la orden del d\u00eda, estuvo a cargo del cadete de 4to. A\u00f1o Juan Carlos Mercado Arias, FARD. Posteriormente, tras el cambio de banderas se procedi\u00f3 a la entrada de los graduandos de la promoci\u00f3n.\u00a0 El presidente Luis Abinader tom\u00f3 el juramento de honor a los nuevos graduados e hizo entrega de los Sables de Mando a los oficiales.<\/p>\n<div class=\"separator\" style=\"text-align: justify;\"><a href=\"https:\/\/blogger.googleusercontent.com\/img\/b\/R29vZ2xl\/AVvXsEjJAyktQvWqJVx-Ui2B1_ZHCFA47raVVNyXLUFyVDHuUfrDDV1ZDWH2_6Bn_Pn_GwxceaOmfFzgbZdugI5cDp6gONvEgvxY-GX9QvkpQu68jamupDp6AUCCBKVj0SELD2Dtt0OZrlF88y1XpkTmbDHaXPvz0Tz1qyKx4cSv7SnMDsFG-2FuXznsSKE55w\/s1280\/CADETES%20CON%20ABINADER.jpg\"><img decoding=\"async\" data-src=\"https:\/\/blogger.googleusercontent.com\/img\/b\/R29vZ2xl\/AVvXsEjJAyktQvWqJVx-Ui2B1_ZHCFA47raVVNyXLUFyVDHuUfrDDV1ZDWH2_6Bn_Pn_GwxceaOmfFzgbZdugI5cDp6gONvEgvxY-GX9QvkpQu68jamupDp6AUCCBKVj0SELD2Dtt0OZrlF88y1XpkTmbDHaXPvz0Tz1qyKx4cSv7SnMDsFG-2FuXznsSKE55w\/s320\/CADETES%20CON%20ABINADER.jpg\" width=\"320\" height=\"213\" border=\"0\" data-original-height=\"852\" data-original-width=\"1280\" src=\"data:image\/svg+xml;base64,PHN2ZyB3aWR0aD0iMSIgaGVpZ2h0PSIxIiB4bWxucz0iaHR0cDovL3d3dy53My5vcmcvMjAwMC9zdmciPjwvc3ZnPg==\" class=\"lazyload\" style=\"--smush-placeholder-width: 320px; --smush-placeholder-aspect-ratio: 320\/213;\" \/><\/a><\/div>\n<p style=\"text-align: justify;\">La graduaci\u00f3n de los 29 cadetes en Ciencias Aeron\u00e1uticas (26 hombres y 3 mujeres, dentro de ellos 3 extranjeros de las naciones hermanas de Honduras, Panam\u00e1 y El Salvador), inici\u00f3 con la rendici\u00f3n de los honores militares correspondientes al Jefe de Estado, seguido, de la solicitud de permiso a cargo del coronel piloto, Rafael Emilio Ferreras S\u00e1nchez, FARD, director de la Academia A\u00e9rea \u00abGeneral de Brigada Piloto Frank A. Feliz Miranda\u00bb, FARD.<\/p>\n<p style=\"text-align: justify;\">Ferreras S\u00e1nchez, destac\u00f3 que este momento refleja la feliz culminaci\u00f3n de un arduo proceso formativo, trazando al mismo tiempo el punto de partida de sus carreras militares como oficiales de la Fuerza A\u00e9rea de Rep\u00fablica Dominicana y de igual forma extendi\u00f3 una felicitaci\u00f3n a los cadetes de El Salvador, Honduras y Panam\u00e1 y dijo, que \u201cha sido un honor acogerlos y formarlos\u201d.<\/p>\n<p style=\"text-align: justify;\">Comunic\u00f3 que el riguroso proceso de formaci\u00f3n de 4 a\u00f1os que hoy concluye ha permitido el entrenamiento de nuevos especialistas en las \u00e1reas de piloto aviador, paracaidismo y t\u00e9cnicos de aviaci\u00f3n. Los nuevos oficiales, expuso, se grad\u00faan de una licenciatura en Ciencias Aeron\u00e1uticas, titulaci\u00f3n otorgada por el INSUDE y acreditada por el Ministerio de Educaci\u00f3n Superior, Ciencia y Tecnolog\u00eda.<\/p>\n<p style=\"text-align: justify;\">Felicit\u00f3 a los graduandos y a sus familiares por la permanencia en la instituci\u00f3n castrense y asumir el duro reto de finalizar sus estudios.<\/p>\n<p style=\"text-align: justify;\">El director de la Academia A\u00e9rea \u00abGeneral de Brigada Piloto Frank A. Feliz Miranda\u00bb, FARD,\u00a0 \u00a0 \u00a0agradeci\u00f3 la presencia del Presidente Luis Abinader en la solemne ceremonia.<\/p>\n<p style=\"text-align: justify;\"><strong>Reconocimientos<\/strong><\/p>\n<p style=\"text-align: justify;\">Durante el acto, fueron reconocidos con placas de honor a Yolanda Santana Garc\u00eda, graduada distinguida, entregada por el comandante de la FARD, el mayor general T\u00e9cnico en Aviaci\u00f3n, Carlos Ram\u00f3n Febrillet Rodr\u00edguez. Mientras, que el ministro de Defensa, teniente general Carlos Luciano D\u00edaz Morfa, entreg\u00f3 un reconocimiento como graduando de honor a Edgar Mois\u00e9s Alvayero Henr\u00edquez, Cadete de 4to a\u00f1o, FARD.<\/p>\n<p style=\"text-align: justify;\">El viceministro de Defensa para Asuntos A\u00e9reos y Espaciales, mayor general Piloto, FARD, Leonel Am\u00edlcar Mu\u00f1oz Noboa entreg\u00f3 una placa de honor a Santana Garc\u00eda, Cadete de 4to a\u00f1o, reconocida en Aplicaci\u00f3n; el Cadete de 4to a\u00f1o, FARD, Luis Jes\u00fas Dur\u00e1n Guzm\u00e1n, distinguido por su Buena Conducta y Concepto del Deber y el Cadete de 4to a\u00f1o de FARD, El\u00edas Vladimir Ventura Garc\u00eda, distinguido por el Esp\u00edritu Militar.<\/p>\n<p style=\"text-align: justify;\">La bendici\u00f3n de la ceremonia estuvo a cargo del monse\u00f1or Francisco Ozoria Acosta, arzobispo Metropolitano de Santo Domingo.<\/p>\n<p style=\"text-align: justify;\"><a href=\"https:\/\/blogger.googleusercontent.com\/img\/b\/R29vZ2xl\/AVvXsEjMG8-n0IYgt-1lPYko1avGZQYinnTSHsRN84quZL-lEHq4YjqZ7KRX_m5LfVTwuyzFYRmGr0ohBv_cxhu2SZLO0-S50qpdOwSnDBqrluweYZ9_uNXFPFyQ-p9m2kd5DH8pN9rvwF1h1WsV4jSj8urWYkQPxJtAh7zpxz0KjB53LA94iXk4_vd_YcVTmw\/s1280\/GRADUACION%20DE%20CADETES%20POR%20ABINADER.jpg\"><img decoding=\"async\" data-src=\"https:\/\/blogger.googleusercontent.com\/img\/b\/R29vZ2xl\/AVvXsEjMG8-n0IYgt-1lPYko1avGZQYinnTSHsRN84quZL-lEHq4YjqZ7KRX_m5LfVTwuyzFYRmGr0ohBv_cxhu2SZLO0-S50qpdOwSnDBqrluweYZ9_uNXFPFyQ-p9m2kd5DH8pN9rvwF1h1WsV4jSj8urWYkQPxJtAh7zpxz0KjB53LA94iXk4_vd_YcVTmw\/s320\/GRADUACION%20DE%20CADETES%20POR%20ABINADER.jpg\" width=\"320\" height=\"213\" border=\"0\" data-original-height=\"852\" data-original-width=\"1280\" src=\"data:image\/svg+xml;base64,PHN2ZyB3aWR0aD0iMSIgaGVpZ2h0PSIxIiB4bWxucz0iaHR0cDovL3d3dy53My5vcmcvMjAwMC9zdmciPjwvc3ZnPg==\" class=\"lazyload\" style=\"--smush-placeholder-width: 320px; --smush-placeholder-aspect-ratio: 320\/213;\" \/><\/a><\/p>\n<p style=\"text-align: justify;\"><strong>Presidente Abinader entrega anillos<\/strong><\/p>\n<p style=\"text-align: justify;\">El presidente Luis Abinader entreg\u00f3 los anillos a cada uno de los oficiales graduados y procedi\u00f3 de inmediato a la colocaci\u00f3n de las alas correspondientes a su especialidad a los oficiales graduados. Posteriormente, hizo entrega de los Sables de Mando como autoridad suprema de las Fuerzas Armadas y la Polic\u00eda Nacional.<\/p>\n<p style=\"text-align: justify;\">El jefe de Estado recibi\u00f3 por parte de los oficiales de la Fuerza A\u00e9rea de Rep\u00fablica Dominicana, un acto de manual de armas en silencio en su honor.<\/p>\n<p style=\"text-align: justify;\">Asistieron al evento, el ministro de Educaci\u00f3n Superior, Ciencias y Tecnolog\u00edas, Franklin Garc\u00eda Ferm\u00edn; el director general de la Polic\u00eda Nacional, mayor general P.N, Eduardo Alberto Then y el presidente de la Direcci\u00f3n Nacional de Control de Drogas (DNCD), vicealmirante Jos\u00e9 M. Cabrera Ulloa.<\/p>\n<p style=\"text-align: justify;\">Tambi\u00e9n, los viceministros, de Defensa para Asuntos Navales y Costeros,\u00a0 vicealmirante, ARD, Ram\u00f3n Gustavo Betances Hern\u00e1ndez; de Defensa para Asuntos Militares, mayor general, ERD, Julio Ernesto Flori\u00e1n P\u00e9rez; el Asesor Militar, Naval y A\u00e9reo del Poder Ejecutivo, mayor general Piloto, FARD, Juan Manuel Jim\u00e9nez y el Inspector General de las Fuerzas Armadas, mayor general, ERD, Miguel Rubio B\u00e1ez.<\/p>\n<p style=\"text-align: justify;\">De igual forma, la presidenta de la Asociaci\u00f3n de Esposas de Oficiales, FARD, Menc\u00eda Ortiz de Febrillet; el director de la Academia A\u00e9rea \u00abGBPFAFM\u00bb FARD, coronel Piloto, Rafael E. Ferreras S\u00e1nchez; el comandante general ERD, el mayor general, Carlos Antonio Fern\u00e1ndez Onofre; el comandante general de ARD, vicealmirante, Francisco Antonio Sosa Castillo y el rector del INSUDE, general de Brigada ERD, Francisco Antonio Ovalle Pichardo.<\/p>\n<p>&nbsp;<\/p>\n<p>Fuente: Comunicaciones FARD<\/p>\n","protected":false},"excerpt":{"rendered":"<p>Por Felix Rubio Santo Domingo. &#8211; El Presidente Luis Abinader encabez\u00f3 este martes la graduaci\u00f3n<\/p>\n","protected":false},"author":1,"featured_media":0,"comment_status":"open","ping_status":"open","sticky":false,"template":"","format":"standard","meta":{"footnotes":""},"categories":[7],"tags":[],"class_list":["post-2749","post","type-post","status-publish","format-standard","hentry","category-nacionales"],"_links":{"self":[{"href":"https:\/\/defrentealaverdad.com\/index.php\/wp-json\/wp\/v2\/posts\/2749","targetHints":{"allow":["GET"]}}],"collection":[{"href":"https:\/\/defrentealaverdad.com\/index.php\/wp-json\/wp\/v2\/posts"}],"about":[{"href":"https:\/\/defrentealaverdad.com\/index.php\/wp-json\/wp\/v2\/types\/post"}],"author":[{"embeddable":true,"href":"https:\/\/defrentealaverdad.com\/index.php\/wp-json\/wp\/v2\/users\/1"}],"replies":[{"embeddable":true,"href":"https:\/\/defrentealaverdad.com\/index.php\/wp-json\/wp\/v2\/comments?post=2749"}],"version-history":[{"count":2,"href":"https:\/\/defrentealaverdad.com\/index.php\/wp-json\/wp\/v2\/posts\/2749\/revisions"}],"predecessor-version":[{"id":2751,"href":"https:\/\/defrentealaverdad.com\/index.php\/wp-json\/wp\/v2\/posts\/2749\/revisions\/2751"}],"wp:attachment":[{"href":"https:\/\/defrentealaverdad.com\/index.php\/wp-json\/wp\/v2\/media?parent=2749"}],"wp:term":[{"taxonomy":"category","embeddable":true,"href":"https:\/\/defrentealaverdad.com\/index.php\/wp-json\/wp\/v2\/categories?post=2749"},{"taxonomy":"post_tag","embeddable":true,"href":"https:\/\/defrentealaverdad.com\/index.php\/wp-json\/wp\/v2\/tags?post=2749"}],"curies":[{"name":"wp","href":"https:\/\/api.w.org\/{rel}","templated":true}]}}