{"id":2736,"date":"2022-12-21T14:02:40","date_gmt":"2022-12-21T14:02:40","guid":{"rendered":"https:\/\/defrentealaverdad.com\/?p=2736"},"modified":"2022-12-21T14:03:06","modified_gmt":"2022-12-21T14:03:06","slug":"mexico-retirara-a-su-embajador-del-peru-para-resguardar-su-seguridad-e-integridad-fisica","status":"publish","type":"post","link":"https:\/\/defrentealaverdad.com\/index.php\/2022\/12\/21\/mexico-retirara-a-su-embajador-del-peru-para-resguardar-su-seguridad-e-integridad-fisica\/","title":{"rendered":"M\u00e9xico retirar\u00e1 a su embajador del Per\u00fa para \u00abresguardar su seguridad e integridad f\u00edsica\u00bb"},"content":{"rendered":"<h3 style=\"text-align: justify;\"><em>El gobierno de M\u00e9xico se pronunci\u00f3 luego que el\u00a0gobierno de Dina Boluarte expulsara al embajador Pablo Monroy\u00a0y d\u00e1ndole un plazo de 72 horas para abandonar el pa\u00eds. Tambi\u00e9n aseguran que su representaci\u00f3n en el Per\u00fa seguir\u00e1 operando con normalidad.\u00a0<\/em><\/h3>\n<p><img decoding=\"async\" class=\"aligncenter lazyload\" data-src=\"https:\/\/e.rpp-noticias.io\/normal\/2022\/12\/20\/253125_1364725.jpg\" alt=\"M\u00e9xico retirar\u00e1 a su embajador del Per\u00fa para \" src=\"data:image\/svg+xml;base64,PHN2ZyB3aWR0aD0iMSIgaGVpZ2h0PSIxIiB4bWxucz0iaHR0cDovL3d3dy53My5vcmcvMjAwMC9zdmciPjwvc3ZnPg==\" \/><\/p>\n<p>&nbsp;<\/p>\n<p style=\"text-align: justify;\">El\u00a0<strong>gobierno de M\u00e9xico<\/strong>\u00a0orden\u00f3 a su embajador en el Per\u00fa, Pablo Monroy Conesa, volver a su pa\u00eds luego de que\u00a0la Canciller\u00eda\u00a0lo declarara persona no grata y adem\u00e1s le diera 72 horas para abandonar al pa\u00eds.<\/p>\n<p style=\"text-align: justify;\">\u00abLa Secretar\u00eda de Relaciones Exteriores ha instruido al embajador Pablo Monroy Conesa regresar a M\u00e9xico con el fin de resguardar su seguridad e integridad f\u00edsica.\u00a0La Embajada de M\u00e9xico en Per\u00fa quedar\u00e1 a cargo de la primera secretaria Karla Tatiana Ornelas Loera, actual jefa de Canciller\u00eda de la Misi\u00f3n.\u00a0Nuestra Representaci\u00f3n continuar\u00e1 operando con normalidad tras este movimiento\u00bb, se lee en un comunicado.<\/p>\n<p style=\"text-align: justify;\">El gobierno de\u00a0<strong>Andr\u00e9s Manuel L\u00f3pez Obrador<\/strong>\u00a0recalc\u00f3 que mantendr\u00e1n el di\u00e1logo con las autoridades peruanas pese a lo sucedido con su embajador.<\/p>\n<p style=\"text-align: justify;\">\u00abM\u00e9xico cree firmemente en el di\u00e1logo y seguir\u00e1 manteniendo los canales de comunicaci\u00f3n abiertos con todos los interlocutores,\u00a0especialmente para atender las necesidades de los mexicanos avecindados en el Per\u00fa\u00bb, agrega el documento.<\/p>\n<h3 style=\"text-align: justify;\">Expulsan a embajador mexicano<\/h3>\n<p style=\"text-align: justify;\">La ministra de Relaciones Exteriores, Ana Cecilia Gervasi, anunci\u00f3 este martes que\u00a0se declar\u00f3 persona no grata al embajador de M\u00e9xico en Per\u00fa, Pablo Monroy, y se la da 72 horas para abandonar el pa\u00eds.\u00a0Esto debido a las expresiones que tanto el mandatario mexicano como sus funcionarios han emitido sobre la situaci\u00f3n en nuestro pa\u00eds.<\/p>\n<p style=\"text-align: justify;\">\u00abEl Gobierno ha declarado persona non grata al embajador de M\u00e9xico en el Per\u00fa, Pablo Monroy Conesa, por las reiteradas expresiones de las m\u00e1s altas autoridades de ese pa\u00eds sobre la situaci\u00f3n pol\u00edtica en el Per\u00fa que constituyen injerencia en nuestros asuntos internos y que por lo tanto son violatorias del principio de no intervenci\u00f3n\u00bb, inform\u00f3 la canciller en un breve mensaje a los medios de comunicaci\u00f3n.<\/p>\n<p style=\"text-align: justify;\">Gervasi manifest\u00f3 que al gobierno de M\u00e9xico tambi\u00e9n se le ha informado del\u00a0<strong>salvoconducto para la esposa del presidente Pedro Castillo y sus hijos<\/strong>\u00a0recalcando que no hubo ninguna persecuci\u00f3n pol\u00edtica en su contra.<\/p>\n<p style=\"text-align: justify;\">\u00abEl gobierno mexicano ha sido informado por esta Canciller\u00eda que Lilia Paredes se encuentra comprendida en una investigaci\u00f3n preparatoria como coautora del delito de organizaci\u00f3n criminal. El gobierno reitera de manera enf\u00e1tica que no existe persecusi\u00f3n pol\u00edtica y que impera el Estado de Derecho, la separaci\u00f3n de poderes y el respeto de las garant\u00edas de administraci\u00f3n de justicia, incluido el debido proceso\u00bb, a\u00f1adi\u00f3 la funcionaria.<\/p>\n<h3 style=\"text-align: justify;\">Familia de Castillo en la embajada de M\u00e9xico<\/h3>\n<p style=\"text-align: justify;\">El canciller de M\u00e9xico, Marcelo Ebrard,\u00a0confirm\u00f3 que la familia del detenido expresidente Pedro Castillo se encuentra al interior de la embajada mexicana\u00a0en Per\u00fa, ubicada en el distrito lime\u00f1o de San Isidro, tras recibir el asilo pol\u00edtico.<\/p>\n<p style=\"text-align: justify;\">\u201cEl asilo ya se les concedi\u00f3 [a la familia de Pedro Castillo] porque est\u00e1n en territorio mexicano, es decir, est\u00e1n en nuestra embajada. Y cuando est\u00e1n en la embajada, les concedes el asilo. Es una decisi\u00f3n independiente y soberana de M\u00e9xico\u201d, respondi\u00f3 a los medios de comunicaci\u00f3n locales.<\/p>\n<p style=\"text-align: justify;\">\n<p style=\"text-align: justify;\">Fuente: RPE Noticias Per\u00fa<\/p>\n<div id=\"Rpp_mundo_mexico_Nota_Interna2\" class=\"ads ad-body x-ads rendered show\" data-interna=\"true\" data-msize=\"[[300, 250], [320, 460], [320, 480], [320, 50], [300, 100], [320, 100], [380, 100]]\" data-size=\"[[300, 250], [320, 460], [320, 480], [320, 50], [300, 100], [320, 100], [635, 90]]\" data-google-query-id=\"COH0nubvivwCFfATigMdajIJXA\"><\/div>\n","protected":false},"excerpt":{"rendered":"<p>El gobierno de M\u00e9xico se pronunci\u00f3 luego que el\u00a0gobierno de Dina Boluarte expulsara al embajador<\/p>\n","protected":false},"author":1,"featured_media":0,"comment_status":"open","ping_status":"open","sticky":false,"template":"","format":"standard","meta":{"footnotes":""},"categories":[16],"tags":[],"class_list":["post-2736","post","type-post","status-publish","format-standard","hentry","category-internacionales"],"_links":{"self":[{"href":"https:\/\/defrentealaverdad.com\/index.php\/wp-json\/wp\/v2\/posts\/2736","targetHints":{"allow":["GET"]}}],"collection":[{"href":"https:\/\/defrentealaverdad.com\/index.php\/wp-json\/wp\/v2\/posts"}],"about":[{"href":"https:\/\/defrentealaverdad.com\/index.php\/wp-json\/wp\/v2\/types\/post"}],"author":[{"embeddable":true,"href":"https:\/\/defrentealaverdad.com\/index.php\/wp-json\/wp\/v2\/users\/1"}],"replies":[{"embeddable":true,"href":"https:\/\/defrentealaverdad.com\/index.php\/wp-json\/wp\/v2\/comments?post=2736"}],"version-history":[{"count":2,"href":"https:\/\/defrentealaverdad.com\/index.php\/wp-json\/wp\/v2\/posts\/2736\/revisions"}],"predecessor-version":[{"id":2738,"href":"https:\/\/defrentealaverdad.com\/index.php\/wp-json\/wp\/v2\/posts\/2736\/revisions\/2738"}],"wp:attachment":[{"href":"https:\/\/defrentealaverdad.com\/index.php\/wp-json\/wp\/v2\/media?parent=2736"}],"wp:term":[{"taxonomy":"category","embeddable":true,"href":"https:\/\/defrentealaverdad.com\/index.php\/wp-json\/wp\/v2\/categories?post=2736"},{"taxonomy":"post_tag","embeddable":true,"href":"https:\/\/defrentealaverdad.com\/index.php\/wp-json\/wp\/v2\/tags?post=2736"}],"curies":[{"name":"wp","href":"https:\/\/api.w.org\/{rel}","templated":true}]}}