{"id":2652,"date":"2022-12-19T14:41:33","date_gmt":"2022-12-19T14:41:33","guid":{"rendered":"https:\/\/defrentealaverdad.com\/?p=2652"},"modified":"2022-12-19T14:41:33","modified_gmt":"2022-12-19T14:41:33","slug":"muere-el-neurocirujano-jose-sillie","status":"publish","type":"post","link":"https:\/\/defrentealaverdad.com\/index.php\/2022\/12\/19\/muere-el-neurocirujano-jose-sillie\/","title":{"rendered":"Muere el neurocirujano Jos\u00e9 Silli\u00e9"},"content":{"rendered":"<p style=\"text-align: justify;\">Fue confirmada este domingo\u00a0<strong>la muerte del reconocido neur\u00f3logo Jos\u00e9 Silie Ruiz,<\/strong>\u00a0luego de estar ingresado en el Centro de Diagn\u00f3stico y Medicina Avanzada y Telemedicina (Cedimat).<\/p>\n<p style=\"text-align: justify;\"><a href=\"https:\/\/listindiario.com\/la-republica\/2022\/12\/18\/753924\/reconocido-neurologo-jose-silie-se-encuentra-en-delicado-de-salud\" target=\"_blank\" rel=\"noopener\"><strong>Jos\u00e9 Silie<\/strong><\/a>\u00a0muri\u00f3 a consecuencia de una neumon\u00eda que le afectaba.<\/p>\n<p><img decoding=\"async\" class=\"aligncenter lazyload\" data-src=\"https:\/\/images2.listindiario.com\/n\/content\/754\/753928\/p\/680x460\/202212181748471.jpeg\" alt=\"Muere Jos\u00e9 Sili\u00e9 por complicaciones de salud\" src=\"data:image\/svg+xml;base64,PHN2ZyB3aWR0aD0iMSIgaGVpZ2h0PSIxIiB4bWxucz0iaHR0cDovL3d3dy53My5vcmcvMjAwMC9zdmciPjwvc3ZnPg==\" \/><\/p>\n<p style=\"text-align: justify;\">El doctor fue ingresado al centro de salud luego de presentar s\u00edntomas parecidos a los de la gripe, los cuales resultaron ser una neumon\u00eda.<\/p>\n<p style=\"text-align: justify;\">Se recuerda que el reconocido galeno antes de ser atendido en Cedimat, hab\u00eda sido internado por\u00a0<strong>padecimiento de Covid 19\u00a0<\/strong>en la cl\u00ednica Corazones Unidos. Sili\u00e9 Ruiz tambi\u00e9n se encontraba\u00a0 batallando contra un c\u00e1ncer desde hace tiempo.<\/p>\n<h2 style=\"text-align: justify;\"><strong>Formaci\u00f3n y labores<\/strong><\/h2>\n<p style=\"text-align: justify;\">Sili\u00e9 Ruiz era egresado de la del Instituto de Neurolog\u00eda de Londres y fue galardonado con el Premio Nacional de Medicina 2019, por la Academia de Ciencias de Rep\u00fablica Dominicana.<\/p>\n<p style=\"text-align: justify;\">Antes del momento de su deceso, el galeno realizaba\u00a0<strong>labores en el Centro de Otorrinolaringolog\u00eda\u00a0<\/strong>y en la Cl\u00ednica Corazones Unidos.<\/p>\n<p style=\"text-align: justify;\">El doctor tambi\u00e9n fue presidente de la Sociedad Dominicana de Neurolog\u00eda y Neurocirug\u00eda.<\/p>\n<p style=\"text-align: justify;\">Escribi\u00f3 varias obras m\u00e9dico-cient\u00edficas, entre ellas \u201c<a href=\"https:\/\/listindiario.com\/las-sociales\/2018\/09\/26\/534716\/jose-silie-ruiz-pone-en-circulacion-obra-sobre-alzheimer-y-demencias\" target=\"_blank\" rel=\"noopener\"><strong>Alzheimer y Demencia<\/strong>s<\/a>: Enfoque Actual\u201d y \u201cSu Cerebro y Usted\u2019.<\/p>\n<p style=\"text-align: justify;\">Sili\u00e9 Ruiz fue adem\u00e1s Asesor de la Asociaci\u00f3n Dominicana de Alzheimer y delegado Nacional de la Sociedad Mundial de Parkinson y Movimientos Anormales. Como tambi\u00e9n era miembro de la Sociedad Real de Salud de Inglaterra<\/p>\n<p style=\"text-align: justify;\">Se mantuvo activo hasta el \u00faltimo de sus d\u00edas escribiendo\u00a0 para una columna sabatina publicada en el peri\u00f3dico de circulaci\u00f3n nacional Hoy.<\/p>\n<p style=\"text-align: justify;\">Durante su larga trayectoria en el mundo de la medicina logr\u00f3 obtener varios reconocimientos.<\/p>\n<h2 style=\"text-align: justify;\"><strong>Reconocimientos<\/strong><\/h2>\n<p style=\"text-align: justify;\">El egresado del Instituto de Neurolog\u00eda de Londres, le fue otorgado por la propia academia el t\u00edtulo de Miembro Investigador (Fellow investigator), posici\u00f3n de investigaci\u00f3n en una Universidad o instituci\u00f3n similar.<\/p>\n<p style=\"text-align: justify;\">Tambi\u00e9n obtuvo el reconocimiento de\u00a0<strong>\u201cMaestro de la Medicina Dominicana\u201d\u00a0<\/strong>un lauro otorgado por el Colegio M\u00e9dico Dominicano.<\/p>\n<p style=\"text-align: justify;\">A los anteriores se le suman la distinci\u00f3n de \u201cProfesor Merit\u00edsimo\u201d por la Universidad Interamericana.<\/p>\n<p style=\"text-align: justify;\">El reconocido especialista disfrutaba de la m\u00fasica, la escritura y la fotograf\u00eda.<\/p>\n<p style=\"text-align: justify;\">A Silie Ruiz le sobreviven sus hijos\u00a0<strong>Carolina Elizabeth,\u00a0<\/strong>Omar Jos\u00e9 y Melissa Ingrid Sili\u00e9, los cuales procre\u00f3 con su esposa Ingrid Elizabeth Ruiz.<\/p>\n<p style=\"text-align: justify;\">\n<p style=\"text-align: justify;\">Fuente: Listin Diario<\/p>\n","protected":false},"excerpt":{"rendered":"<p>Fue confirmada este domingo\u00a0la muerte del reconocido neur\u00f3logo Jos\u00e9 Silie Ruiz,\u00a0luego de estar ingresado en<\/p>\n","protected":false},"author":1,"featured_media":0,"comment_status":"open","ping_status":"open","sticky":false,"template":"","format":"standard","meta":{"footnotes":""},"categories":[7,221],"tags":[],"class_list":["post-2652","post","type-post","status-publish","format-standard","hentry","category-nacionales","category-salud"],"_links":{"self":[{"href":"https:\/\/defrentealaverdad.com\/index.php\/wp-json\/wp\/v2\/posts\/2652","targetHints":{"allow":["GET"]}}],"collection":[{"href":"https:\/\/defrentealaverdad.com\/index.php\/wp-json\/wp\/v2\/posts"}],"about":[{"href":"https:\/\/defrentealaverdad.com\/index.php\/wp-json\/wp\/v2\/types\/post"}],"author":[{"embeddable":true,"href":"https:\/\/defrentealaverdad.com\/index.php\/wp-json\/wp\/v2\/users\/1"}],"replies":[{"embeddable":true,"href":"https:\/\/defrentealaverdad.com\/index.php\/wp-json\/wp\/v2\/comments?post=2652"}],"version-history":[{"count":1,"href":"https:\/\/defrentealaverdad.com\/index.php\/wp-json\/wp\/v2\/posts\/2652\/revisions"}],"predecessor-version":[{"id":2653,"href":"https:\/\/defrentealaverdad.com\/index.php\/wp-json\/wp\/v2\/posts\/2652\/revisions\/2653"}],"wp:attachment":[{"href":"https:\/\/defrentealaverdad.com\/index.php\/wp-json\/wp\/v2\/media?parent=2652"}],"wp:term":[{"taxonomy":"category","embeddable":true,"href":"https:\/\/defrentealaverdad.com\/index.php\/wp-json\/wp\/v2\/categories?post=2652"},{"taxonomy":"post_tag","embeddable":true,"href":"https:\/\/defrentealaverdad.com\/index.php\/wp-json\/wp\/v2\/tags?post=2652"}],"curies":[{"name":"wp","href":"https:\/\/api.w.org\/{rel}","templated":true}]}}