{"id":2590,"date":"2022-12-15T19:42:22","date_gmt":"2022-12-15T19:42:22","guid":{"rendered":"https:\/\/defrentealaverdad.com\/?p=2590"},"modified":"2022-12-15T19:42:22","modified_gmt":"2022-12-15T19:42:22","slug":"ozuna-cantara-en-la-clausura-de-la-copa-del-mundo-qatar-2022","status":"publish","type":"post","link":"https:\/\/defrentealaverdad.com\/index.php\/2022\/12\/15\/ozuna-cantara-en-la-clausura-de-la-copa-del-mundo-qatar-2022\/","title":{"rendered":"Ozuna cantar\u00e1 en la clausura de la Copa del Mundo Qatar 2022"},"content":{"rendered":"<p><img decoding=\"async\" data-src=\"https:\/\/idmphsmkuxkn.compat.objectstorage.us-ashburn-1.oraclecloud.com\/cdn-bucket\/uploads\/2022\/12\/Ozuna.jpg\" alt=\"Ozuna cantar\u00e1 en la clausura de la Copa del Mundo Qatar 2022\" src=\"data:image\/svg+xml;base64,PHN2ZyB3aWR0aD0iMSIgaGVpZ2h0PSIxIiB4bWxucz0iaHR0cDovL3d3dy53My5vcmcvMjAwMC9zdmciPjwvc3ZnPg==\" class=\"lazyload\" \/><\/p>\n<p style=\"text-align: justify;\">El cantante boricua\u00a0Ozuna\u00a0actuar\u00e1 el domingo en la Gala Clausura de la\u00a0Copa de Qatar, d\u00eda en el que se enfrenten las selecciones de\u00a0Argentina\u00a0y\u00a0Francia<strong>\u00a0<\/strong>para definir al campe\u00f3n del Mundial. La noticia fue confirmada este jueves por\u00a0<a href=\"https:\/\/www.latimes.com\/espanol\/entretenimiento\/articulo\/2022-12-15\/ozuna-cantara-en-la-final-de-la-copa-del-mundo-qatar-2022\">medios internacionales<\/a>.<\/p>\n<p style=\"text-align: justify;\">El representante del g\u00e9nero ya est\u00e1 en\u00a0Doha, ciudad del pa\u00eds donde se celebra el evento, y tendr\u00e1 su presentaci\u00f3n el pr\u00f3ximo 18 de diciembre en el\u00a0Estadio Lusail. La confirmaci\u00f3n lleg\u00f3 de parte de la agencia que maneja al m\u00fasico y en ese comunicado aseguraron que la\u00a0FIFA\u00a0confirm\u00f3 hoy oficialmente la participaci\u00f3n del cantautor puertorrique\u00f1o en el multitudinario evento.<\/p>\n<div id=\"\" class=\"mmc_ads \" style=\"text-align: justify;\"><\/div>\n<p style=\"text-align: justify;\">La noticia se conoci\u00f3 unas horas despu\u00e9s que el\u00a0<em>Negrito de ojos claros<\/em>, como se conoce al reguetonero, se colara nuevamente en la posici\u00f3n #1 del listado Latin Airplay de la lista\u00a0<em>Billboard<\/em>\u00a0con el tema\u00a0<em>Arhbo<\/em>. El sencillo, en colaboraci\u00f3n con el rapero congole\u00f1o-frances<strong>\u00a0<\/strong>Gims\u00a0y producido por\u00a0RedOne, forma parte de la banda sonora de la Copa Mundial FIFA Catar 2022.<\/p>\n<p style=\"text-align: justify;\">El video musical que acompa\u00f1a\u00a0<em>Arhbo\u00a0<\/em>cuenta actualmente con m\u00e1s de 62 millones de visualizaciones en la plataforma de videos\u00a0<em>YouTube<\/em>, y el nombre del tema en qatar\u00ed significa bienvenido.<\/p>\n<h2 id=\"h-ozuna-como-shakira\" style=\"text-align: justify;\">Ozuna\u2026como Shakira<\/h2>\n<p style=\"text-align: justify;\">Ozuna, ganador de dos\u00a0<em>Latin Grammy<\/em>, tambi\u00e9n ocupa la segunda posici\u00f3n en el listado de Billboard con su \u00e9xito\u00a0<em>Monoton\u00eda<\/em>, que canta junto a la colombiana\u00a0Shakira, y que estuvo en la cima durante dos semanas.<\/p>\n<p>Monoton\u00eda tambi\u00e9n se estableci\u00f3 como el debut musical en espa\u00f1ol m\u00e1s grande en\u00a0<em>YouTube<\/em>\u00a0del 2022 y ocup\u00f3 el puesto #1 en el listado Tropical Airplay de<em>\u00a0Billboard\u00a0<\/em>por tercera semana consecutiva en m\u00e1s de dos ocasiones, luego de su estreno.<\/p>\n<p>La final del Mundial de futbol estar\u00e1 enfrentando a las selecciones de Argentina y Francia, luego que la Albiceleste derrot\u00f3 en semifinales a su similar de\u00a0Croacia\u00a0en un partido que se defini\u00f3 3-0, mientras que la escuadra francesa venci\u00f3 2-0 a\u00a0Marruecos.<\/p>\n<p>&nbsp;<\/p>\n<p>Fuente: CDN<\/p>\n","protected":false},"excerpt":{"rendered":"<p>El cantante boricua\u00a0Ozuna\u00a0actuar\u00e1 el domingo en la Gala Clausura de la\u00a0Copa de Qatar, d\u00eda en<\/p>\n","protected":false},"author":1,"featured_media":0,"comment_status":"open","ping_status":"open","sticky":false,"template":"","format":"standard","meta":{"footnotes":""},"categories":[16],"tags":[],"class_list":["post-2590","post","type-post","status-publish","format-standard","hentry","category-internacionales"],"_links":{"self":[{"href":"https:\/\/defrentealaverdad.com\/index.php\/wp-json\/wp\/v2\/posts\/2590","targetHints":{"allow":["GET"]}}],"collection":[{"href":"https:\/\/defrentealaverdad.com\/index.php\/wp-json\/wp\/v2\/posts"}],"about":[{"href":"https:\/\/defrentealaverdad.com\/index.php\/wp-json\/wp\/v2\/types\/post"}],"author":[{"embeddable":true,"href":"https:\/\/defrentealaverdad.com\/index.php\/wp-json\/wp\/v2\/users\/1"}],"replies":[{"embeddable":true,"href":"https:\/\/defrentealaverdad.com\/index.php\/wp-json\/wp\/v2\/comments?post=2590"}],"version-history":[{"count":1,"href":"https:\/\/defrentealaverdad.com\/index.php\/wp-json\/wp\/v2\/posts\/2590\/revisions"}],"predecessor-version":[{"id":2591,"href":"https:\/\/defrentealaverdad.com\/index.php\/wp-json\/wp\/v2\/posts\/2590\/revisions\/2591"}],"wp:attachment":[{"href":"https:\/\/defrentealaverdad.com\/index.php\/wp-json\/wp\/v2\/media?parent=2590"}],"wp:term":[{"taxonomy":"category","embeddable":true,"href":"https:\/\/defrentealaverdad.com\/index.php\/wp-json\/wp\/v2\/categories?post=2590"},{"taxonomy":"post_tag","embeddable":true,"href":"https:\/\/defrentealaverdad.com\/index.php\/wp-json\/wp\/v2\/tags?post=2590"}],"curies":[{"name":"wp","href":"https:\/\/api.w.org\/{rel}","templated":true}]}}