{"id":2562,"date":"2022-12-15T15:14:56","date_gmt":"2022-12-15T15:14:56","guid":{"rendered":"https:\/\/defrentealaverdad.com\/?p=2562"},"modified":"2024-11-19T19:36:48","modified_gmt":"2024-11-19T19:36:48","slug":"el-minerd-y-el-ministerio-de-defensa-acuerdan-fortalecer-en-valores-centros-educativos-dirigidos-por-militares","status":"publish","type":"post","link":"https:\/\/defrentealaverdad.com\/index.php\/2022\/12\/15\/el-minerd-y-el-ministerio-de-defensa-acuerdan-fortalecer-en-valores-centros-educativos-dirigidos-por-militares\/","title":{"rendered":"El MINERD y el Ministerio de Defensa acuerdan fortalecer en valores centros educativos dirigidos por militares"},"content":{"rendered":"<header class=\"entry-header\">\n<h5 class=\"entry-title\"><em><strong>\u00c1ngel Hern\u00e1ndez y Carlos Luciano D\u00edaz Morfa destacan la importancia de la disciplina, el patriotismo y el civismo en la Educaci\u00f3n<\/strong><\/em><\/h5>\n<\/header>\n<div class=\"below-entry-meta\" style=\"text-align: justify;\"><img decoding=\"async\" class=\"aligncenter lazyload\" data-src=\"https:\/\/lasnoticiasdigital.com\/wp-content\/uploads\/2022\/12\/IMG-20221214-WA0101-1024x718.jpg\" width=\"860\" height=\"603\" src=\"data:image\/svg+xml;base64,PHN2ZyB3aWR0aD0iMSIgaGVpZ2h0PSIxIiB4bWxucz0iaHR0cDovL3d3dy53My5vcmcvMjAwMC9zdmciPjwvc3ZnPg==\" style=\"--smush-placeholder-width: 860px; --smush-placeholder-aspect-ratio: 860\/603;\" \/><\/div>\n<div style=\"text-align: justify;\"><\/div>\n<div style=\"text-align: justify;\">Los ministerios de Educaci\u00f3n de la Rep\u00fablica Dominicana (MINERD) y el de Defensa (MIDE) firmaron un acuerdo que busca fortalecer la formaci\u00f3n en valores morales, patriotismo, y civismo de los estudiantes de los diferentes niveles y modalidades de los centros educativos reconocidos por el MINERD que est\u00e1n bajo la direcci\u00f3n de los militares. El convenio, que se enmarca dentro del programa que desarrolla en todo el territorio nacional la Direcci\u00f3n General del Servicio Militar Voluntario, fue firmado por el ministro de Educaci\u00f3n, \u00c1ngel Hern\u00e1ndez, y el ministro de Defensa, teniente general Carlos Luciano D\u00edaz Morfa.<\/div>\n<div><\/div>\n<div style=\"text-align: justify;\">El ministro Hern\u00e1ndez expres\u00f3 que firmar un convenio con las Fuerzas Armadas es de mucho valor, y en ese sentido apunt\u00f3 que para que la educaci\u00f3n sea eficiente y los centros educativos funcionen tiene que estar orientada por principios de disciplina. Al respecto, destac\u00f3 que tanto la iglesia como las fuerzas castrenses garantizan el funcionamiento adecuado de las instituciones, por lo que cree siempre ser\u00e1n un ejemplo para la sociedad dominicana, ya que aportan lo que realmente prometen, personas bien educadas y al servicio de la naci\u00f3n. <em>\u201cEste convenio lo que hace es fortalecer la pol\u00edtica de recuperaci\u00f3n de la educaci\u00f3n p\u00fablica en sentido general. El principal aporte que pudi\u00e9ramos hacer es lograr que los centros educativos asuman la disciplina como algo fundamental de su trabajo\u201d,<\/em> manifest\u00f3 Hern\u00e1ndez.<\/div>\n<div><\/div>\n<div><\/div>\n<div style=\"text-align: justify;\">De su lado, el ministro de defensa, Carlos Luciano D\u00edaz Morfa, agradeci\u00f3 a Hern\u00e1ndez el apoyo ofrecido a los centros educativos bajo la dependencia militar, al destacar que la educaci\u00f3n es la piedra angular y el motor del crecimiento y desarrollo de los pueblos. \u201c<em>Con el acuerdo que se firma hoy, las Fuerzas Armadas reafirma su compromiso y apoyo al Ministerio de Educaci\u00f3n en la noble y ardua tarea de dotar el recurso humano que constituye el crecimiento y columna vertebral del presente y del futuro de la naci\u00f3n\u201d<\/em>, afirm\u00f3 D\u00edaz Morfa. Agradeci\u00f3 al presidente de la Rep\u00fablica, Luis Abinader, su preocupaci\u00f3n por el desarrollo y bienestar de todos los dominicanos al dedicar ingentes esfuerzos por la consolidaci\u00f3n de las pol\u00edticas p\u00fablicas orientadas al fortalecimiento del principal instrumento que le ha permitido al pa\u00eds liderar el crecimiento econ\u00f3mico de la regi\u00f3n, que es la educaci\u00f3n.<\/div>\n<div style=\"text-align: justify;\">Por el MINERD asistieron, adem\u00e1s, Francisco D\u2019Oleo, viceministro de Acreditaci\u00f3n y Certificaci\u00f3n Docente; Oscar Amarg\u00f3s, viceministro de Supervisi\u00f3n, Evaluaci\u00f3n y Control de la Calidad Educativa, y Nelson Ruddys Rodriguez, consultor jur\u00eddico. Mientras que por parte del MIDE, estuvieron presentes Francisco Carlos Fern\u00e1ndez Onofre, comandante general del Ej\u00e9rcito de la Rep\u00fablica; vicealmirante Francisco A. Sosa Castillo, comandante general de la Armada; mayor general Carlos Ram\u00f3n Febrillet Rodr\u00edguez, comandante general de la Fuerza A\u00e9rea; mayor general Juan Jos\u00e9 Otq\u00f1o Jim\u00e9nez, director general de las Escuelas Vocacionales; general de brigada Francisco Antonio Ovalle Pichardo, rector del Instituto Superior para la Defensa y el general de brigada, Justo Am\u00edlcar Fern\u00e1ndez, director general de Servicio Militar Voluntario, entre otros.<\/div>\n<div><\/div>\n<div><\/div>\n<div style=\"text-align: justify;\"><strong>Detalles del acuerdo<\/strong><\/div>\n<div><\/div>\n<div><\/div>\n<div style=\"text-align: justify;\">El acuerdo establece que el MINERD se compromete a reconocer la gesti\u00f3n de los centros educativos bajo un servicio educativo p\u00fablico, gratuito y de calidad, respetar la filosof\u00eda que promueve una labor educativa que fomenta los m\u00e1s altos valores ciudadanos de la moral, el patriotismo, el civismo y la disciplina. Adem\u00e1s, nombrar dentro de su n\u00f3mina, con los mismos beneficios y obligaciones que rigen para sus empleados, y de acuerdo con las normas de su Manual Operativo de Centros Educativos P\u00fablicos (MOCEP), tanto a todo el personal docente como al administrativo y de apoyo e incluirlos en sus planes de capacitaci\u00f3n.<\/div>\n<div><\/div>\n<div><\/div>\n<div style=\"text-align: justify;\">Tambi\u00e9n, agregar a los centros San Miguel Arc\u00e1ngel perteneciente al Distrito Educativo 10-01, Villa Mella; Nuestra Se\u00f1ora del Perpetuo Socorro del 10-06, Mendoza; el Centro en Artes Teniente Coronel Geovanny Oller Mena y el Centro Educativo Jos\u00e9 Ernesto Rosario, ambos del Distrito Educativo, a la jornada escolar extendida de manera paulatina y en la medida en que dicho centro re\u00fana los requisitos establecidos para ofrecer el servicio.<\/div>\n<div><\/div>\n<div><\/div>\n<div style=\"text-align: justify;\">A su vez, realizar las acciones y proyectos de infraestructuras necesarios para la ampliaci\u00f3n y mejora de la oferta educativa tales como correcci\u00f3n de filtraciones, modificaciones de la planta f\u00edsica, anexos y nuevas instalaciones. Entre tanto, el MIDE tiene la responsabilidad de poner a disposici\u00f3n del Ministerio de Educaci\u00f3n las estructuras f\u00edsicas e inmuebles existentes que sean de su propiedad, para funcionar con las mismas caracter\u00edsticas de los centros educativos p\u00fablicos en los aspectos administrativos y pedag\u00f3gicos y con ense\u00f1anza gratuita. La instituci\u00f3n militar asumi\u00f3, tambi\u00e9n, crear las estructuras y mecanismos de descentralizaci\u00f3n de planteles escolares especialmente la Junta de Centro, de acuerdo con la normativa establecida para esos fines.<\/div>\n<div style=\"text-align: justify;\"><\/div>\n<div><\/div>\n<div style=\"text-align: justify;\">Fuente: Comunicaciones MIDE<\/div>\n","protected":false},"excerpt":{"rendered":"<p>\u00c1ngel Hern\u00e1ndez y Carlos Luciano D\u00edaz Morfa destacan la importancia de la disciplina, el patriotismo<\/p>\n","protected":false},"author":1,"featured_media":0,"comment_status":"open","ping_status":"open","sticky":false,"template":"","format":"standard","meta":{"footnotes":""},"categories":[7],"tags":[],"class_list":["post-2562","post","type-post","status-publish","format-standard","hentry","category-nacionales"],"_links":{"self":[{"href":"https:\/\/defrentealaverdad.com\/index.php\/wp-json\/wp\/v2\/posts\/2562","targetHints":{"allow":["GET"]}}],"collection":[{"href":"https:\/\/defrentealaverdad.com\/index.php\/wp-json\/wp\/v2\/posts"}],"about":[{"href":"https:\/\/defrentealaverdad.com\/index.php\/wp-json\/wp\/v2\/types\/post"}],"author":[{"embeddable":true,"href":"https:\/\/defrentealaverdad.com\/index.php\/wp-json\/wp\/v2\/users\/1"}],"replies":[{"embeddable":true,"href":"https:\/\/defrentealaverdad.com\/index.php\/wp-json\/wp\/v2\/comments?post=2562"}],"version-history":[{"count":4,"href":"https:\/\/defrentealaverdad.com\/index.php\/wp-json\/wp\/v2\/posts\/2562\/revisions"}],"predecessor-version":[{"id":2566,"href":"https:\/\/defrentealaverdad.com\/index.php\/wp-json\/wp\/v2\/posts\/2562\/revisions\/2566"}],"wp:attachment":[{"href":"https:\/\/defrentealaverdad.com\/index.php\/wp-json\/wp\/v2\/media?parent=2562"}],"wp:term":[{"taxonomy":"category","embeddable":true,"href":"https:\/\/defrentealaverdad.com\/index.php\/wp-json\/wp\/v2\/categories?post=2562"},{"taxonomy":"post_tag","embeddable":true,"href":"https:\/\/defrentealaverdad.com\/index.php\/wp-json\/wp\/v2\/tags?post=2562"}],"curies":[{"name":"wp","href":"https:\/\/api.w.org\/{rel}","templated":true}]}}