{"id":25617,"date":"2024-09-10T23:04:13","date_gmt":"2024-09-10T23:04:13","guid":{"rendered":"https:\/\/defrentealaverdad.com\/?p=25617"},"modified":"2024-09-10T23:04:29","modified_gmt":"2024-09-10T23:04:29","slug":"25617","status":"publish","type":"post","link":"https:\/\/defrentealaverdad.com\/index.php\/2024\/09\/10\/25617\/","title":{"rendered":"DIGESETT celebra su 27 aniversario con avances significativos en seguridad vial en la Rep\u00fablica Dominicana"},"content":{"rendered":"<p style=\"text-align: justify;\">Por Felix Rubio<\/p>\n<p style=\"text-align: justify;\">La Direcci\u00f3n General de Seguridad de Tr\u00e1nsito y Transporte Terrestre (DIGESETT) celebr\u00f3 su vig\u00e9simo s\u00e9ptimo aniversario resaltando los avances que ha tenido la instituci\u00f3n desde su creaci\u00f3n como Autoridad Metropolitana de Transporte AMET en 1997, hasta su transformaci\u00f3n en DIGESETT en virtud de la Ley 63-17 de Movilidad, Transporte Terrestre, Tr\u00e1nsito y Seguridad Vial de Rep\u00fablica Dominicana.<\/p>\n<p style=\"text-align: justify;\">Las celebraciones iniciaron con la tradicional izada de bandera en la parte frontal de la instituci\u00f3n, luego se deposit\u00f3 una ofrenda floral en el Altar de la Patria en honor a los h\u00e9roes de la independencia, como reconocimiento a su valent\u00eda y lucha por liberar al pa\u00eds y para finalizar se llev\u00f3 a cabo una misa de acci\u00f3n de gracias.<\/p>\n<p style=\"text-align: justify;\">El titular de la DIGESETT, general Francisco Osoria De La Cruz, P.N., al finalizar la homil\u00eda,ofreci\u00f3 un discurso en el que destac\u00f3 la misi\u00f3n fundamental de la entidad, que es garantizar la seguridad vial de los ciudadanos y hacer cumplir la Ley de Tr\u00e1nsito 63-17.<\/p>\n<p style=\"text-align: justify;\">Osoria, a\u00f1adi\u00f3 que en los nueve meses de gesti\u00f3n que lleva en la instituci\u00f3n ha puesto en marcha diversas estrategias para cambiar el panorama del tr\u00e1nsito en el pa\u00eds. Entre ellas, se destacan programas de concientizaci\u00f3n sobre seguridad vial, y una estrategia de expansi\u00f3n y modernizaci\u00f3n de su flota vehicular y tecnol\u00f3gica, adem\u00e1s de un reforzamiento operativo nocturnos en diversas zonas del pa\u00eds.<\/p>\n<p>En su discurso, el director de la DIGESETT hizo hincapi\u00e9 en el trabajo de todo el equipo de la instituci\u00f3n, y agradeci\u00f3 el apoyo del presidente Luis Rodolfo Abinader Corona y de las autoridades del Ministerio del Interior y Polic\u00eda, as\u00ed como de la Polic\u00eda Nacional y el Instituto Nacional Transporte Tr\u00e1nsito y Transporte Terrestres (INTRANT). Tambi\u00e9n recalc\u00f3 la importancia de las autoridades de la iglesia en la celebraci\u00f3n de la eucarist\u00eda.<\/p>\n<blockquote>\n<p style=\"text-align: justify;\">\u201cPara nosotros lo m\u00e1s importante es realizar una labor con \u00e9tica y responsabilidad, y lograr avances significativos en la seguridad vial\u201d. Enfatiz\u00f3 el director de la DIGESETT.<\/p>\n<\/blockquote>\n<p style=\"text-align: justify;\">Asimismo, dijo que el equipo de la DIGESETT trabaja d\u00eda a d\u00eda con dedicaci\u00f3n y profesionalismo para proteger la vida de los ciudadanos que transitan por las carreteras del pa\u00eds y garantizar su seguridad en todo momento sin importar el clima que la naturaleza les brinda.<\/p>\n<p>&nbsp;<\/p>\n<p>Fuente: Depto. Com. E DIGESETT<\/p>\n","protected":false},"excerpt":{"rendered":"<p>Por Felix Rubio La Direcci\u00f3n General de Seguridad de Tr\u00e1nsito y Transporte Terrestre (DIGESETT) celebr\u00f3<\/p>\n","protected":false},"author":1,"featured_media":25618,"comment_status":"open","ping_status":"open","sticky":false,"template":"","format":"standard","meta":{"footnotes":""},"categories":[7],"tags":[],"class_list":["post-25617","post","type-post","status-publish","format-standard","has-post-thumbnail","hentry","category-nacionales"],"_links":{"self":[{"href":"https:\/\/defrentealaverdad.com\/index.php\/wp-json\/wp\/v2\/posts\/25617","targetHints":{"allow":["GET"]}}],"collection":[{"href":"https:\/\/defrentealaverdad.com\/index.php\/wp-json\/wp\/v2\/posts"}],"about":[{"href":"https:\/\/defrentealaverdad.com\/index.php\/wp-json\/wp\/v2\/types\/post"}],"author":[{"embeddable":true,"href":"https:\/\/defrentealaverdad.com\/index.php\/wp-json\/wp\/v2\/users\/1"}],"replies":[{"embeddable":true,"href":"https:\/\/defrentealaverdad.com\/index.php\/wp-json\/wp\/v2\/comments?post=25617"}],"version-history":[{"count":2,"href":"https:\/\/defrentealaverdad.com\/index.php\/wp-json\/wp\/v2\/posts\/25617\/revisions"}],"predecessor-version":[{"id":25620,"href":"https:\/\/defrentealaverdad.com\/index.php\/wp-json\/wp\/v2\/posts\/25617\/revisions\/25620"}],"wp:featuredmedia":[{"embeddable":true,"href":"https:\/\/defrentealaverdad.com\/index.php\/wp-json\/wp\/v2\/media\/25618"}],"wp:attachment":[{"href":"https:\/\/defrentealaverdad.com\/index.php\/wp-json\/wp\/v2\/media?parent=25617"}],"wp:term":[{"taxonomy":"category","embeddable":true,"href":"https:\/\/defrentealaverdad.com\/index.php\/wp-json\/wp\/v2\/categories?post=25617"},{"taxonomy":"post_tag","embeddable":true,"href":"https:\/\/defrentealaverdad.com\/index.php\/wp-json\/wp\/v2\/tags?post=25617"}],"curies":[{"name":"wp","href":"https:\/\/api.w.org\/{rel}","templated":true}]}}