{"id":2557,"date":"2022-12-14T20:07:52","date_gmt":"2022-12-14T20:07:52","guid":{"rendered":"https:\/\/defrentealaverdad.com\/?p=2557"},"modified":"2022-12-14T20:08:25","modified_gmt":"2022-12-14T20:08:25","slug":"revelan-la-verdadera-razon-que-llevo-a-lalo-rodriguez-a-la-muerte","status":"publish","type":"post","link":"https:\/\/defrentealaverdad.com\/index.php\/2022\/12\/14\/revelan-la-verdadera-razon-que-llevo-a-lalo-rodriguez-a-la-muerte\/","title":{"rendered":"Revelan la verdadera raz\u00f3n que llev\u00f3 a Lalo Rodr\u00edguez a la muerte"},"content":{"rendered":"<p><img decoding=\"async\" class=\"aligncenter lazyload\" data-src=\"https:\/\/idmphsmkuxkn.compat.objectstorage.us-ashburn-1.oraclecloud.com\/cdn-bucket\/uploads\/2022\/12\/lalo-rodriguez-3.jpg\" alt=\"Revelan la verdadera raz\u00f3n que llev\u00f3 a Lalo Rodr\u00edguez a la muerte\" src=\"data:image\/svg+xml;base64,PHN2ZyB3aWR0aD0iMSIgaGVpZ2h0PSIxIiB4bWxucz0iaHR0cDovL3d3dy53My5vcmcvMjAwMC9zdmciPjwvc3ZnPg==\" \/><\/p>\n<p style=\"text-align: justify;\">\n<p style=\"text-align: justify;\">Las generaciones que en los a\u00f1os 80 y 90 escucharon al veterano salsero puertorrique\u00f1o Lalo Rodr\u00edguez se sorprendieron este 13 de diciembre con la noticia de su muerte, hallado muerto en su residencia en Carolina, Puerto Rico. El int\u00e9rprete de \u00abVen, dev\u00f3rame otra vez\u00bb ven\u00eda presentando quebrantos de salud recientes. El pasado 12 de noviembre estuvo hospitalizado e intubado en un centro asistencial de su pa\u00eds. Adem\u00e1s, el \u2018Canario de Carolina\u2019, batall\u00f3 contra la adicci\u00f3n a las drogas y al alcohol. En 2011 las autoridades de Florida (EEUU) lo arrestaron por cargos de violencia dom\u00e9stica. Y este a\u00f1o se divorci\u00f3.<\/p>\n<p style=\"text-align: justify;\">En 2021, las autoridades apresaron al cantante cuando caminaba solo por la carretera en aparente estado de embriaguez. A partir de esta situaci\u00f3n, las autoridades tienen como posibles causas de la muerte una reca\u00edda. La Polic\u00eda de la zona indic\u00f3 que ayer los alertaron sobre una persona muerta en la residencia de Sabana Abajo de Carolina por una llamada al 911. All\u00ed encontraron el cuerpo del artista en el edificio 54. De acuerdo con las autoridades en Puerto Rico, el cuerpo no presentaba signos de violencia. La autopsia, y otras pruebas ser\u00e1n las que determinen las causas de la muerte.<\/p>\n<p style=\"text-align: justify;\"><strong>Lalo, de la \u00abvieja guardia\u00bb<\/strong><\/p>\n<p style=\"text-align: justify;\">Una de las \u00faltimas actuaciones p\u00fablicas del cantante se dio el pasado 7 de agosto en el Estadio Hiram Bithorn de San Juan para celebrar la sexta edici\u00f3n del evento Aniversario de la Salsa. En una entrevista con El Pa\u00eds, Lalo Rodr\u00edguez le dijo al periodista Joan Camilo Bola\u00f1os, sobre su carrera musical: \u201cDe la cuadra vieja soy el \u00faltimo que lleg\u00f3: soy el m\u00e1s joven de los grandes. Despu\u00e9s de m\u00ed comienza otra etapa\u201d. \u2018Lalo\u2019 vocaliz\u00f3, a sus 16 a\u00f1os, \u2018The Sun of Latin Music\u2019 con Eddie Palmieri, la primera producci\u00f3n latina en conseguir un Grammy, que incluye \u2018Un d\u00eda bonito\u2019, \u2018Deseo salvaje\u2019 y \u2018Nada de ti\u2019. Su m\u00e1s grande \u00e9xito, Ven, Dev\u00f3rame Otra Vez, del compositor dominicano Palmer Hern\u00e1ndez, hizo parte de su \u00e1lbum \u2018Un nuevo despertar\u2019, publicado en 1988.<\/p>\n<p style=\"text-align: justify;\">\n<p>Fuente: Andr\u00e9s Tovar<\/p>\n","protected":false},"excerpt":{"rendered":"<p>Las generaciones que en los a\u00f1os 80 y 90 escucharon al veterano salsero puertorrique\u00f1o Lalo<\/p>\n","protected":false},"author":1,"featured_media":0,"comment_status":"open","ping_status":"open","sticky":false,"template":"","format":"standard","meta":{"footnotes":""},"categories":[6,16],"tags":[],"class_list":["post-2557","post","type-post","status-publish","format-standard","hentry","category-espectaculos","category-internacionales"],"_links":{"self":[{"href":"https:\/\/defrentealaverdad.com\/index.php\/wp-json\/wp\/v2\/posts\/2557","targetHints":{"allow":["GET"]}}],"collection":[{"href":"https:\/\/defrentealaverdad.com\/index.php\/wp-json\/wp\/v2\/posts"}],"about":[{"href":"https:\/\/defrentealaverdad.com\/index.php\/wp-json\/wp\/v2\/types\/post"}],"author":[{"embeddable":true,"href":"https:\/\/defrentealaverdad.com\/index.php\/wp-json\/wp\/v2\/users\/1"}],"replies":[{"embeddable":true,"href":"https:\/\/defrentealaverdad.com\/index.php\/wp-json\/wp\/v2\/comments?post=2557"}],"version-history":[{"count":2,"href":"https:\/\/defrentealaverdad.com\/index.php\/wp-json\/wp\/v2\/posts\/2557\/revisions"}],"predecessor-version":[{"id":2559,"href":"https:\/\/defrentealaverdad.com\/index.php\/wp-json\/wp\/v2\/posts\/2557\/revisions\/2559"}],"wp:attachment":[{"href":"https:\/\/defrentealaverdad.com\/index.php\/wp-json\/wp\/v2\/media?parent=2557"}],"wp:term":[{"taxonomy":"category","embeddable":true,"href":"https:\/\/defrentealaverdad.com\/index.php\/wp-json\/wp\/v2\/categories?post=2557"},{"taxonomy":"post_tag","embeddable":true,"href":"https:\/\/defrentealaverdad.com\/index.php\/wp-json\/wp\/v2\/tags?post=2557"}],"curies":[{"name":"wp","href":"https:\/\/api.w.org\/{rel}","templated":true}]}}