{"id":2499,"date":"2022-12-13T14:16:06","date_gmt":"2022-12-13T14:16:06","guid":{"rendered":"https:\/\/defrentealaverdad.com\/?p=2499"},"modified":"2022-12-13T14:16:26","modified_gmt":"2022-12-13T14:16:26","slug":"vacaciones-escolares-iniciaran-el-21-de-diciembre-tras-consenso-entre-minerd-y-adp","status":"publish","type":"post","link":"https:\/\/defrentealaverdad.com\/index.php\/2022\/12\/13\/vacaciones-escolares-iniciaran-el-21-de-diciembre-tras-consenso-entre-minerd-y-adp\/","title":{"rendered":"Vacaciones escolares iniciar\u00e1n el 21 de diciembre, tras consenso entre Minerd y ADP"},"content":{"rendered":"<p style=\"text-align: justify;\">Las vacaciones por motivo a las festividades navide\u00f1as<strong>\u00a0iniciar\u00e1n el mi\u00e9rcoles 21 de diciembre<\/strong>, luego de que se reajustara la fecha el\u00a0<a href=\"https:\/\/listindiario.com\/la-republica\/2022\/12\/10\/752612\/minerd-dice-que-docencia-culmina-el-23-de-diciembre-e-inicia-el-10-de-enero\" target=\"_blank\" rel=\"noopener\"><strong>calendario escolar<\/strong><\/a>\u00a0durante un acuerdo entre sectores educativos.<\/p>\n<p style=\"text-align: justify;\"><img decoding=\"async\" class=\"aligncenter lazyload\" data-src=\"https:\/\/www.eljaya.com\/wp-content\/uploads\/2019\/03\/29-adp-educacion-.jpg\" alt=\"La ADP reta al Minerd y adelanta vacaciones de Navidad\" src=\"data:image\/svg+xml;base64,PHN2ZyB3aWR0aD0iMSIgaGVpZ2h0PSIxIiB4bWxucz0iaHR0cDovL3d3dy53My5vcmcvMjAwMC9zdmciPjwvc3ZnPg==\" \/><\/p>\n<p style=\"text-align: justify;\">As\u00ed lo dio a conocer a reporteros de List\u00edn Diario el ministro de Educaci\u00f3n, \u00c1ngel Hern\u00e1ndez, quien inform\u00f3 que presidi\u00f3 una reuni\u00f3n este lunes con el Consejo Nacional de Educaci\u00f3n.<\/p>\n<p style=\"text-align: justify;\">\u201cHoy en la reuni\u00f3n del Consejo Nacional de Educaci\u00f3n se acord\u00f3 aprobar que las vacaciones se inicien el mi\u00e9rcoles 21 con la aprobaci\u00f3n y compromiso de cumplir del presidente de la Asociaci\u00f3n Dominicana de Profesores (ADP), Eduardo Hidalgo\u201d, dijo el ministro al ser cuestionado sobre el tema.<\/p>\n<p style=\"text-align: justify;\">Precisamente hoy el presidente de la ADP indic\u00f3 en un documento que el gremio no \u201cadelant\u00f3\u201d las vacaciones navide\u00f1as<strong>\u00a0\u201csino que est\u00e1 planificando la finalizaci\u00f3n de los procesos en las fechas en que tradicionalmente se ha hecho,<\/strong>\u00a0entre el 16 al 20 de diciembre\u00bb.<\/p>\n<p style=\"text-align: justify;\">Sin embargo, el Minerd hab\u00eda reiterado su posici\u00f3n de que las mismas iniciar\u00edan a partir del 24, D\u00eda de Nochebuena.<\/p>\n<p style=\"text-align: justify;\">Pero esto ya fue modificado este lunes luego de que la ADP solicitara un\u00a0<strong>conversatorio con el Minerd<\/strong>\u00a0y el consejo educativo sobre la \u201cconvivencia de las vacaciones\u201d.<\/p>\n<p style=\"text-align: justify;\">Respecto al tema, antes de hacer el consenso, Hern\u00e1ndez catalog\u00f3 la posici\u00f3n de la ADP como una \u201cpostura ambigua, sin compromiso con lo principal: el aprendizaje de los ni\u00f1os\u201d.<\/p>\n<p style=\"text-align: justify;\">Los alumnos regresaran a las aulas nuevamente\u00a0<strong>el d\u00eda 10 de enero del a\u00f1o 2023<\/strong>.<\/p>\n<p>&nbsp;<\/p>\n<p>Fuente: List\u00edn Diario<\/p>\n","protected":false},"excerpt":{"rendered":"<p>Las vacaciones por motivo a las festividades navide\u00f1as\u00a0iniciar\u00e1n el mi\u00e9rcoles 21 de diciembre, luego de<\/p>\n","protected":false},"author":2,"featured_media":0,"comment_status":"open","ping_status":"open","sticky":false,"template":"","format":"standard","meta":{"footnotes":""},"categories":[7],"tags":[],"class_list":["post-2499","post","type-post","status-publish","format-standard","hentry","category-nacionales"],"_links":{"self":[{"href":"https:\/\/defrentealaverdad.com\/index.php\/wp-json\/wp\/v2\/posts\/2499","targetHints":{"allow":["GET"]}}],"collection":[{"href":"https:\/\/defrentealaverdad.com\/index.php\/wp-json\/wp\/v2\/posts"}],"about":[{"href":"https:\/\/defrentealaverdad.com\/index.php\/wp-json\/wp\/v2\/types\/post"}],"author":[{"embeddable":true,"href":"https:\/\/defrentealaverdad.com\/index.php\/wp-json\/wp\/v2\/users\/2"}],"replies":[{"embeddable":true,"href":"https:\/\/defrentealaverdad.com\/index.php\/wp-json\/wp\/v2\/comments?post=2499"}],"version-history":[{"count":2,"href":"https:\/\/defrentealaverdad.com\/index.php\/wp-json\/wp\/v2\/posts\/2499\/revisions"}],"predecessor-version":[{"id":2501,"href":"https:\/\/defrentealaverdad.com\/index.php\/wp-json\/wp\/v2\/posts\/2499\/revisions\/2501"}],"wp:attachment":[{"href":"https:\/\/defrentealaverdad.com\/index.php\/wp-json\/wp\/v2\/media?parent=2499"}],"wp:term":[{"taxonomy":"category","embeddable":true,"href":"https:\/\/defrentealaverdad.com\/index.php\/wp-json\/wp\/v2\/categories?post=2499"},{"taxonomy":"post_tag","embeddable":true,"href":"https:\/\/defrentealaverdad.com\/index.php\/wp-json\/wp\/v2\/tags?post=2499"}],"curies":[{"name":"wp","href":"https:\/\/api.w.org\/{rel}","templated":true}]}}