{"id":2481,"date":"2022-12-13T13:31:29","date_gmt":"2022-12-13T13:31:29","guid":{"rendered":"https:\/\/defrentealaverdad.com\/?p=2481"},"modified":"2022-12-13T13:34:04","modified_gmt":"2022-12-13T13:34:04","slug":"adococ-reconoce-comunicadora-lissette-selman-en-cierre-semana-comunicacion-cristiana","status":"publish","type":"post","link":"https:\/\/defrentealaverdad.com\/index.php\/2022\/12\/13\/adococ-reconoce-comunicadora-lissette-selman-en-cierre-semana-comunicacion-cristiana\/","title":{"rendered":"ADOCOC reconoce comunicadora Lissette Selman en cierre Semana Comunicaci\u00f3n Cristiana"},"content":{"rendered":"<p style=\"text-align: justify;\"><img decoding=\"async\" class=\"size-medium wp-image-2482 aligncenter lazyload\" data-src=\"https:\/\/defrentealaverdad.com\/wp-content\/uploads\/2022\/12\/WhatsApp-Image-2022-12-12-at-10.52.40-300x225.jpeg\" alt=\"\" width=\"300\" height=\"225\" data-srcset=\"https:\/\/defrentealaverdad.com\/wp-content\/uploads\/2022\/12\/WhatsApp-Image-2022-12-12-at-10.52.40-300x225.jpeg 300w, https:\/\/defrentealaverdad.com\/wp-content\/uploads\/2022\/12\/WhatsApp-Image-2022-12-12-at-10.52.40-1024x768.jpeg 1024w, https:\/\/defrentealaverdad.com\/wp-content\/uploads\/2022\/12\/WhatsApp-Image-2022-12-12-at-10.52.40-768x576.jpeg 768w, https:\/\/defrentealaverdad.com\/wp-content\/uploads\/2022\/12\/WhatsApp-Image-2022-12-12-at-10.52.40-1536x1152.jpeg 1536w, https:\/\/defrentealaverdad.com\/wp-content\/uploads\/2022\/12\/WhatsApp-Image-2022-12-12-at-10.52.40-720x540.jpeg 720w, https:\/\/defrentealaverdad.com\/wp-content\/uploads\/2022\/12\/WhatsApp-Image-2022-12-12-at-10.52.40.jpeg 1600w\" data-sizes=\"(max-width: 300px) 100vw, 300px\" src=\"data:image\/svg+xml;base64,PHN2ZyB3aWR0aD0iMSIgaGVpZ2h0PSIxIiB4bWxucz0iaHR0cDovL3d3dy53My5vcmcvMjAwMC9zdmciPjwvc3ZnPg==\" style=\"--smush-placeholder-width: 300px; --smush-placeholder-aspect-ratio: 300\/225;\" \/><\/p>\n<p style=\"text-align: justify;\"><strong>Santo Domingo. &#8211; <\/strong>\u00a0Luego de una semana cargada de conocimientos, la Asociaci\u00f3n Dominicana de Comunicadores Cristianos (ADOCOC) concluy\u00f3 la <strong>VIII Semana de la Comunicaci\u00f3n Cristiana: <span style=\"color: #0000ff;\"><em>Trasciende,<\/em><\/span><\/strong> donde fue reconocida la comunicadora Lisette Selman.<\/p>\n<p style=\"text-align: justify;\">El reconocimiento fue entregado por Erika Oviedo, presidente nacional de ADOCOC, acompa\u00f1ada de los miembros de la directiva y de Hilda Peguero, presidente del C\u00edrculo de Locutores Dominicanos.<\/p>\n<p style=\"text-align: justify;\"><em>\u00abA trav\u00e9s de este reconocimiento y en nombre de nuestra comunidad de fe, queremos honrar su trayectoria y el ejercicio \u00e9tico que la ha acompa\u00f1ado durante toda su carrera profesional. Agradecemos lo que ha sembrado y sigue sembrando en nuestra sociedad\u00bb,<\/em> expres\u00f3 Oviedo al entregar el galard\u00f3n.<\/p>\n<p style=\"text-align: justify;\"><img decoding=\"async\" class=\"size-medium wp-image-2483 aligncenter lazyload\" data-src=\"https:\/\/defrentealaverdad.com\/wp-content\/uploads\/2022\/12\/WhatsApp-Image-2022-12-12-at-10.52.39-300x225.jpeg\" alt=\"\" width=\"300\" height=\"225\" data-srcset=\"https:\/\/defrentealaverdad.com\/wp-content\/uploads\/2022\/12\/WhatsApp-Image-2022-12-12-at-10.52.39-300x225.jpeg 300w, https:\/\/defrentealaverdad.com\/wp-content\/uploads\/2022\/12\/WhatsApp-Image-2022-12-12-at-10.52.39-1024x768.jpeg 1024w, https:\/\/defrentealaverdad.com\/wp-content\/uploads\/2022\/12\/WhatsApp-Image-2022-12-12-at-10.52.39-768x576.jpeg 768w, https:\/\/defrentealaverdad.com\/wp-content\/uploads\/2022\/12\/WhatsApp-Image-2022-12-12-at-10.52.39-720x540.jpeg 720w, https:\/\/defrentealaverdad.com\/wp-content\/uploads\/2022\/12\/WhatsApp-Image-2022-12-12-at-10.52.39.jpeg 1489w\" data-sizes=\"(max-width: 300px) 100vw, 300px\" src=\"data:image\/svg+xml;base64,PHN2ZyB3aWR0aD0iMSIgaGVpZ2h0PSIxIiB4bWxucz0iaHR0cDovL3d3dy53My5vcmcvMjAwMC9zdmciPjwvc3ZnPg==\" style=\"--smush-placeholder-width: 300px; --smush-placeholder-aspect-ratio: 300\/225;\" \/><br \/>\nDe su lado, Peguero declar\u00f3 que: <em>\u00abpara nosotros como C\u00edrculo de Locutores Dominicanos es un honor ser testigos de una noche como est\u00e1 que nos impulsa a reencontrarnos con el prop\u00f3sito particular de cada uno cuando toma un micr\u00f3fono en las manos\u00bb.<\/em><\/p>\n<p style=\"text-align: justify;\">La homenajeada agradeci\u00f3 a la directiva por honrarla y recibi\u00f3 el galard\u00f3n con humildad.<\/p>\n<p style=\"text-align: justify;\"><em><strong>\u201cCrear una trayectoria trascendente\u201d,<\/strong> <\/em>\u201c\u00bfFama o trascendencia? Y \u201cUn comunicador que trasciende\u201d fueron los t\u00edtulos bajo los cuales los conferencistas disertaron esa noche. Adem\u00e1s de la participaci\u00f3n de Lissette Selman, el evento cont\u00f3 con las ponencias de Miguel Susana y D\u00edo Astacio, quienes motivaron e inspiraron a los asistentes al ejercicio comunicacional \u00e9tico, \u00edntegro y veraz.<\/p>\n<p style=\"text-align: justify;\">La presidente de la entidad, aprovecho la oportunidad para hacer una rendici\u00f3n de cuentas de todo lo que el gremio logro en este a\u00f1o. As\u00ed como dio algunas pinceladas de los planes del 2023.<\/p>\n<p style=\"text-align: justify;\">Desde el d\u00eda 03 de diciembre, ADOCOC agot\u00f3 un ciclo de conferencias y encuentros virtuales con destacados profesionales de la comunicaci\u00f3n cristiana nacional e internacional.<\/p>\n<p style=\"text-align: justify;\">Este a\u00f1o, estuvieron como conferencistas en los encuentros presenciales Vivian Fatule en Higuey y Ruth Camil Santos en Santiago. Mientras que Fayra Castro y Kenia Santana, tuvieron a su cargo los webinars \u00abUn legado que trasciende\u00bb y \u00abMetaverso: oportunidades y desaf\u00edos de la comunicaci\u00f3n cristiana\u00bb, respectivamente.<\/p>\n<p style=\"text-align: justify;\">La Semana de la Comunicaci\u00f3n Cristiana es realizada anualmente para celebrar el aniversario de la instituci\u00f3n y agregar valor a sus miembros. En este a\u00f1o, fue bajo el tema \u201cTrasciende\u201d con la finalidad de inspirar y equipar a los participantes a ir m\u00e1s all\u00e1 y forjar un legado para las generaciones.<\/p>\n<p style=\"text-align: justify;\">El evento tuvo lugar en el Centro Cultura Digital de Indotel, con la participaci\u00f3n art\u00edstica de Neuris Jeanette y Jucum. Mientras que la oraci\u00f3n inicial estuvo a cargo del pastor Abraham Casado y la conducci\u00f3n por Yirenni P\u00e9rez.<\/p>\n<p style=\"text-align: justify;\"><img decoding=\"async\" class=\"alignnone size-medium wp-image-2485 aligncenter lazyload\" data-src=\"https:\/\/defrentealaverdad.com\/wp-content\/uploads\/2022\/12\/WhatsApp-Image-2022-12-12-at-10.52.40-1-225x300.jpeg\" alt=\"\" width=\"225\" height=\"300\" data-srcset=\"https:\/\/defrentealaverdad.com\/wp-content\/uploads\/2022\/12\/WhatsApp-Image-2022-12-12-at-10.52.40-1-225x300.jpeg 225w, https:\/\/defrentealaverdad.com\/wp-content\/uploads\/2022\/12\/WhatsApp-Image-2022-12-12-at-10.52.40-1-767x1024.jpeg 767w, https:\/\/defrentealaverdad.com\/wp-content\/uploads\/2022\/12\/WhatsApp-Image-2022-12-12-at-10.52.40-1-768x1025.jpeg 768w, https:\/\/defrentealaverdad.com\/wp-content\/uploads\/2022\/12\/WhatsApp-Image-2022-12-12-at-10.52.40-1-1151x1536.jpeg 1151w, https:\/\/defrentealaverdad.com\/wp-content\/uploads\/2022\/12\/WhatsApp-Image-2022-12-12-at-10.52.40-1-450x600.jpeg 450w, https:\/\/defrentealaverdad.com\/wp-content\/uploads\/2022\/12\/WhatsApp-Image-2022-12-12-at-10.52.40-1.jpeg 1199w\" data-sizes=\"(max-width: 225px) 100vw, 225px\" src=\"data:image\/svg+xml;base64,PHN2ZyB3aWR0aD0iMSIgaGVpZ2h0PSIxIiB4bWxucz0iaHR0cDovL3d3dy53My5vcmcvMjAwMC9zdmciPjwvc3ZnPg==\" style=\"--smush-placeholder-width: 225px; --smush-placeholder-aspect-ratio: 225\/300;\" \/><br \/>\n<strong>Sobre\u00a0ADOCOC<\/strong><\/p>\n<p style=\"text-align: justify;\"><strong>\u00a0<\/strong>La Asociaci\u00f3n Dominicana de Comunicadores Cristianos (ADOCOC) fue fundada el 15 de diciembre de 2006, tiene como objetivo agrupar y unificar a los comunicadores dominicanos que profesan la fe en Jesucristo.<\/p>\n<p style=\"text-align: justify;\">Fuente: Depto. Comunicaciones ADOCOC<\/p>\n<p>&nbsp;<\/p>\n","protected":false},"excerpt":{"rendered":"<p>Santo Domingo. &#8211; \u00a0Luego de una semana cargada de conocimientos, la Asociaci\u00f3n Dominicana de Comunicadores<\/p>\n","protected":false},"author":2,"featured_media":0,"comment_status":"open","ping_status":"open","sticky":false,"template":"","format":"standard","meta":{"footnotes":""},"categories":[6,7],"tags":[],"class_list":["post-2481","post","type-post","status-publish","format-standard","hentry","category-espectaculos","category-nacionales"],"_links":{"self":[{"href":"https:\/\/defrentealaverdad.com\/index.php\/wp-json\/wp\/v2\/posts\/2481","targetHints":{"allow":["GET"]}}],"collection":[{"href":"https:\/\/defrentealaverdad.com\/index.php\/wp-json\/wp\/v2\/posts"}],"about":[{"href":"https:\/\/defrentealaverdad.com\/index.php\/wp-json\/wp\/v2\/types\/post"}],"author":[{"embeddable":true,"href":"https:\/\/defrentealaverdad.com\/index.php\/wp-json\/wp\/v2\/users\/2"}],"replies":[{"embeddable":true,"href":"https:\/\/defrentealaverdad.com\/index.php\/wp-json\/wp\/v2\/comments?post=2481"}],"version-history":[{"count":3,"href":"https:\/\/defrentealaverdad.com\/index.php\/wp-json\/wp\/v2\/posts\/2481\/revisions"}],"predecessor-version":[{"id":2488,"href":"https:\/\/defrentealaverdad.com\/index.php\/wp-json\/wp\/v2\/posts\/2481\/revisions\/2488"}],"wp:attachment":[{"href":"https:\/\/defrentealaverdad.com\/index.php\/wp-json\/wp\/v2\/media?parent=2481"}],"wp:term":[{"taxonomy":"category","embeddable":true,"href":"https:\/\/defrentealaverdad.com\/index.php\/wp-json\/wp\/v2\/categories?post=2481"},{"taxonomy":"post_tag","embeddable":true,"href":"https:\/\/defrentealaverdad.com\/index.php\/wp-json\/wp\/v2\/tags?post=2481"}],"curies":[{"name":"wp","href":"https:\/\/api.w.org\/{rel}","templated":true}]}}