{"id":24719,"date":"2024-08-31T23:00:31","date_gmt":"2024-08-31T23:00:31","guid":{"rendered":"https:\/\/defrentealaverdad.com\/?p=24719"},"modified":"2024-08-31T23:00:31","modified_gmt":"2024-08-31T23:00:31","slug":"medellin-inicia-hoy-la-copa-mundial-femenina-de-futbol-sub-20","status":"publish","type":"post","link":"https:\/\/defrentealaverdad.com\/index.php\/2024\/08\/31\/medellin-inicia-hoy-la-copa-mundial-femenina-de-futbol-sub-20\/","title":{"rendered":"Medell\u00edn inicia hoy la Copa Mundial Femenina de F\u00fatbol Sub-20"},"content":{"rendered":"<p style=\"text-align: justify;\">Hoy s\u00e1bado, 31 de agosto, Medell\u00edn dar\u00e1 inicio oficialmente a la Copa Mundial Femenina de F\u00fatbol Sub-20. con el encuentro Francia vs Canad\u00e1 a las 3:00 p.m. y Brasil vs Fiyi a las 6:00 p. m.<\/p>\n<p style=\"text-align: justify;\">Seg\u00fan se conoci\u00f3, el Estadio Atanasio Girardot ya est\u00e1 listo para recibir este importante evento y la ciudad de la Eterna Primavera vive con alegr\u00eda la fiesta del f\u00fatbol en paz.<\/p>\n<p style=\"text-align: justify;\">A trav\u00e9s del micrositio de la Alcald\u00eda de Medell\u00edn www.medellin.gov.co\/es\/mundial-femenino-sub20 es posible acceder a la boleter\u00eda, programaci\u00f3n e informaci\u00f3n de las actividades que se realizar\u00e1n en torno al mundial.<\/p>\n<p style=\"text-align: justify;\">En la agenda de actividades para el 31 de agosto, el 3 y el 6 de septiembre, se instalar\u00e1n pantallas gigantes para ver los partidos de la Selecci\u00f3n Colombiana Femenina Sub-20 en la Unidad Deportiva de Bel\u00e9n Rinc\u00f3n, comuna 16; en la cancha cubierta de La Floresta; comuna 12 y en el coliseo de Andaluc\u00eda, comuna 2.<\/p>\n<p style=\"text-align: justify;\">Con base a lo anterior, el gerente del Mundial en Medell\u00edn, Felipe Trujillo, coment\u00f3 que: \u201cEstamos listos para que ruede la pelota entre Francia y Canad\u00e1, y de esa manera iniciemos oficialmente el Mundial. Esperamos, aproximadamente, 10.000 personas que llenen las tribunas occidental y oriental (\u2026) la idea es que este mundial deje un legado en ni\u00f1os, ni\u00f1as, j\u00f3venes y el f\u00fatbol femenino tenga el presente que tiene y un gran futuro\u201d.<\/p>\n<p style=\"text-align: justify;\">Adem\u00e1s, del 3 al 6 de septiembre, en la Unidad Deportiva Atanasio Girardot, se exhibir\u00e1 la exposici\u00f3n fotogr\u00e1fica \u2018En La Cancha: Mil Mujeres, Mil Historias\u2019, que destaca el papel de las mujeres latinoamericanas en el f\u00fatbol a trav\u00e9s de 52 im\u00e1genes.<\/p>\n<p>Fuente: IFM<\/p>\n","protected":false},"excerpt":{"rendered":"<p>Hoy s\u00e1bado, 31 de agosto, Medell\u00edn dar\u00e1 inicio oficialmente a la Copa Mundial Femenina de<\/p>\n","protected":false},"author":2,"featured_media":24720,"comment_status":"open","ping_status":"open","sticky":false,"template":"","format":"standard","meta":{"footnotes":""},"categories":[3],"tags":[],"class_list":["post-24719","post","type-post","status-publish","format-standard","has-post-thumbnail","hentry","category-deportes"],"_links":{"self":[{"href":"https:\/\/defrentealaverdad.com\/index.php\/wp-json\/wp\/v2\/posts\/24719","targetHints":{"allow":["GET"]}}],"collection":[{"href":"https:\/\/defrentealaverdad.com\/index.php\/wp-json\/wp\/v2\/posts"}],"about":[{"href":"https:\/\/defrentealaverdad.com\/index.php\/wp-json\/wp\/v2\/types\/post"}],"author":[{"embeddable":true,"href":"https:\/\/defrentealaverdad.com\/index.php\/wp-json\/wp\/v2\/users\/2"}],"replies":[{"embeddable":true,"href":"https:\/\/defrentealaverdad.com\/index.php\/wp-json\/wp\/v2\/comments?post=24719"}],"version-history":[{"count":1,"href":"https:\/\/defrentealaverdad.com\/index.php\/wp-json\/wp\/v2\/posts\/24719\/revisions"}],"predecessor-version":[{"id":24721,"href":"https:\/\/defrentealaverdad.com\/index.php\/wp-json\/wp\/v2\/posts\/24719\/revisions\/24721"}],"wp:featuredmedia":[{"embeddable":true,"href":"https:\/\/defrentealaverdad.com\/index.php\/wp-json\/wp\/v2\/media\/24720"}],"wp:attachment":[{"href":"https:\/\/defrentealaverdad.com\/index.php\/wp-json\/wp\/v2\/media?parent=24719"}],"wp:term":[{"taxonomy":"category","embeddable":true,"href":"https:\/\/defrentealaverdad.com\/index.php\/wp-json\/wp\/v2\/categories?post=24719"},{"taxonomy":"post_tag","embeddable":true,"href":"https:\/\/defrentealaverdad.com\/index.php\/wp-json\/wp\/v2\/tags?post=24719"}],"curies":[{"name":"wp","href":"https:\/\/api.w.org\/{rel}","templated":true}]}}