{"id":24716,"date":"2024-08-31T22:57:14","date_gmt":"2024-08-31T22:57:14","guid":{"rendered":"https:\/\/defrentealaverdad.com\/?p=24716"},"modified":"2024-08-31T22:57:14","modified_gmt":"2024-08-31T22:57:14","slug":"gustavo-petro-afirma-no-podemos-mantener-diesel-congelado","status":"publish","type":"post","link":"https:\/\/defrentealaverdad.com\/index.php\/2024\/08\/31\/gustavo-petro-afirma-no-podemos-mantener-diesel-congelado\/","title":{"rendered":"Gustavo Petro afirma \u201cNo podemos mantener di\u00e9sel congelado\u201d"},"content":{"rendered":"<p style=\"text-align: justify;\">Luego del anuncio hecho por el Ministerio de Hacienda, que desde hoy 31 de agosto subir\u00e1 el precio del ACPM $1.904, el presidente Gustavo, sali\u00f3 al paso manifestando: \u201cNo podemos mantener di\u00e9sel congelado\u201d.<\/p>\n<p style=\"text-align: justify;\">Este pronunciamiento el mandatario de los colombianos lo hizo a trav\u00e9s de su cuenta de X, asegurando que la deuda que genera el subsidio al di\u00e9sel \u201cafecta a los m\u00e1s pobres\u201d, rengl\u00f3n seguido dijo: \u201cNo podemos mantener el di\u00e9sel congelado porque la deuda que se genera afecta a los m\u00e1s pobres, que dejan de tener recursos presupuestales para calmar el hambre y educarse\u201d.<\/p>\n<p style=\"text-align: justify;\">En medio de las controversias que se han generado por el anuncio del aumento del precio del ACPM, el Gobierno de Gustavo Petro entreg\u00f3 una raz\u00f3n por la que se presuntamente debe llevarse a cabo y es para reducir el d\u00e9ficit fiscal que tiene el Estado al subsidiar este combustible con el Fondo de Estabilizaci\u00f3n de Precios.<\/p>\n<p style=\"text-align: justify;\">El jefe de Estado, en medio de una explicaci\u00f3n indic\u00f3 que es necesario que desde su gobierno se apoye al gremio de los transportadores.<\/p>\n<p style=\"text-align: justify;\">\u201cEl Ministerio de Transporte debe ayudar a los transportadores en general a pasar a alternativas de energ\u00eda m\u00e1s limpias y baratas. Una atenci\u00f3n muy especial al peque\u00f1o camionero independiente que debe ser protegido como se hizo con los taxistas y la elevaci\u00f3n del precio de la gasolina\u201d, indic\u00f3 el presidente Gustavo Petro.<\/p>\n<p>&nbsp;<\/p>\n<p>Fuente: IFM<\/p>\n","protected":false},"excerpt":{"rendered":"<p>Luego del anuncio hecho por el Ministerio de Hacienda, que desde hoy 31 de agosto<\/p>\n","protected":false},"author":4,"featured_media":24717,"comment_status":"open","ping_status":"open","sticky":false,"template":"","format":"standard","meta":{"footnotes":""},"categories":[16],"tags":[],"class_list":["post-24716","post","type-post","status-publish","format-standard","has-post-thumbnail","hentry","category-internacionales"],"_links":{"self":[{"href":"https:\/\/defrentealaverdad.com\/index.php\/wp-json\/wp\/v2\/posts\/24716","targetHints":{"allow":["GET"]}}],"collection":[{"href":"https:\/\/defrentealaverdad.com\/index.php\/wp-json\/wp\/v2\/posts"}],"about":[{"href":"https:\/\/defrentealaverdad.com\/index.php\/wp-json\/wp\/v2\/types\/post"}],"author":[{"embeddable":true,"href":"https:\/\/defrentealaverdad.com\/index.php\/wp-json\/wp\/v2\/users\/4"}],"replies":[{"embeddable":true,"href":"https:\/\/defrentealaverdad.com\/index.php\/wp-json\/wp\/v2\/comments?post=24716"}],"version-history":[{"count":1,"href":"https:\/\/defrentealaverdad.com\/index.php\/wp-json\/wp\/v2\/posts\/24716\/revisions"}],"predecessor-version":[{"id":24718,"href":"https:\/\/defrentealaverdad.com\/index.php\/wp-json\/wp\/v2\/posts\/24716\/revisions\/24718"}],"wp:featuredmedia":[{"embeddable":true,"href":"https:\/\/defrentealaverdad.com\/index.php\/wp-json\/wp\/v2\/media\/24717"}],"wp:attachment":[{"href":"https:\/\/defrentealaverdad.com\/index.php\/wp-json\/wp\/v2\/media?parent=24716"}],"wp:term":[{"taxonomy":"category","embeddable":true,"href":"https:\/\/defrentealaverdad.com\/index.php\/wp-json\/wp\/v2\/categories?post=24716"},{"taxonomy":"post_tag","embeddable":true,"href":"https:\/\/defrentealaverdad.com\/index.php\/wp-json\/wp\/v2\/tags?post=24716"}],"curies":[{"name":"wp","href":"https:\/\/api.w.org\/{rel}","templated":true}]}}