{"id":24704,"date":"2024-08-31T20:05:49","date_gmt":"2024-08-31T20:05:49","guid":{"rendered":"https:\/\/defrentealaverdad.com\/?p=24704"},"modified":"2024-08-31T20:05:49","modified_gmt":"2024-08-31T20:05:49","slug":"comision-tecnica-de-apordom-realiza-visita-al-muelle-de-sanchez-con-fines-de-mantener-optimas-estas-instalaciones","status":"publish","type":"post","link":"https:\/\/defrentealaverdad.com\/index.php\/2024\/08\/31\/comision-tecnica-de-apordom-realiza-visita-al-muelle-de-sanchez-con-fines-de-mantener-optimas-estas-instalaciones\/","title":{"rendered":"Comisi\u00f3n T\u00e9cnica de APORDOM realiza visita al muelle de S\u00e1nchez con fines de mantener \u00f3ptimas estas instalaciones"},"content":{"rendered":"<p style=\"text-align: justify;\">Luego de un reportaje que publicamos est\u00e1 semana sobre la visita de supervisi\u00f3n de la Gobernadora Probincial de Saman\u00e1 Licda. Teodora Mullix dejando entrever algunas zonas del muelle que necesitan mantenimiento para que as\u00ed de esta manera la vida \u00fatil de la estructura pueda extender su existencia.<\/p>\n<p style=\"text-align: justify;\">Se presentaron a este muelle la comisi\u00f3n de la Unidad de Servicios Generales y la Direcci\u00f3n de Ingenier\u00eda, quienes estuvieron recorriendo y supervisando el Muelle Tur\u00edstico y Pesquero de S\u00e1nchez, para asegurar que se mantenga en \u00f3ptimas condiciones. Durante la visita dicha comisi\u00f3n se reuni\u00f3 con el alcalde, Ynocencio de Jes\u00fas Calca\u00f1o, y con los pescadores locales.<\/p>\n<p style=\"text-align: justify;\">Se realizaron levantamientos con fines de iniciar su previo mantenimiento en los pr\u00f3ximos d\u00edas donde ser\u00e1 intervenido con fines de poder mantener en \u00f3ptimas condiciones est\u00e1s estructuras de tan importante obra y tambi\u00e9n con la intenci\u00f3n de que el mismo sea utilizado por los pescadores de esta zona que vive de la pesca.<\/p>\n<p style=\"text-align: justify;\">Este muelle se ha convertido en uno de los principales atractivos de la comunidad el cual es visitado por personas que residen en este municipio al igual que de diferentes demarcaciones del pais, siendo un motor de desarrollo para S\u00e1nchez y todos sus habitantes.<\/p>\n<p>&nbsp;<\/p>\n<p>Fuente: Prensa APORDOM<\/p>\n","protected":false},"excerpt":{"rendered":"<p>Luego de un reportaje que publicamos est\u00e1 semana sobre la visita de supervisi\u00f3n de la<\/p>\n","protected":false},"author":4,"featured_media":24705,"comment_status":"open","ping_status":"open","sticky":false,"template":"","format":"standard","meta":{"footnotes":""},"categories":[7],"tags":[],"class_list":["post-24704","post","type-post","status-publish","format-standard","has-post-thumbnail","hentry","category-nacionales"],"_links":{"self":[{"href":"https:\/\/defrentealaverdad.com\/index.php\/wp-json\/wp\/v2\/posts\/24704","targetHints":{"allow":["GET"]}}],"collection":[{"href":"https:\/\/defrentealaverdad.com\/index.php\/wp-json\/wp\/v2\/posts"}],"about":[{"href":"https:\/\/defrentealaverdad.com\/index.php\/wp-json\/wp\/v2\/types\/post"}],"author":[{"embeddable":true,"href":"https:\/\/defrentealaverdad.com\/index.php\/wp-json\/wp\/v2\/users\/4"}],"replies":[{"embeddable":true,"href":"https:\/\/defrentealaverdad.com\/index.php\/wp-json\/wp\/v2\/comments?post=24704"}],"version-history":[{"count":1,"href":"https:\/\/defrentealaverdad.com\/index.php\/wp-json\/wp\/v2\/posts\/24704\/revisions"}],"predecessor-version":[{"id":24706,"href":"https:\/\/defrentealaverdad.com\/index.php\/wp-json\/wp\/v2\/posts\/24704\/revisions\/24706"}],"wp:featuredmedia":[{"embeddable":true,"href":"https:\/\/defrentealaverdad.com\/index.php\/wp-json\/wp\/v2\/media\/24705"}],"wp:attachment":[{"href":"https:\/\/defrentealaverdad.com\/index.php\/wp-json\/wp\/v2\/media?parent=24704"}],"wp:term":[{"taxonomy":"category","embeddable":true,"href":"https:\/\/defrentealaverdad.com\/index.php\/wp-json\/wp\/v2\/categories?post=24704"},{"taxonomy":"post_tag","embeddable":true,"href":"https:\/\/defrentealaverdad.com\/index.php\/wp-json\/wp\/v2\/tags?post=24704"}],"curies":[{"name":"wp","href":"https:\/\/api.w.org\/{rel}","templated":true}]}}