{"id":24701,"date":"2024-08-31T20:03:29","date_gmt":"2024-08-31T20:03:29","guid":{"rendered":"https:\/\/defrentealaverdad.com\/?p=24701"},"modified":"2024-08-31T20:03:29","modified_gmt":"2024-08-31T20:03:29","slug":"alcaldia-del-distrito-nacional-realiza-operativo-medico-y-social-en-arroyo-manzano","status":"publish","type":"post","link":"https:\/\/defrentealaverdad.com\/index.php\/2024\/08\/31\/alcaldia-del-distrito-nacional-realiza-operativo-medico-y-social-en-arroyo-manzano\/","title":{"rendered":"Alcald\u00eda del Distrito Nacional realiza operativo m\u00e9dico y social en Arroyo Manzano"},"content":{"rendered":"<p style=\"text-align: justify;\">Santo Domingo, DN \u2013 En una muestra de cercan\u00eda, la alcaldesa Carolina Mej\u00eda encabez\u00f3 el operativo m\u00e9dico y social en el sector Arroyo Manzano, como continuaci\u00f3n del programa La Alcald\u00eda Llega a Ti.<\/p>\n<p style=\"text-align: justify;\">El operativo se llev\u00f3 a cabo en la Escuela B\u00e1sica Profesora Carmen P\u00e9rez, en la Carretera La Isabela, donde autoridades municipales acompa\u00f1aron a residentes de sector y zonas aleda\u00f1as.<\/p>\n<blockquote>\n<p style=\"text-align: justify;\">\u201cPara m\u00ed es enorme la satisfacci\u00f3n de estar aqu\u00ed atendi\u00e9ndolos. Tenemos much\u00edsimas cosas que hacer, como hablamos el martes, pero tengan la certeza que junto a nuestros regidores y a ese equipazo que me acompa\u00f1a en la alcald\u00eda, nosotros estaremos d\u00e1ndole respuestas a esas inquietudes\u201d, expres\u00f3 la alcaldesa.<\/p>\n<\/blockquote>\n<p style=\"text-align: justify;\">Los moradores del sector ubicado en la circunscripci\u00f3n dos fueron beneficiados con consultas, medicamentos, vacunas, raciones alimenticias y canastillas para embarazadas.<\/p>\n<p style=\"text-align: justify;\">El pasado martes se celebr\u00f3 un encuentro en el que tanto la ejecutiva municipal, como varios directos y regidores, escucharon las solicitudes de los ciudadanos de Fundaci\u00f3n, Arroyo Manzano, La Isabela, El Manzano, Buena Vista de Arroyo Hondo y Puerto de Hierro.<\/p>\n<p style=\"text-align: justify;\">Bajo las directrices de Mej\u00eda, brigadas del ayuntamiento iniciaron el levantamiento y las ejecutorias para dar soluciones a estas peticiones, lo cual se traduce en bienestar para los residentes.<\/p>\n<p>Fuente: Prensa ADN<\/p>\n","protected":false},"excerpt":{"rendered":"<p>Santo Domingo, DN \u2013 En una muestra de cercan\u00eda, la alcaldesa Carolina Mej\u00eda encabez\u00f3 el<\/p>\n","protected":false},"author":4,"featured_media":24702,"comment_status":"open","ping_status":"open","sticky":false,"template":"","format":"standard","meta":{"footnotes":""},"categories":[7],"tags":[],"class_list":["post-24701","post","type-post","status-publish","format-standard","has-post-thumbnail","hentry","category-nacionales"],"_links":{"self":[{"href":"https:\/\/defrentealaverdad.com\/index.php\/wp-json\/wp\/v2\/posts\/24701","targetHints":{"allow":["GET"]}}],"collection":[{"href":"https:\/\/defrentealaverdad.com\/index.php\/wp-json\/wp\/v2\/posts"}],"about":[{"href":"https:\/\/defrentealaverdad.com\/index.php\/wp-json\/wp\/v2\/types\/post"}],"author":[{"embeddable":true,"href":"https:\/\/defrentealaverdad.com\/index.php\/wp-json\/wp\/v2\/users\/4"}],"replies":[{"embeddable":true,"href":"https:\/\/defrentealaverdad.com\/index.php\/wp-json\/wp\/v2\/comments?post=24701"}],"version-history":[{"count":1,"href":"https:\/\/defrentealaverdad.com\/index.php\/wp-json\/wp\/v2\/posts\/24701\/revisions"}],"predecessor-version":[{"id":24703,"href":"https:\/\/defrentealaverdad.com\/index.php\/wp-json\/wp\/v2\/posts\/24701\/revisions\/24703"}],"wp:featuredmedia":[{"embeddable":true,"href":"https:\/\/defrentealaverdad.com\/index.php\/wp-json\/wp\/v2\/media\/24702"}],"wp:attachment":[{"href":"https:\/\/defrentealaverdad.com\/index.php\/wp-json\/wp\/v2\/media?parent=24701"}],"wp:term":[{"taxonomy":"category","embeddable":true,"href":"https:\/\/defrentealaverdad.com\/index.php\/wp-json\/wp\/v2\/categories?post=24701"},{"taxonomy":"post_tag","embeddable":true,"href":"https:\/\/defrentealaverdad.com\/index.php\/wp-json\/wp\/v2\/tags?post=24701"}],"curies":[{"name":"wp","href":"https:\/\/api.w.org\/{rel}","templated":true}]}}