{"id":24695,"date":"2024-08-31T18:40:42","date_gmt":"2024-08-31T18:40:42","guid":{"rendered":"https:\/\/defrentealaverdad.com\/?p=24695"},"modified":"2024-08-31T18:40:42","modified_gmt":"2024-08-31T18:40:42","slug":"reconocimiento-al-gerente-del-banco-agricola-en-asamblea-de-coopamupa","status":"publish","type":"post","link":"https:\/\/defrentealaverdad.com\/index.php\/2024\/08\/31\/reconocimiento-al-gerente-del-banco-agricola-en-asamblea-de-coopamupa\/","title":{"rendered":"Reconocimiento al Gerente del Banco Agr\u00edcola en Asamblea de COOPAMUPA"},"content":{"rendered":"<p style=\"text-align: justify;\">Barahona Paraiso,\u00a0 agosto de 2024. Durante la asamblea de la Cooperativa Agropecuaria de Servicios M\u00faltiples del Municipio de Para\u00edso (COOPAMUPA), realizada el 31\/08\/2024, el Ing. y Pastor Jorge Ernesto B\u00e1ez, Gerente del Banco Agr\u00edcola, recibi\u00f3 un merecido reconocimiento por su destacada labor desde su nombramiento hasta la fecha. Este homenaje fue otorgado en honor a los significativos servicios y contribuciones que ha brindado al sector agr\u00edcola, fortaleciendo la gesti\u00f3n financiera y apoyando el desarrollo de los productores locales.<\/p>\n<p style=\"text-align: justify;\">En el evento, que cont\u00f3 con la participaci\u00f3n de diversos actores clave del sector agropecuario, estuvieron presentes directivos del Instituto de Desarrollo y Cr\u00e9dito Cooperativo (IDECOOP), representantes del Ministerio de Agricultura, altos ejecutivos del Banco Agr\u00edcola, as\u00ed como los socios de COOPAMUPA. La asamblea se desarroll\u00f3 en un ambiente de camarader\u00eda y profesionalismo, reflejando el compromiso de todos los presentes con el avance y bienestar de la comunidad agropecuaria.<\/p>\n<p style=\"text-align: justify;\">El reconocimiento fue entregado al Ing. y Pastor Jorge Ernesto B\u00e1ez en una ceremonia que subray\u00f3 la importancia de la cooperaci\u00f3n entre las distintas entidades del sector para el logro de objetivos comunes, destacando la visi\u00f3n y liderazgo del homenajeado en su gesti\u00f3n al frente del Banco Agr\u00edcola.<\/p>\n<p style=\"text-align: justify;\">COOPAMUPA reafirm\u00f3 su compromiso de seguir trabajando de la mano con instituciones p\u00fablicas y privadas para continuar impulsando el desarrollo sostenible del municipio de Para\u00edso y sus \u00e1reas rurales.<\/p>\n<p>&nbsp;<\/p>\n<p>Fuente: COOPAMUPA<\/p>\n<p>&nbsp;<\/p>\n<p>&nbsp;<\/p>\n","protected":false},"excerpt":{"rendered":"<p>Barahona Paraiso,\u00a0 agosto de 2024. Durante la asamblea de la Cooperativa Agropecuaria de Servicios M\u00faltiples<\/p>\n","protected":false},"author":1,"featured_media":24696,"comment_status":"open","ping_status":"open","sticky":false,"template":"","format":"standard","meta":{"footnotes":""},"categories":[7],"tags":[],"class_list":["post-24695","post","type-post","status-publish","format-standard","has-post-thumbnail","hentry","category-nacionales"],"_links":{"self":[{"href":"https:\/\/defrentealaverdad.com\/index.php\/wp-json\/wp\/v2\/posts\/24695","targetHints":{"allow":["GET"]}}],"collection":[{"href":"https:\/\/defrentealaverdad.com\/index.php\/wp-json\/wp\/v2\/posts"}],"about":[{"href":"https:\/\/defrentealaverdad.com\/index.php\/wp-json\/wp\/v2\/types\/post"}],"author":[{"embeddable":true,"href":"https:\/\/defrentealaverdad.com\/index.php\/wp-json\/wp\/v2\/users\/1"}],"replies":[{"embeddable":true,"href":"https:\/\/defrentealaverdad.com\/index.php\/wp-json\/wp\/v2\/comments?post=24695"}],"version-history":[{"count":1,"href":"https:\/\/defrentealaverdad.com\/index.php\/wp-json\/wp\/v2\/posts\/24695\/revisions"}],"predecessor-version":[{"id":24697,"href":"https:\/\/defrentealaverdad.com\/index.php\/wp-json\/wp\/v2\/posts\/24695\/revisions\/24697"}],"wp:featuredmedia":[{"embeddable":true,"href":"https:\/\/defrentealaverdad.com\/index.php\/wp-json\/wp\/v2\/media\/24696"}],"wp:attachment":[{"href":"https:\/\/defrentealaverdad.com\/index.php\/wp-json\/wp\/v2\/media?parent=24695"}],"wp:term":[{"taxonomy":"category","embeddable":true,"href":"https:\/\/defrentealaverdad.com\/index.php\/wp-json\/wp\/v2\/categories?post=24695"},{"taxonomy":"post_tag","embeddable":true,"href":"https:\/\/defrentealaverdad.com\/index.php\/wp-json\/wp\/v2\/tags?post=24695"}],"curies":[{"name":"wp","href":"https:\/\/api.w.org\/{rel}","templated":true}]}}