{"id":24692,"date":"2024-08-31T18:37:15","date_gmt":"2024-08-31T18:37:15","guid":{"rendered":"https:\/\/defrentealaverdad.com\/?p=24692"},"modified":"2024-08-31T23:05:02","modified_gmt":"2024-08-31T23:05:02","slug":"jornada-de-inclusion-social-primero-tu-del-propeep-llega-al-municipio-de-sanchez-la-manana-de-este-sabado","status":"publish","type":"post","link":"https:\/\/defrentealaverdad.com\/index.php\/2024\/08\/31\/jornada-de-inclusion-social-primero-tu-del-propeep-llega-al-municipio-de-sanchez-la-manana-de-este-sabado\/","title":{"rendered":"Jornada de inclusi\u00f3n Social \u201cPrimero T\u00fa\u201d del Propeep llega al municipio de S\u00e1nchez la ma\u00f1ana de este s\u00e1bado"},"content":{"rendered":"<p style=\"text-align: justify;\">S\u00e1nchez, Saman\u00e1. \u2013 La Jornada de Inclusi\u00f3n Social \u201cPrimero T\u00fa\u201d que realiza el Gobierno a trav\u00e9s de la Direcci\u00f3n General de Proyectos Estrat\u00e9gicos y Especiales de la Presidencia (Propeep), lleg\u00f3 este s\u00e1bado al municipio de S\u00e1nchez en esta provincia de Saman\u00e1 y benefici\u00f3 a m\u00e1s de mil personas en condiciones de vulnerabilidad y extrema pobreza.<\/p>\n<p style=\"text-align: justify;\">Durante la misma fueron registradas decenas de personas que recibir\u00e1n las tarjetas del seguro de salud Senasa y pensiones solidarias.<\/p>\n<p style=\"text-align: justify;\">En esta jornada que fue encabezada por Roberto Angel Salcedo director del Propeep, recibieron servicios y asistencia m\u00e9dica y social decenas de mujeres, algunas embarazadas, envejecientes, discapacitados, adultos mayores, j\u00f3venes y ni\u00f1os.<\/p>\n<p style=\"text-align: justify;\">Adem\u00e1s, se brind\u00f3 asistencia de salud, a trav\u00e9s del Servicio Nacional de Salud (SNS) y del Seguro Nacional de Salud (Senasa). Se dieron servicios odontol\u00f3gicos, se hizo registro de personas para declaraciones tard\u00edas y se entregaron cientos de raciones alimenticias y crudas, distribuidas por los Comedores Econ\u00f3micos y el Instituto Nacional de Estabilizaci\u00f3n de Precios (INESPRE) y otras instituciones del gobierno.<\/p>\n<p>Roberto Angel Salcedo, al hablar en el acto realizado a pesar de las lluvias generadas por el paso de una onda tropical que afecta al pa\u00eds, destac\u00f3 el inter\u00e9s del presidente Luis Abinader, de mejorar las condiciones de pobreza y de vida de la poblaci\u00f3n dominicana, sin importar banderas pol\u00edticas.<\/p>\n<p style=\"text-align: justify;\">Las palabras de bienvenida estuvieron a cargo de la Diputada Carmen Lidia Williams, donde estuvieron presentes en la fila de honor, la vicealcaldesa Mariel Rodr\u00edguez, en representaci\u00f3n del alcalde Ynocencio de Jes\u00fas Calca\u00f1o el Licdo. Ellis Carrasco D\u00edaz, la Directora Provincial de Salud Dra. Desgracia Ram\u00f3n, entre otros funcionarios que se encontraban presentes en esta importante actividad.<\/p>\n<p>Fuente: Prensa PROPEEP<\/p>\n","protected":false},"excerpt":{"rendered":"<p>S\u00e1nchez, Saman\u00e1. \u2013 La Jornada de Inclusi\u00f3n Social \u201cPrimero T\u00fa\u201d que realiza el Gobierno a<\/p>\n","protected":false},"author":1,"featured_media":24693,"comment_status":"open","ping_status":"open","sticky":false,"template":"","format":"standard","meta":{"footnotes":""},"categories":[7],"tags":[],"class_list":["post-24692","post","type-post","status-publish","format-standard","has-post-thumbnail","hentry","category-nacionales"],"_links":{"self":[{"href":"https:\/\/defrentealaverdad.com\/index.php\/wp-json\/wp\/v2\/posts\/24692","targetHints":{"allow":["GET"]}}],"collection":[{"href":"https:\/\/defrentealaverdad.com\/index.php\/wp-json\/wp\/v2\/posts"}],"about":[{"href":"https:\/\/defrentealaverdad.com\/index.php\/wp-json\/wp\/v2\/types\/post"}],"author":[{"embeddable":true,"href":"https:\/\/defrentealaverdad.com\/index.php\/wp-json\/wp\/v2\/users\/1"}],"replies":[{"embeddable":true,"href":"https:\/\/defrentealaverdad.com\/index.php\/wp-json\/wp\/v2\/comments?post=24692"}],"version-history":[{"count":1,"href":"https:\/\/defrentealaverdad.com\/index.php\/wp-json\/wp\/v2\/posts\/24692\/revisions"}],"predecessor-version":[{"id":24694,"href":"https:\/\/defrentealaverdad.com\/index.php\/wp-json\/wp\/v2\/posts\/24692\/revisions\/24694"}],"wp:featuredmedia":[{"embeddable":true,"href":"https:\/\/defrentealaverdad.com\/index.php\/wp-json\/wp\/v2\/media\/24693"}],"wp:attachment":[{"href":"https:\/\/defrentealaverdad.com\/index.php\/wp-json\/wp\/v2\/media?parent=24692"}],"wp:term":[{"taxonomy":"category","embeddable":true,"href":"https:\/\/defrentealaverdad.com\/index.php\/wp-json\/wp\/v2\/categories?post=24692"},{"taxonomy":"post_tag","embeddable":true,"href":"https:\/\/defrentealaverdad.com\/index.php\/wp-json\/wp\/v2\/tags?post=24692"}],"curies":[{"name":"wp","href":"https:\/\/api.w.org\/{rel}","templated":true}]}}