{"id":2469,"date":"2022-12-12T14:02:36","date_gmt":"2022-12-12T14:02:36","guid":{"rendered":"https:\/\/defrentealaverdad.com\/?p=2469"},"modified":"2022-12-12T14:02:44","modified_gmt":"2022-12-12T14:02:44","slug":"movimiento-punto-de-encuentro-estudiantil-entrega-premio","status":"publish","type":"post","link":"https:\/\/defrentealaverdad.com\/index.php\/2022\/12\/12\/movimiento-punto-de-encuentro-estudiantil-entrega-premio\/","title":{"rendered":"Movimiento Punto De Encuentro Estudiantil Entrega Premio"},"content":{"rendered":"<p style=\"text-align: justify;\"><em>Santo Domingo &#8211;<\/em> En medio de un ambiente de alegr\u00eda y mucho entusiasmo, el Movimiento Punto de Encuentro Estudiantil celebr\u00f3 su acostumbrada fiesta de Navidad.<\/p>\n<p style=\"text-align: justify;\">Con el objetivo de celebrar la navidad a sus miembros y unificar las generaciones de la organizaci\u00f3n, Punto de Encuentro cerr\u00f3 el a\u00f1o 2022 con la celebraci\u00f3n de la fiesta navide\u00f1a, en donde se disfrut\u00f3 de grandes sorpresas y actuaciones art\u00edsticas.<\/p>\n<p style=\"text-align: justify;\">La celebraci\u00f3n inicio con unas palabras de bienvenida de Jhonathan Mateo y al mismo tiempo ofreci\u00f3 detalles de los logros obtenidos durante el a\u00f1o a favor de los estudiantes universitarios y el pa\u00eds.<\/p>\n<p style=\"text-align: justify;\">Esta celebraci\u00f3n cont\u00f3 con la presencia de Efra\u00edn Marte, Victor Ogando, Roc\u00edo Luna, Stalin Nu\u00f1ez, Leonel Acosta Marte y Malady Sosa, destacados fundadores de la organizaci\u00f3n.<\/p>\n","protected":false},"excerpt":{"rendered":"<p>Santo Domingo &#8211; En medio de un ambiente de alegr\u00eda y mucho entusiasmo, el Movimiento<\/p>\n","protected":false},"author":1,"featured_media":0,"comment_status":"open","ping_status":"open","sticky":false,"template":"","format":"standard","meta":{"footnotes":""},"categories":[7],"tags":[],"class_list":["post-2469","post","type-post","status-publish","format-standard","hentry","category-nacionales"],"_links":{"self":[{"href":"https:\/\/defrentealaverdad.com\/index.php\/wp-json\/wp\/v2\/posts\/2469","targetHints":{"allow":["GET"]}}],"collection":[{"href":"https:\/\/defrentealaverdad.com\/index.php\/wp-json\/wp\/v2\/posts"}],"about":[{"href":"https:\/\/defrentealaverdad.com\/index.php\/wp-json\/wp\/v2\/types\/post"}],"author":[{"embeddable":true,"href":"https:\/\/defrentealaverdad.com\/index.php\/wp-json\/wp\/v2\/users\/1"}],"replies":[{"embeddable":true,"href":"https:\/\/defrentealaverdad.com\/index.php\/wp-json\/wp\/v2\/comments?post=2469"}],"version-history":[{"count":2,"href":"https:\/\/defrentealaverdad.com\/index.php\/wp-json\/wp\/v2\/posts\/2469\/revisions"}],"predecessor-version":[{"id":2471,"href":"https:\/\/defrentealaverdad.com\/index.php\/wp-json\/wp\/v2\/posts\/2469\/revisions\/2471"}],"wp:attachment":[{"href":"https:\/\/defrentealaverdad.com\/index.php\/wp-json\/wp\/v2\/media?parent=2469"}],"wp:term":[{"taxonomy":"category","embeddable":true,"href":"https:\/\/defrentealaverdad.com\/index.php\/wp-json\/wp\/v2\/categories?post=2469"},{"taxonomy":"post_tag","embeddable":true,"href":"https:\/\/defrentealaverdad.com\/index.php\/wp-json\/wp\/v2\/tags?post=2469"}],"curies":[{"name":"wp","href":"https:\/\/api.w.org\/{rel}","templated":true}]}}