{"id":24629,"date":"2024-08-30T23:32:00","date_gmt":"2024-08-30T23:32:00","guid":{"rendered":"https:\/\/defrentealaverdad.com\/?p=24629"},"modified":"2024-08-30T23:32:07","modified_gmt":"2024-08-30T23:32:07","slug":"24629","status":"publish","type":"post","link":"https:\/\/defrentealaverdad.com\/index.php\/2024\/08\/30\/24629\/","title":{"rendered":"Dise\u00f1ador de modas Fara\u00f3n conquista Rusia"},"content":{"rendered":"<blockquote>\n<p style=\"text-align: justify;\"><em>Francisco Rodr\u00edguez, Fara\u00f3n, es el primer dise\u00f1ador de modas dominicano en presentar sus dise\u00f1os en el pa\u00eds m\u00e1s extenso del mundo.\u00a0<\/em><\/p>\n<\/blockquote>\n<p style=\"text-align: justify;\">Rusia. Debido a su arduo trabajo en la promoci\u00f3n de la Chacabana, Fara\u00f3n fue seleccionado para representar a la Rep\u00fablica Dominicana en el \u201cFestival de Cultura de Latinoam\u00e9rica y el Caribe\u201d, que organiza cada a\u00f1o el gobierno de Rusia, con el objetivo de estrechar las relaciones de amistad que existen entre las naciones latinoamericanas y Rusia.<\/p>\n<p style=\"text-align: justify;\">En el marco del referido festival, celebrado en la ciudad de Mosc\u00fa, Rusia recientemente, donde se llevaron a cabo dos importantes eventos como fueron un desfile de moda, en el parque Jard\u00edn del Hermitage de Mosc\u00fa; con el apoyo del Departamento de Relaciones Econ\u00f3micas Exteriores e Internacionales de Mosc\u00fa y las Embajadas de los pa\u00edses participantes.<\/p>\n<p style=\"text-align: justify;\">Asimismo, un desfile de moda, presentado en el prestigioso evento \u201cSabores y Estilo de la Rep\u00fablica Dominicana\u201d, organizado por la Embajada Dominicana en la Federaci\u00f3n de Rusia.<\/p>\n<p style=\"text-align: justify;\">El tambi\u00e9n \u00fanico hasta el momento, dise\u00f1ador de chabacanas que ha expuesto sus dise\u00f1os simult\u00e1neamente en Par\u00eds y Mil\u00e1n, estuvo presente en una ceremonia especial dirigida a empresarios rusos, organizada por la Embajada Dominicana. Estos eventos, presididos por el excelent\u00edsimo embajador Alejandro Arias Zarzuela, permitieron mostrar la elegancia y sofisticaci\u00f3n de estas singulares prendas, a una audiencia de alto prestigio, compuesta por funcionarios del gobierno ruso y destacados miembros del sector empresarial.<\/p>\n<p style=\"text-align: justify;\">En adici\u00f3n, el artesano de la moda expuso su colecci\u00f3n en un tercer desfile de modas, desarrollado dentro del Festival \u201cModa y Dise\u00f1o a trav\u00e9s de los Continentes\u201d, realizado en el Museo-Reserva Estatal de S. A. Yesenin en Konstantinovo. Dicho festival fue coordinado por el Ministerio Econ\u00f3mico y la Agencia Empresarial de la Regi\u00f3n de Riaz\u00e1n, en colaboraci\u00f3n con la Casa de Am\u00e9rica Latina, con sede en Mosc\u00fa, Rusia.<\/p>\n<p style=\"text-align: justify;\">Cabe destacar que, en cada una de estas actividades, Fara\u00f3n se destac\u00f3 brillantemente, con su colecci\u00f3n \u201cDominicanidad Tropical e Invierno Ruso\u201d.<\/p>\n<p style=\"text-align: justify;\">\u201cInspirada en los or\u00edgenes \u00e9tnicos de la Rep\u00fablica Dominicana, como son los Petroglifos Ta\u00ednos y la Rosa de Bayah\u00edbe, la flor nacional; dicha colecci\u00f3n fue confeccionada en lino y elaboradas a mano, con bordados en hilos y pedrer\u00edas artesanales; as\u00ed como en algodones brocados, con aplicaciones bordadas y sublimaciones, cuyas texturas mixtas simbolizan la crudeza del invierno ruso, condici\u00f3n que logr\u00f3 derrotar a Napole\u00f3n\u201d destac\u00f3 Fara\u00f3n.<\/p>\n<p style=\"text-align: justify;\">La exhibici\u00f3n de las chacabanas, se distingui\u00f3 entre los productos exportables dominicanos, como son el tabaco y el ron.<\/p>\n<p style=\"text-align: justify;\">Chacabanas Fara\u00f3n, en la persona de su CEO, Francisco Rodr\u00edguez, se enorgullece de ser embajador de la moda dominicana llevando una muestra del estilo y la cultura dominicana a Rusia, reafirmando as\u00ed el compromiso de mostrar al mundo la belleza y distinci\u00f3n de nuestra moda.<\/p>\n<p>Fuente: El Observador<\/p>\n","protected":false},"excerpt":{"rendered":"<p>Francisco Rodr\u00edguez, Fara\u00f3n, es el primer dise\u00f1ador de modas dominicano en presentar sus dise\u00f1os en<\/p>\n","protected":false},"author":2,"featured_media":24630,"comment_status":"open","ping_status":"open","sticky":false,"template":"","format":"standard","meta":{"footnotes":""},"categories":[7],"tags":[],"class_list":["post-24629","post","type-post","status-publish","format-standard","has-post-thumbnail","hentry","category-nacionales"],"_links":{"self":[{"href":"https:\/\/defrentealaverdad.com\/index.php\/wp-json\/wp\/v2\/posts\/24629","targetHints":{"allow":["GET"]}}],"collection":[{"href":"https:\/\/defrentealaverdad.com\/index.php\/wp-json\/wp\/v2\/posts"}],"about":[{"href":"https:\/\/defrentealaverdad.com\/index.php\/wp-json\/wp\/v2\/types\/post"}],"author":[{"embeddable":true,"href":"https:\/\/defrentealaverdad.com\/index.php\/wp-json\/wp\/v2\/users\/2"}],"replies":[{"embeddable":true,"href":"https:\/\/defrentealaverdad.com\/index.php\/wp-json\/wp\/v2\/comments?post=24629"}],"version-history":[{"count":2,"href":"https:\/\/defrentealaverdad.com\/index.php\/wp-json\/wp\/v2\/posts\/24629\/revisions"}],"predecessor-version":[{"id":24632,"href":"https:\/\/defrentealaverdad.com\/index.php\/wp-json\/wp\/v2\/posts\/24629\/revisions\/24632"}],"wp:featuredmedia":[{"embeddable":true,"href":"https:\/\/defrentealaverdad.com\/index.php\/wp-json\/wp\/v2\/media\/24630"}],"wp:attachment":[{"href":"https:\/\/defrentealaverdad.com\/index.php\/wp-json\/wp\/v2\/media?parent=24629"}],"wp:term":[{"taxonomy":"category","embeddable":true,"href":"https:\/\/defrentealaverdad.com\/index.php\/wp-json\/wp\/v2\/categories?post=24629"},{"taxonomy":"post_tag","embeddable":true,"href":"https:\/\/defrentealaverdad.com\/index.php\/wp-json\/wp\/v2\/tags?post=24629"}],"curies":[{"name":"wp","href":"https:\/\/api.w.org\/{rel}","templated":true}]}}